{"id":937,"date":"2010-03-28T22:12:44","date_gmt":"2010-03-28T21:12:44","guid":{"rendered":"http:\/\/www.comiteactionpalestine.org\/word\/?p=937"},"modified":"2014-04-16T21:48:21","modified_gmt":"2014-04-16T20:48:21","slug":"la-journee-de-la-terre-symbole-international-de-la-lutte-contre-la-colonisation-de-la-palestine","status":"publish","type":"post","link":"https:\/\/www.comiteactionpalestine.org\/word\/la-journee-de-la-terre-symbole-international-de-la-lutte-contre-la-colonisation-de-la-palestine\/","title":{"rendered":"La journ\u00e9e de la terre : symbole international de la lutte contre la colonisation de la Palestine"},"content":{"rendered":"<div class=\"pdfprnt-buttons pdfprnt-buttons-post pdfprnt-top-right\"><a href=\"https:\/\/www.comiteactionpalestine.org\/word\/wp-json\/wp\/v2\/posts\/937?print=pdf\" class=\"pdfprnt-button pdfprnt-button-pdf\" target=\"_blank\"><img decoding=\"async\" src=\"http:\/\/www.comiteactionpalestine.org\/word\/wp-content\/plugins\/pdf-print\/images\/pdf.png\" alt=\"image_pdf\" title=\"Afficher le PDF\" \/><\/a><a href=\"https:\/\/www.comiteactionpalestine.org\/word\/wp-json\/wp\/v2\/posts\/937?print=print\" class=\"pdfprnt-button pdfprnt-button-print\" target=\"_blank\"><img decoding=\"async\" src=\"http:\/\/www.comiteactionpalestine.org\/word\/wp-content\/plugins\/pdf-print\/images\/print.png\" alt=\"image_print\" title=\"Contenu imprim\u00e9\" \/><\/a><\/div><p><a href=\"http:\/\/www.comiteactionpalestine.org\/word\/wp-content\/uploads\/2010\/03\/palestine1900-20001.jpg\"><img fetchpriority=\"high\" decoding=\"async\" class=\"alignright size-full wp-image-1055\" alt=\"palestine1900-2000[1]\" src=\"http:\/\/www.comiteactionpalestine.org\/word\/wp-content\/uploads\/2010\/03\/palestine1900-20001.jpg\" width=\"600\" height=\"400\" srcset=\"https:\/\/www.comiteactionpalestine.org\/word\/wp-content\/uploads\/2010\/03\/palestine1900-20001.jpg 600w, https:\/\/www.comiteactionpalestine.org\/word\/wp-content\/uploads\/2010\/03\/palestine1900-20001-300x200.jpg 300w, https:\/\/www.comiteactionpalestine.org\/word\/wp-content\/uploads\/2010\/03\/palestine1900-20001-360x240.jpg 360w\" sizes=\"(max-width: 600px) 100vw, 600px\" \/><\/a>Le 30 mars 1976, six Palestiniens de 1948 (c&rsquo;est-\u00e0-dire ceux qui ont pu rester en 1948 apr\u00e8s la cr\u00e9ation par la force de l\u2019Etat d\u2019Isra\u00ebl) \u00e9taient abattus par l\u2019arm\u00e9e d\u2019occupation d\u2019Isra\u00ebl, 96 \u00e9taient bless\u00e9s et 300 autres arr\u00eat\u00e9s. Leur crime ? Avoir manifest\u00e9 contre l\u2019\u00c9tat sioniste qui avait confisqu\u00e9 et d\u00e9clar\u00e9 \u201c zone militaire \u201d 1700 hectares appartenant \u00e0 des villages palestiniens.<\/p>\n<p align=\"justify\">Depuis lors, tous les 30 mars, la \u00ab Journ\u00e9e de la Terre \u00bb comm\u00e9more cet \u00e9v\u00e9nement en Palestine et partout dans le monde o\u00f9 se trouvent les d\u00e9fenseurs des droits du peuple palestinien. <strong>La Journ\u00e9e de la Terre est donc hautement symbolique : elle exprime \u00e0 la fois le refus et la mobilisation contre l\u2019usurpation de la terre qui est l\u2019essence-m\u00eame de la colonisation. <\/strong><\/p>\n<p align=\"justify\">La spoliation des Palestiniens par les sionistes a commenc\u00e9 d\u00e8s la fin du 19<sup>i\u00e8me<\/sup> si\u00e8cle avec l\u2019arriv\u00e9e des premi\u00e8res vagues de colons. En 1948, l\u2019Etat juif nouvellement cr\u00e9e sous les auspices de l\u2019ONU expulsa 800 000 Palestiniens et d\u00e9truisit plus de 500 villages. La majeure partie des terres palestiniennes fut confisqu\u00e9e dans la perspective de fonder le \u00ab Grand Isra\u00ebl \u00bb. D\u00e8s lors, cette politique de confiscation des terres arabes en vue de juda\u00efser la Palestine s\u2019est poursuivie sans rel\u00e2che, utilisant comme moyens les crimes de masses, les assassinats de leaders politiques ou les emprisonnements de r\u00e9sistants. La colonisation de toute la Palestine est inscrite au c\u0153ur du projet sioniste ! <strong>La ville d&rsquo;Al Quds est le lieu o\u00f9 se concentre la lutte entre les forces antagonistes de colonisation et de r\u00e9sistance. La colonisation actuelle des quartiers-est de la ville, leur \u00e9puration ethnique et l&rsquo;entreprise de d\u00e9molition du 3<sup>i\u00e8me<\/sup> lieu saint des Musulmans ont d\u00e9j\u00e0 conduit \u00e0 la r\u00e9volte des Palestiniens et ouvrent sans doute la voie \u00e0 une violente 3<sup>i\u00e8me<\/sup> intifada.<\/strong><\/p>\n<p align=\"justify\">Ce soul\u00e8vement s\u2019inscrit dans une longue tradition de lutte du peuple palestinien face \u00e0 cette monumentale entreprise d\u2019an\u00e9antissement de sa soci\u00e9t\u00e9. M\u00eame si les difficult\u00e9s furent \u00e9normes, m\u00eame si Isra\u00ebl est l\u2019un des \u00c9tats les mieux arm\u00e9s du monde, m\u00eame s\u2019il a \u00e9t\u00e9 toujours \u00e9t\u00e9 soutenu par les puissances occidentales (Angleterre, France puis \u00c9tats-Unis, Europe), la r\u00e9sistance palestinienne a r\u00e9ussi \u00e0 contrecarrer la volont\u00e9 expansionniste d\u2019Isra\u00ebl. L\u2019\u00e9vacuation de Gaza en 2005, si elle fut pr\u00e9sent\u00e9e par les dirigeants criminels d\u2019Isra\u00ebl comme un retrait tactique, n\u2019en constitue pas moins pour eux un \u00e9chec. En effet, ce territoire \u00e9tait devenu ing\u00e9rable pour les sionistes en raison de l\u2019intensit\u00e9 et de la pugnacit\u00e9 de la r\u00e9sistance du peuple palestinien. <strong>Le processus d&rsquo;expansion d&rsquo;Isra\u00ebl qui a culmin\u00e9 avec l\u2019occupation de toute la Palestine en 1967, du Golan syrien et du Sina\u00ef \u00e9gyptien, est entr\u00e9 en d\u00e9liquescence avec la lib\u00e9ration de Gaza.<\/strong><\/p>\n<p align=\"justify\">Et ce n\u2019est pas la seule d\u00e9faite encaiss\u00e9e par les sionistes dans la r\u00e9gion. Car depuis 2005, l\u2019arm\u00e9e des colonisateurs juifs va de d\u00e9boires en d\u00e9confitures. En 2006, l\u2019arm\u00e9e isra\u00e9lienne a d\u00fb aussi se retirer du Sud-Liban face \u00e0 la d\u00e9termination de la r\u00e9sistance libanaise organis\u00e9e par le Hezbollah. Six ans auparavant d\u00e9j\u00e0, les soldats de l&rsquo;entit\u00e9 sioniste durent quitter dans la d\u00e9bandade la plus absolue le Liban apr\u00e8s 18 ann\u00e9es d&rsquo;occupation. <strong>L<\/strong><strong>e mythe de l&rsquo;invincibilit\u00e9 de l&rsquo;\u00c9tat sioniste a vol\u00e9 en \u00e9clats, malgr\u00e9 les discours \u00e9cul\u00e9s des m\u00e9dias occidentaux qui s\u2019ing\u00e9nient \u00e0 nous pr\u00e9senter Isra\u00ebl comme un agent de paix r\u00e9gionale et les r\u00e9sistants islamistes comme des terroristes<\/strong>. La soi-disant paix, toujours promise, jamais r\u00e9alis\u00e9e en raison de la nature guerri\u00e8re et coloniale de l&rsquo;\u00c9tat isra\u00e9lien, ne fait plus recette aupr\u00e8s du peuple palestinien qui a \u00e9lu, toujours en 2006, le Hamas aux plus hautes fonctions dans le but de continuer la lutte de lib\u00e9ration nationale. Ces \u00e9lections constitu\u00e8rent aussi une am\u00e8re d\u00e9faite politique pour l&rsquo;\u00c9tat terroriste d\u2019Isra\u00ebl qui comptait sur une Autorit\u00e9 palestinienne conciliante, inf\u00e9od\u00e9e, pour mener \u00e0 bien sa politique coloniale. En juin 2007, la victoire du Hamas fut parachev\u00e9e \u00e0 Gaza apr\u00e8s la d\u00e9faite militaire inflig\u00e9e aux franges collaboratrices du Fatah qui avaient maniganc\u00e9 avec Isra\u00ebl et les Etats-Unis un plan pour renverser le nouveau pouvoir islamiste. La bataille de Gaza, engag\u00e9e en d\u00e9cembre 2008 pour d\u00e9truire le Hamas et la r\u00e9sistance palestinienne, s&rsquo;est sold\u00e9e par un nouvel \u00e9chec puisque l&rsquo;offensive n&rsquo;a atteint aucun de ses objectifs militaires et politiques.<\/p>\n<p align=\"justify\"><strong>Confront\u00e9 \u00e0 une s\u00e9rie d&rsquo;\u00e9checs successifs, l&rsquo;\u00c9tat isra\u00e9lien per\u00e7oit plus ou moins confus\u00e9ment sa fin prochaine, sa descente aux enfers, et cherche dans des tentatives d\u00e9sesp\u00e9r\u00e9es de retrouver une puissance \u00e0 jamais disparue.<\/strong> Il affame la population de Gaza, il d\u00e9veloppe la colonisation en Cisjordanie, il emprisonne par milliers les militants palestiniens, il op\u00e8re des incursions meurtri\u00e8res, il adopte chaque jour de nouvelles lois racistes pour \u00e9touffer la mobilisation des Palestiniens de 48. Restaurer une puissance \u00e9vanouie et donner des gages de radicalisme fascisant \u00e0 une soci\u00e9t\u00e9 coloniale qui r\u00e9clame toujours plus de r\u00e9pression envers les Palestiniens. La campagne des \u00e9lections l\u00e9gislatives isra\u00e9liennes de 2009 n&rsquo;avait-elle pas pour enjeu l&rsquo;attaque et la destruction de Gaza ? Les sondages n&rsquo;ont-ils pas montr\u00e9 que la population juive d&rsquo;Isra\u00ebl estimait \u00e0 une tr\u00e8s grande majorit\u00e9 qu&rsquo;il fallait poursuivre les bombardements au moment o\u00f9 le gouvernement de Tzipi Livni estimait que la guerre perdue devait trouver un terme ?<\/p>\n<p align=\"justify\"><strong>Plus largement, ces \u00e9checs sont ceux des \u00c9tats occidentaux qui, dans leur tentative de soumettre tout le Moyen-Orient \u00e0 la domination d\u2019Isra\u00ebl et donc \u00e0 la leur, n\u2019ont pas r\u00e9ussi ni \u00e0 d\u00e9sarmer ni \u00e0 contenir les insurrections palestinienne, libanaise, irakienne ou afghane.<\/strong> Au contraire la r\u00e9sistance se trouve aujourd&rsquo;hui renforc\u00e9e par la constitution d&rsquo;un axe moyen-oriental unissant l&rsquo;Iran, la Syrie, le Liban et maintenant la Turquie. Et une nouvelle d\u00e9convenue attend les arm\u00e9es imp\u00e9rialo-sionistes si jamais elles osaient s&rsquo;en prendre au peuple iranien au nom de la lutte contre la prolif\u00e9ration nucl\u00e9aire. Mais cette justification guerri\u00e8re, la m\u00eame qui avait \u00e9t\u00e9 utilis\u00e9e pour envahir l\u2019Irak \u2026, ne doit tromper personne, car s\u2019il devait y avoir d\u00e9sarmement nucl\u00e9aire il devrait commencer d\u2019abord par les \u00c9tats-Unis, Isra\u00ebl et leurs alli\u00e9s occidentaux.<\/p>\n<p align=\"justify\"><strong>En Palestine occup\u00e9e, le peuple Palestinien est toujours debout, uni depuis plus d&rsquo;un si\u00e8cle contre la colonisation et contre cette machine de guerre appel\u00e9e Isra\u00ebl. Il nous indique la voie \u00e0 suivre, la voie de la r\u00e9sistance et de la libert\u00e9.<\/strong><\/p>\n<p align=\"justify\"><strong>Pour le COMITE ACTION PALESTINE , le soutien \u00e0 la cause palestinienne c\u2019est : <\/strong><\/p>\n<blockquote dir=\"ltr\">\n<p align=\"justify\">* La condamnation du sionisme comme mouvement politique colonialiste et raciste.<\/p>\n<p align=\"justify\">* Le soutien inconditionnel \u00e0 la r\u00e9sistance du peuple palestinien et \u00e0 son combat pour son autod\u00e9termination et son ind\u00e9pendance nationale.<\/p>\n<p align=\"justify\">* La reconnaissance du droit inali\u00e9nable au retour de tous les r\u00e9fugi\u00e9s chez eux.<\/p>\n<p align=\"justify\">* La lib\u00e9ration de tous les r\u00e9sistants emprisonn\u00e9s.<\/p>\n<p align=\"justify\">\n<\/blockquote>\n<p dir=\"ltr\" align=\"center\"><strong>Le Comit\u00e9 Action Palestine vous convie \u00e0 deux soir\u00e9es :<\/strong><\/p>\n<table border=\"0\" cellspacing=\"0\" cellpadding=\"1\">\n<tbody>\n<tr>\n<td><img decoding=\"async\" alt=\" \" src=\"http:\/\/www.comiteactionpalestine.org\/modules\/wfsection\/images\/article\/AL-ZATOUNA-400.jpg\" \/><\/td>\n<td>\n<p align=\"center\"><strong><span style=\"color: #ff0000;\">Vendredi 2 avril \u00e0 20h30<\/span> , au centre d\u2019animation du Haut Floirac<\/strong> <strong><br \/>\nComm\u00e9moration de la Journ\u00e9e de la terre en Palestine<\/strong> <span style=\"font-size: large;\"><strong> Danses et musiques traditionnelles <\/strong><strong>avec le groupe palestinien <\/strong><strong>\u00ab M\u00e9moire de notre terre <\/strong><\/span><strong><span style=\"font-size: large;\">\u00bb<\/span><br \/>\n<\/strong><strong>Avec la participation du rappeur \u00ab Fils du B\u00e9ton \u00bb (<\/strong> <strong>Dravemont, tram A arr\u00eat Dravemont)<\/strong><\/p>\n<p align=\"center\"><strong><a href=\"http:\/\/www.comiteactionpalestine.org\/wfsection\/article.php?articleid=66\">Voir notre pr\u00e9sentation<\/a> <\/strong><\/p>\n<\/td>\n<\/tr>\n<tr>\n<td><\/td>\n<td>\n<p align=\"center\"><strong>\u00a0<span style=\"color: #ff0000;\">Vendredi 23 avril \u00e0 20h00<\/span> , Salle du bois fleuri \u00e0 Lormont,<br \/>\nprojection du film de Maryse Gargour<br \/>\n<span style=\"font-size: large;\">La Terre parle arabe<\/span><br \/>\nLe film sera suivi d\u2019un d\u00e9bat avec la r\u00e9alisatrice<\/strong><\/p>\n<\/td>\n<\/tr>\n<\/tbody>\n<\/table>\n","protected":false},"excerpt":{"rendered":"<p>Le 30 mars 1976, six Palestiniens de 1948 (c&rsquo;est-\u00e0-dire ceux qui ont pu rester en 1948 apr\u00e8s la cr\u00e9ation par la force de l\u2019Etat d\u2019Isra\u00ebl) \u00e9taient abattus par l\u2019arm\u00e9e d\u2019occupation d\u2019Isra\u00ebl, 96 \u00e9taient bless\u00e9s et 300 autres arr\u00eat\u00e9s. Leur crime ? Avoir manifest\u00e9 contre l\u2019\u00c9tat sioniste qui avait confisqu\u00e9 et d\u00e9clar\u00e9 \u201c zone militaire \u201d [&hellip;]<\/p>\n","protected":false},"author":1,"featured_media":1055,"comment_status":"closed","ping_status":"closed","sticky":false,"template":"","format":"standard","meta":{"footnotes":""},"categories":[13],"tags":[],"class_list":["post-937","post","type-post","status-publish","format-standard","has-post-thumbnail","hentry","category-imperialisme-resistances"],"views":2928,"_links":{"self":[{"href":"https:\/\/www.comiteactionpalestine.org\/word\/wp-json\/wp\/v2\/posts\/937","targetHints":{"allow":["GET"]}}],"collection":[{"href":"https:\/\/www.comiteactionpalestine.org\/word\/wp-json\/wp\/v2\/posts"}],"about":[{"href":"https:\/\/www.comiteactionpalestine.org\/word\/wp-json\/wp\/v2\/types\/post"}],"author":[{"embeddable":true,"href":"https:\/\/www.comiteactionpalestine.org\/word\/wp-json\/wp\/v2\/users\/1"}],"replies":[{"embeddable":true,"href":"https:\/\/www.comiteactionpalestine.org\/word\/wp-json\/wp\/v2\/comments?post=937"}],"version-history":[{"count":3,"href":"https:\/\/www.comiteactionpalestine.org\/word\/wp-json\/wp\/v2\/posts\/937\/revisions"}],"predecessor-version":[{"id":1057,"href":"https:\/\/www.comiteactionpalestine.org\/word\/wp-json\/wp\/v2\/posts\/937\/revisions\/1057"}],"wp:featuredmedia":[{"embeddable":true,"href":"https:\/\/www.comiteactionpalestine.org\/word\/wp-json\/wp\/v2\/media\/1055"}],"wp:attachment":[{"href":"https:\/\/www.comiteactionpalestine.org\/word\/wp-json\/wp\/v2\/media?parent=937"}],"wp:term":[{"taxonomy":"category","embeddable":true,"href":"https:\/\/www.comiteactionpalestine.org\/word\/wp-json\/wp\/v2\/categories?post=937"},{"taxonomy":"post_tag","embeddable":true,"href":"https:\/\/www.comiteactionpalestine.org\/word\/wp-json\/wp\/v2\/tags?post=937"}],"curies":[{"name":"wp","href":"https:\/\/api.w.org\/{rel}","templated":true}]}}