{"id":931,"date":"2010-10-31T22:06:48","date_gmt":"2010-10-31T21:06:48","guid":{"rendered":"http:\/\/www.comiteactionpalestine.org\/word\/?p=931"},"modified":"2014-04-21T13:24:58","modified_gmt":"2014-04-21T12:24:58","slug":"la-campagne-bds-en-france-boycott-disrael-ou-boycott-de-la-resistance-palestinienne","status":"publish","type":"post","link":"https:\/\/www.comiteactionpalestine.org\/word\/la-campagne-bds-en-france-boycott-disrael-ou-boycott-de-la-resistance-palestinienne\/","title":{"rendered":"La campagne BDS en France : boycott d\u2019Isra\u00ebl ou boycott de la r\u00e9sistance palestinienne ?"},"content":{"rendered":"<div class=\"pdfprnt-buttons pdfprnt-buttons-post pdfprnt-top-right\"><a href=\"https:\/\/www.comiteactionpalestine.org\/word\/wp-json\/wp\/v2\/posts\/931?print=pdf\" class=\"pdfprnt-button pdfprnt-button-pdf\" target=\"_blank\"><img decoding=\"async\" src=\"http:\/\/www.comiteactionpalestine.org\/word\/wp-content\/plugins\/pdf-print\/images\/pdf.png\" alt=\"image_pdf\" title=\"Afficher le PDF\" \/><\/a><a href=\"https:\/\/www.comiteactionpalestine.org\/word\/wp-json\/wp\/v2\/posts\/931?print=print\" class=\"pdfprnt-button pdfprnt-button-print\" target=\"_blank\"><img decoding=\"async\" src=\"http:\/\/www.comiteactionpalestine.org\/word\/wp-content\/plugins\/pdf-print\/images\/print.png\" alt=\"image_print\" title=\"Contenu imprim\u00e9\" \/><\/a><\/div><div>\n<p align=\"justify\"><a href=\"http:\/\/www.comiteactionpalestine.org\/word\/wp-content\/uploads\/2010\/10\/haine-disrael1.jpg\"><img fetchpriority=\"high\" decoding=\"async\" class=\"alignright wp-image-1538\" src=\"http:\/\/www.comiteactionpalestine.org\/word\/wp-content\/uploads\/2010\/10\/haine-disrael1.jpg\" alt=\"haine-disrael[1]\" width=\"386\" height=\"214\" \/><\/a>En 2005, 172 organisations palestiniennes lancent, parall\u00e8lement aux autres modes de r\u00e9sistance, un appel \u00e0 un boycott g\u00e9n\u00e9ralis\u00e9 d\u2019Isra\u00ebl pour d\u00e9noncer la politique coloniale et raciste de l\u2019Etat sioniste.<br \/>\nApr\u00e8s maintes h\u00e9sitations, et surtout apr\u00e8s la victoire du Mouvement de la r\u00e9sistance islamique aux \u00e9lections palestiniennes de 2006, plusieurs organisations fran\u00e7aises d\u00e9cident d\u2019apporter leur soutien \u00e0 cet appel. Elles en soulignent essentiellement son caract\u00e8re pacifique, tout en soulignant la r\u00e9f\u00e9rence \u00e0 l\u2019Afrique du Sud et en posant constamment des limites et des conditions \u00e0 leur soutien.<br \/>\nDans ce texte, le Comit\u00e9 Action Palestine propose une analyse de ce soutien fran\u00e7ais au boycott d\u2019Isra\u00ebl. Il d\u00e9nonce son caract\u00e8re n\u00e9ocolonial et hypocrite, et rappelle que \u00ab l\u2019appel au boycott prend une dimension antisioniste si, et seulement si, il reconna\u00eet le r\u00f4le premier de la volont\u00e9 des colonis\u00e9s, \u00e0 savoir : d\u00e9truire par tous les moyens le rapport colonial !<\/p>\n<hr \/>\n<p align=\"justify\">En 2005, 172 organisations palestiniennes lancent un appel \u00e0 un boycott g\u00e9n\u00e9ralis\u00e9 d\u2019Isra\u00ebl en guise de protestation envers la politique coloniale et raciste de l\u2019Etat sioniste. Ces organisations palestiniennes sollicitent le mouvement de solidarit\u00e9 international pour qu\u2019il soutienne cet appel dans le cadre d\u2019une campagne BDS (Boycott D\u00e9sinvestissement Sanction).<\/p>\n<p align=\"justify\">Apr\u00e8s maintes h\u00e9sitations, la campagne BDS est reprise en France depuis 2 ou 3 ans par un collectif d\u2019organisations qui d\u00e9clare soutenir la cause du peuple palestinien. Cette mobilisation qui semble aujourd\u2019hui prendre de l\u2019ampleur se pr\u00e9sente comme \u00ab <em>la r\u00e9ponse \u00e0 l\u2019apartheid<\/em> \u00bb, \u00ab <em>\u00e0 l\u2019occupation et \u00e0 la colonisation isra\u00e9lienne<\/em> \u00bb<a title=\"\" href=\"http:\/\/www.comiteactionpalestine.org\/modules\/news\/article.php?storyid=174#_ftn1\" name=\"_ftnref1\"> <strong><strong>[1] <\/strong><\/strong><\/a>. Les signataires de cette plate-forme de revendications avancent qu\u2019elles ont \u00e9t\u00e9 sollicit\u00e9es par la soci\u00e9t\u00e9 palestinienne, \u00ab <em>la soci\u00e9t\u00e9 palestinienne nous appelle \u00e0 nous saisir d\u2019un moyen non-violent \u00e0 notre disposition, afin d\u2019arr\u00eater la course folle du terrorisme d\u2019Etat qui la menace, et qui nous menace tous <\/em>\u00bb<a title=\"\" href=\"http:\/\/www.comiteactionpalestine.org\/modules\/news\/article.php?storyid=174#_ftn2\" name=\"_ftnref2\"> [2] <\/a>. Bien plus, les initiateurs de cette campagne en France affirment que le boycott d\u2019Isra\u00ebl permettra, comme en Afrique du Sud, de venir \u00e0 bout de l\u2019apartheid en Palestine. Ce boycott, pr\u00e9cisent-ils, devra \u00eatre maintenu \u00ab <em>tant que les droits humains et le droit international seront bafou\u00e9s, tant que ne seront pas reconnus les droits l\u00e9gitimes d\u2019un peuple qui a fait preuve depuis longtemps d\u2019une r\u00e9sistance exemplaire, mais qui a besoin de nous pour obtenir un minimum de justice<\/em> \u00bb<a title=\"\" href=\"http:\/\/www.comiteactionpalestine.org\/modules\/news\/article.php?storyid=174#_ftn3\" name=\"_ftnref3\"> [3] <\/a>.<\/p>\n<p align=\"justify\">Si l\u2019appel palestinien au boycott doit \u00eatre consid\u00e9r\u00e9 comme un moyen de r\u00e9sistance dont le choix revient au seul peuple colonis\u00e9, le Comit\u00e9 Action Palestine, qui d\u00e9fend le principe d\u2019autod\u00e9termination du peuple palestinien, entend apporter quelques critiques non pas sur l\u2019utilit\u00e9 d\u2019une telle d\u00e9marche, mais sur l\u2019instrumentalisation de cette campagne de boycott par un ensemble de partis, de syndicats et d\u2019associations dites pro-palestiniennes<a title=\"\" href=\"http:\/\/www.comiteactionpalestine.org\/modules\/news\/article.php?storyid=174#_ftn4\" name=\"_ftnref4\"> [4] <\/a>. Ceux-ci, apr\u00e8s avoir fermement soutenu les accords d\u2019Oslo et condamn\u00e9 les actions militaires de la r\u00e9sistance palestinienne, ont d\u00e9fendu la politique de la n\u00e9gociation, et son corollaire, le droit \u00e0 l\u2019existence d\u2019Isra\u00ebl. Ces organisations, qui ont omis ainsi la revendication historique et fondamentale du droit au retour des 6 millions de r\u00e9fugi\u00e9s palestiniens dans leur foyer, se sont \u00e9galement tues face \u00e0 la politique criminelle de juda\u00efsation pratiqu\u00e9e contre la population palestinienne vivant toujours dans les territoires palestiniens occup\u00e9s en 1948.<\/p>\n<p align=\"justify\">Alors qu\u2019il appara\u00eet clairement que \u00ab le processus de paix \u00bb initi\u00e9 \u00e0 Oslo en 1993 n\u2019\u00e9tait qu\u2019une man\u0153uvre de diversion destin\u00e9e \u00e0 d\u00e9samorcer l\u2019<em>Intifada<\/em> du peuple palestinien men\u00e9e contre l\u2019occupant isra\u00e9lien depuis 1987 et \u00e0 poursuivre la colonisation en s\u2019appuyant sur une oligarchie palestinienne administrant un appareil s\u00e9curitaire suppl\u00e9tif, une autre r\u00e9alit\u00e9 historique vint s\u2019imposer : l\u2019impossibilit\u00e9 d\u2019une solution \u00e0 deux Etats.<\/p>\n<p align=\"justify\">L\u2019expansion coloniale d\u2019Isra\u00ebl, la r\u00e9pression et l\u2019\u00e9puration ethnique conduites par les forces coloniales juives et les collaborateurs de l\u2019Autorit\u00e9 Palestinienne (AP), confirment actuellement, s\u2019il en \u00e9tait besoin, l\u2019impossibilit\u00e9 structurelle de cette solution \u00e0 deux Etats. L\u2019histoire montre une fois encore que, dans un contexte colonial, et contrairement aux positions d\u00e9fendues par ces organisations \u00ab pro-palestiniennes \u00bb, il ne peut y avoir de \u00ab coexistence pacifique et juste \u00bb entre un syst\u00e8me colonial et le peuple colonis\u00e9.<\/p>\n<p align=\"justify\">Le d\u00e9veloppement et la consolidation de la r\u00e9sistance anti-sioniste {victoire de la r\u00e9sistance libanaise en 2000 et 2006 ; la victoire de la r\u00e9sistance palestinienne aux l\u00e9gislatives de 2006 ; la r\u00e9sistance victorieuse men\u00e9e par le HAMAS \u00e0 Gaza en 2009} devraient logiquement conduire ces organisations \u00e0 une conclusion politique \u00e9vidente : le rapport de force qui d\u00e9termine la relation entre isra\u00e9liens et palestiniens est de nature coloniale. Il est fond\u00e9, d\u2019un c\u00f4t\u00e9, sur la n\u00e9gation raciste et l\u2019expulsion forc\u00e9e de l\u2019autochtone palestinien par les forces coloniales juives, et, de l\u2019autre, sur le d\u00e9veloppement de la lutte et de la r\u00e9sistance anticoloniale palestinienne.<\/p>\n<p align=\"justify\">Pourtant, ces organisations ont fait preuve d\u2019une remarquable continuit\u00e9 dans leurs analyses, occultant ainsi deux principes fondamentaux du soutien \u00e0 la lutte du peuple palestinien pour ses droits nationaux :<\/p>\n<p align=\"justify\"><span style=\"font-family: Calibri;\">&#8211;<\/span> La reconnaissance du caract\u00e8re colonial et raciste de la soci\u00e9t\u00e9 et de l\u2019Etat d\u2019Isra\u00ebl. La colonisation n\u2019a pas d\u00e9but\u00e9 en 1967, ni m\u00eame en 1948 au moment de la cr\u00e9ation de l\u2019Etat d\u2019Isra\u00ebl, elle est constitutive du projet sioniste d\u00e8s son origine \u00e0 la fin du19<sup>\u00e8me<\/sup> si\u00e8cle.<\/p>\n<p align=\"justify\"><span style=\"font-family: Calibri;\">&#8211;<\/span> Le soutien inconditionnel \u00e0 la r\u00e9sistance palestinienne quelle que soit la forme que prend la r\u00e9sistance : politique, sociale, culturelle ou militaire.<\/p>\n<p align=\"justify\">En r\u00e9alit\u00e9, deux repr\u00e9sentations n\u00e9ocoloniales expliquent le type de soutien purement formel apport\u00e9 par ces organisations au peuple palestinien.<\/p>\n<p align=\"justify\">La premi\u00e8re subordonne la r\u00e9alisation des droits nationaux du peuple palestinien \u00e0 l\u2019implication de la communaut\u00e9 internationale et aux pressions que cette derni\u00e8re pourrait exercer sur Isra\u00ebl afin que cet Etat respecte le droit international et autorise la cr\u00e9ation d\u2019un Etat palestinien.<\/p>\n<p align=\"justify\">La seconde consid\u00e8re que \u00ab le changement \u00bb politique vers la paix et le respect des droits palestiniens ne peut \u00eatre port\u00e9 que par les courants \u00ab pacifistes \u00bb et \u00ab progressistes \u00bb isra\u00e9liens qui inverseraient la tendance politique interne en Isra\u00ebl et imposeraient la paix. Combien d\u2019articles et conf\u00e9rences se sont faits sous l\u2019\u00e9gide de penseurs sionistes catalogu\u00e9s progressistes et cens\u00e9s incarner le bon Isra\u00ebl que sont Michel Warschawski<a title=\"\" href=\"http:\/\/www.comiteactionpalestine.org\/modules\/news\/article.php?storyid=174#_ftn5\" name=\"_ftnref5\"> [5] <\/a>, Benny Ziffer<a title=\"\" href=\"http:\/\/www.comiteactionpalestine.org\/modules\/news\/article.php?storyid=174#_ftn6\" name=\"_ftnref6\"> [6] <\/a>, Uri Davis<a title=\"\" href=\"http:\/\/www.comiteactionpalestine.org\/modules\/news\/article.php?storyid=174#_ftn7\" name=\"_ftnref7\"> [7] <\/a>, Haim Bresheet<a title=\"\" href=\"http:\/\/www.comiteactionpalestine.org\/modules\/news\/article.php?storyid=174#_ftn8\" name=\"_ftnref8\"> [8] <\/a>\u2026<\/p>\n<p align=\"justify\">Selon cette conception n\u00e9ocoloniale, le palestinien n\u2019est jamais sujet et acteur de son histoire. Et la transformation historique se r\u00e9duit \u00e0 l\u2019action de la communaut\u00e9 internationale et du colon, c\u2019est-\u00e0-dire \u00e0 l\u2019action de l\u2019Occident. Ces organisations qui pr\u00e9tendent ostentatoirement d\u00e9fendre les Palestiniens cherchent en fait \u00e0 les d\u00e9poss\u00e9der de leur capacit\u00e9 et de leur l\u00e9gitimit\u00e9 \u00e0 r\u00e9aliser leur propre histoire et \u00e0 d\u00e9finir leurs propres revendications. En somme, seul le ma\u00eetre est \u00e0 m\u00eame de lib\u00e9rer l\u2019esclave\u2026<\/p>\n<p align=\"justify\">Ce sont ces m\u00eames postures n\u00e9ocolonialistes qui expliquent leur investissement \u00ab militant \u00bb dans la campagne BDS, con\u00e7ue comme la seule arme efficace pour lutter contre l\u2019occupation. Aucun soutien n\u2019est exprim\u00e9 \u00e0 la r\u00e9sistance ou au droit des r\u00e9fugi\u00e9s palestiniens \u00e0 retourner dans leur foyer, pas plus que la d\u00e9nonciation claire d\u2019Isra\u00ebl en tant qu\u2019Etat colonial et raciste.<\/p>\n<p align=\"justify\">Par ailleurs, elles fixent comme condition incontournable \u00e0 la solidarit\u00e9 la reconnaissance de l\u2019entit\u00e9 coloniale raciste isra\u00e9lienne. Comment interpr\u00e9ter, sinon dans ce sens, des positions qui l\u00e9gitiment Isra\u00ebl dans les \u00ab fronti\u00e8res de 1967 \u00bb ? Il est \u00e9vident que ces limites territoriales repr\u00e9sentent historiquement une \u00e9tape dans le processus de colonisation et de destruction de la Palestine. Il faut donc le dire clairement: accepter 1967 c\u2019est accepter 1948, la <em>Nakba<\/em> , et l\u2019ensemble des crimes contre l\u2019humanit\u00e9 commis par le colonisateur en d\u00e9pit des revendications des Palestiniens. Admettre 1967, c\u2019est reconnaitre l\u2019occupation et lui conf\u00e9rer la l\u00e9gitimit\u00e9 du fait accompli et \u0153uvrer pour la normalisation de l\u2019usurpateur sioniste. C\u2019est se substituer aux Palestiniens et \u00eatre fid\u00e8le \u00e0 une attitude coloniale qui consiste \u00e0 maintenir l\u2019indig\u00e8ne sous tutelle.<\/p>\n<p align=\"justify\">L\u2019instrumentalisation de la campagne BDS ne fait aucun doute lorsque la r\u00e9f\u00e9rence est faite \u00e0 l\u2019histoire de la lutte des Noirs sud-africains contre l\u2019apartheid blanc. Si la r\u00e9sistance non-violente et le boycott du r\u00e9gime s\u00e9gr\u00e9gationniste blanc d\u2019Afrique du Sud fut un \u00e9l\u00e9ment dans le soutien apport\u00e9 aux mouvements de lutte sud-africains, il n\u2019en \u00e9tait qu\u2019 \u00ab un outil et non pas une vision, ni m\u00eame une strat\u00e9gie d\u2019ensemble \u00bb<a title=\"\" href=\"http:\/\/www.comiteactionpalestine.org\/modules\/news\/article.php?storyid=174#_ftn9\" name=\"_ftnref9\"> [9] <\/a>. Il est \u00e9tabli que la lutte des Sud-Africains contre l\u2019apartheid blanc prenait plusieurs aspects : 1) politique et id\u00e9ologique en d\u00e9veloppant l\u2019unit\u00e9 des opprim\u00e9s par leur action au sein des organisations politiques comme l\u2019ANC ou l\u2019INKHATA-Zoulous ; 2) social par le soutien et la mobilisation de l\u2019ensemble des secteurs de la soci\u00e9t\u00e9 colonis\u00e9e noire afin de supporter l\u2019engagement des organisations politiques et de leur militants ; 3) culturel afin de r\u00e9sister \u00e0 la destruction de l\u2019identit\u00e9 culturelle et historique des africains autochtones ; 4) la lutte arm\u00e9e.<\/p>\n<p align=\"justify\">La lutte arm\u00e9e, l\u2019action clandestine, la guerre de gu\u00e9rillas sont des modes de r\u00e9sistance qui furent appliqu\u00e9s selon les contextes politiques et les strat\u00e9gies choisies par les organisations de la r\u00e9sistance notamment en 1961 sous l\u2019impulsion d\u2019un r\u00e9seau, <em>Umkhonto we Sizwe<\/em> (MK) pr\u00f4nant l\u2019action arm\u00e9e et dirig\u00e9 alors par Nelson Mandela<a title=\"\" href=\"http:\/\/www.comiteactionpalestine.org\/modules\/news\/article.php?storyid=174#_ftn10\" name=\"_ftnref10\"> [10] <\/a>. Ce mouvement estimait apr\u00e8s le massacre de Sharpeville, le 21 mars 1960<a title=\"\" href=\"http:\/\/www.comiteactionpalestine.org\/modules\/news\/article.php?storyid=174#_ftn11\" name=\"_ftnref11\"> [11] <\/a>, et l\u2019intensification de l\u2019oppression avec le r\u00e9tablissement de l\u2019Etat d\u2019urgence, que le passage \u00e0 la lutte arm\u00e9e \u00e9tait in\u00e9luctable. Tout comme en Palestine, en Afrique du Sud les mouvements de r\u00e9sistance opt\u00e8rent pour diverses strat\u00e9gies, dont l\u2019action arm\u00e9e, en fonction des circonstances et de l\u2019\u00e9tat du rapport de force avec le pouvoir colonial blanc. Ils se sont fortement inspir\u00e9s de la r\u00e9volution alg\u00e9rienne et de sa lutte anticoloniale. C\u2019est une v\u00e9rit\u00e9 historique sur la lutte du peuple noir sud-africain que les pr\u00eacheurs du pacifisme ignorent sciemment.<\/p>\n<p align=\"justify\">Face \u00e0 l\u2019Etat militaire g\u00e9nocidaire juif, le choix des armes appartient au mouvement de r\u00e9sistance. Comme il appartient aux associations de soutien \u00e0 la cause palestinienne de d\u00e9fendre et de rappeler l\u2019existence et la l\u00e9gitimit\u00e9 de la lutte du peuple palestinien et de sa r\u00e9sistance qu\u2019elle que soit sa forme. Car les sionistes utilisent, surtout en France, toutes les ressources \u00e0 leur disposition et leurs moyens de pressions pour mener leur guerre sur le terrain id\u00e9ologique et psychologique : diabolisation de la r\u00e9sistance palestinienne, normalisation d\u2019Isra\u00ebl, intimidation et volont\u00e9 de criminaliser le soutien \u00e0 la r\u00e9sistance et la d\u00e9nonciation du sionisme<a title=\"\" href=\"http:\/\/www.comiteactionpalestine.org\/modules\/news\/article.php?storyid=174#_ftn12\" name=\"_ftnref12\"> [12] <\/a>\u2026<\/p>\n<p align=\"justify\">La r\u00e9f\u00e9rence tronqu\u00e9e et hypocrite \u00e0 l\u2019Afrique du Sud dans le cadre de la campagne BDS par des associations fran\u00e7aises ne trompe personne. Pour ces derni\u00e8res, l\u2019enjeu est de ne pas apporter de soutien \u00e0 la r\u00e9sistance men\u00e9e sous l\u2019\u00e9gide des organisations islamiques, et notamment le HAMAS. L\u2019islamophobie de ces associations est \u00e0 peine voil\u00e9e\u2026 Certes la campagne BDS fut initi\u00e9e par des organisations palestiniennes se r\u00e9clamant de la soci\u00e9t\u00e9 civile palestinienne. Il n\u2019est nullement question de contester la l\u00e9gitimit\u00e9 de leur action face \u00e0 l\u2019occupant isra\u00e9lien. Mais, en pr\u00e9tendant r\u00e9pondre \u00e0 l\u2019appel de la soci\u00e9t\u00e9 civile palestinienne tout en ignorant la r\u00e9alit\u00e9 de la r\u00e9sistance palestinienne, ces organisations fran\u00e7aises r\u00e9v\u00e8lent leur vision colonialiste. L\u2019usage qu\u2019elles font de la notion de \u00ab soci\u00e9t\u00e9 civile palestinienne\u00bb est une mani\u00e8re d\u2019imposer un classement politique qui disqualifie le r\u00f4le pr\u00e9pond\u00e9rant des mobilisations politiques dites islamistes en Palestine.<\/p>\n<p align=\"justify\">Mais la lutte contre le colonialisme et l\u2019apartheid est l\u2019\u0153uvre des colonis\u00e9s eux-m\u00eames. Elle n\u2019a jamais \u00e9t\u00e9 le produit d\u2019une quelconque mobilisation civile et pacifique des opinions publiques des Etats imp\u00e9rialistes ou de suppos\u00e9es composantes progressistes des soci\u00e9t\u00e9s coloniales. L\u2019appel au boycott prend une dimension antisioniste si, et seulement si, il reconna\u00eet le r\u00f4le premier de la volont\u00e9 des colonis\u00e9s, \u00e0 savoir : d\u00e9truire par tous les moyens le rapport colonial !<\/p>\n<p style=\"text-align: right;\" align=\"justify\"><strong>COMITE ACTION PALESTINE<\/strong><\/p>\n<div align=\"justify\">\n<hr size=\"1\" width=\"33%\" \/>\n<\/div>\n<p align=\"justify\"><a title=\"\" href=\"http:\/\/www.comiteactionpalestine.org\/modules\/news\/article.php?storyid=174#_ftnref1\" name=\"_ftn1\"><span style=\"color: #0000ff;\">[1]<\/span> <\/a><br clear=\"all\" \/><span style=\"font-family: Calibri;\">\u00ab Le boycott d\u2019Isra\u00ebl, pourquoi ? Comment \u00bb, Campagne Internationale BDS, Livret CAPJPO-Europalestine ; Campagne BDS France, <em>Notre r\u00e9ponse \u00e0 l\u2019apartheid, \u00e0 l\u2019occupation et \u00e0 la colonisation isra\u00e9lienne<\/em> , CampagneBoycott. Blogspot.com. <\/span><\/p>\n<p align=\"justify\"><a title=\"\" href=\"http:\/\/www.comiteactionpalestine.org\/modules\/news\/article.php?storyid=174#_ftnref2\" name=\"_ftn2\"><span style=\"color: #0000ff;\">[2]<\/span> <\/a><br clear=\"all\" \/><em><span style=\"font-family: Calibri;\">Ibidem.<\/span> <\/em><\/p>\n<p align=\"justify\"><a title=\"\" href=\"http:\/\/www.comiteactionpalestine.org\/modules\/news\/article.php?storyid=174#_ftnref3\" name=\"_ftn3\"><span style=\"color: #0000ff;\">[3]<\/span> <\/a><br clear=\"all\" \/><em><span style=\"font-family: Calibri;\">Ibidem.<\/span> <\/em><\/p>\n<p align=\"justify\"><a title=\"\" href=\"http:\/\/www.comiteactionpalestine.org\/modules\/news\/article.php?storyid=174#_ftnref4\" name=\"_ftn4\"><span style=\"color: #0000ff;\">[4]<\/span> <\/a><br clear=\"all\" \/><span style=\"font-family: Calibri;\">Europalestine, Ligue des droits de l\u2019homme, CCIPPP, G\u00e9n\u00e9ration Palestine, Union des Juifs Fran\u00e7ais pour la Paix (UJFP), PCF, NPA, AFPS\u2026<\/span><\/p>\n<p align=\"justify\"><a title=\"\" href=\"http:\/\/www.comiteactionpalestine.org\/modules\/news\/article.php?storyid=174#_ftnref5\" name=\"_ftn5\"><span style=\"color: #0000ff;\">[5]<\/span> <\/a><br clear=\"all\" \/><span style=\"font-family: Calibri;\">Michel Warschawski, isra\u00e9lien, fondateur du Centre d\u2019Information Alternative (AIC).<\/span><\/p>\n<p align=\"justify\"><a title=\"\" href=\"http:\/\/www.comiteactionpalestine.org\/modules\/news\/article.php?storyid=174#_ftnref6\" name=\"_ftn6\"><span style=\"color: #0000ff;\">[6]<\/span> <\/a><br clear=\"all\" \/><span style=\"font-family: Calibri;\">Benny Ziffer, isra\u00e9lien, \u00e9crivain, journaliste, r\u00e9dacteur en chef du suppl\u00e9ment litt\u00e9raire d\u2019Haaretz.<\/span><\/p>\n<p align=\"justify\"><a title=\"\" href=\"http:\/\/www.comiteactionpalestine.org\/modules\/news\/article.php?storyid=174#_ftnref7\" name=\"_ftn7\"><span style=\"color: #0000ff;\">[7]<\/span> <\/a><br clear=\"all\" \/><span style=\"font-family: Calibri;\">Uri Davis, universitaire isra\u00e9lien et cofondateur du mouvement contre l\u2019apartheid en Palestine (MAIAP).<\/span><\/p>\n<p align=\"justify\"><a title=\"\" href=\"http:\/\/www.comiteactionpalestine.org\/modules\/news\/article.php?storyid=174#_ftnref8\" name=\"_ftn8\"><span style=\"color: #0000ff;\">[8]<\/span> <\/a><br clear=\"all\" \/><span style=\"font-family: Calibri;\">Haim Breshteeth, universitaire isra\u00e9lien.<\/span><\/p>\n<p align=\"justify\"><a title=\"\" href=\"http:\/\/www.comiteactionpalestine.org\/modules\/news\/article.php?storyid=174#_ftnref9\" name=\"_ftn9\"><span style=\"color: #0000ff;\">[9]<\/span> <\/a><br clear=\"all\" \/><span style=\"font-family: Calibri;\">Ilan Pape, \u00ab <em>R\u00e9sister \u00e0 l\u2019apartheid isra\u00e9lien : strat\u00e9gies et principes<\/em> \u00bb, <\/span><span style=\"color: #0000ff; font-family: Calibri;\"><a href=\"http:\/\/www.ism-france.org\/\" target=\"_blank\">www.ism-france.org<\/a><\/span> <span style=\"font-family: Calibri;\">, d\u00e9cembre 2004. <\/span><\/p>\n<p align=\"justify\"><a title=\"\" href=\"http:\/\/www.comiteactionpalestine.org\/modules\/news\/article.php?storyid=174#_ftnref10\" name=\"_ftn10\"><span style=\"color: #0000ff;\">[10]<\/span> <\/a><br clear=\"all\" \/><span style=\"font-family: Calibri;\">Nelson Mandela, \u201c<em>I am prepared to die-Nelson Mandela\u2019s statement from the dock at the opening of the defence case in the Rivona trial\u201d <\/em>, Africa National Congress, 20\/04\/1964, <span style=\"color: #0000ff;\"><a href=\"http:\/\/www.anc.org\/\" target=\"_blank\">www.anc.org<\/a><\/span> , <\/span><\/p>\n<p align=\"justify\"><a title=\"\" href=\"http:\/\/www.comiteactionpalestine.org\/modules\/news\/article.php?storyid=174#_ftnref11\" name=\"_ftn11\"><span style=\"color: #0000ff;\">[11]<\/span> <\/a><br clear=\"all\" \/><span style=\"font-family: Calibri;\">Le 21 mars 1960 a lieu le massacre de Sharpeville, un township de Vereeniging dans le sud du Transvaal. Lors d\u2019une manifestation du Congr\u00e8s panafricain contre l\u2019extension aux femmes du passeport (<em>Pass book<\/em> ), que les noirs sont oblig\u00e9s de porter constamment sous peine d\u2019\u00eatre arr\u00eat\u00e9 ou d\u00e9port\u00e9. La police tire sans sommation sur la foule. On comptera 69 tu\u00e9s dont 10 enfants et 180 bless\u00e9s. <\/span><\/p>\n<p align=\"justify\"><a title=\"\" href=\"http:\/\/www.comiteactionpalestine.org\/modules\/news\/article.php?storyid=174#_ftnref12\" name=\"_ftn12\"><span style=\"color: #0000ff;\">[12]<\/span> <\/a><br clear=\"all\" \/><span style=\"font-family: Calibri;\">Voir sur ce point : <em>Le CRIF en France. Un nouveau minist\u00e8re de la R\u00e9publique<\/em> , <\/span><span style=\"color: #0000ff; font-family: Calibri;\"><a href=\"http:\/\/www.lexpressiondz.com\/\" target=\"_blank\">www.lexpressiondz.com<\/a><\/span> <span style=\"font-family: Calibri;\">; <\/span><\/p>\n<\/div>\n<p>&nbsp;<\/p>\n","protected":false},"excerpt":{"rendered":"<p>En 2005, 172 organisations palestiniennes lancent, parall\u00e8lement aux autres modes de r\u00e9sistance, un appel \u00e0 un boycott g\u00e9n\u00e9ralis\u00e9 d\u2019Isra\u00ebl pour d\u00e9noncer la politique coloniale et raciste de l\u2019Etat sioniste. Apr\u00e8s maintes h\u00e9sitations, et surtout apr\u00e8s la victoire du Mouvement de la r\u00e9sistance islamique aux \u00e9lections palestiniennes de 2006, plusieurs organisations fran\u00e7aises d\u00e9cident d\u2019apporter leur soutien [&hellip;]<\/p>\n","protected":false},"author":1,"featured_media":0,"comment_status":"closed","ping_status":"closed","sticky":false,"template":"","format":"standard","meta":{"footnotes":""},"categories":[13],"tags":[],"class_list":["post-931","post","type-post","status-publish","format-standard","hentry","category-imperialisme-resistances"],"views":2837,"_links":{"self":[{"href":"https:\/\/www.comiteactionpalestine.org\/word\/wp-json\/wp\/v2\/posts\/931","targetHints":{"allow":["GET"]}}],"collection":[{"href":"https:\/\/www.comiteactionpalestine.org\/word\/wp-json\/wp\/v2\/posts"}],"about":[{"href":"https:\/\/www.comiteactionpalestine.org\/word\/wp-json\/wp\/v2\/types\/post"}],"author":[{"embeddable":true,"href":"https:\/\/www.comiteactionpalestine.org\/word\/wp-json\/wp\/v2\/users\/1"}],"replies":[{"embeddable":true,"href":"https:\/\/www.comiteactionpalestine.org\/word\/wp-json\/wp\/v2\/comments?post=931"}],"version-history":[{"count":3,"href":"https:\/\/www.comiteactionpalestine.org\/word\/wp-json\/wp\/v2\/posts\/931\/revisions"}],"predecessor-version":[{"id":1539,"href":"https:\/\/www.comiteactionpalestine.org\/word\/wp-json\/wp\/v2\/posts\/931\/revisions\/1539"}],"wp:attachment":[{"href":"https:\/\/www.comiteactionpalestine.org\/word\/wp-json\/wp\/v2\/media?parent=931"}],"wp:term":[{"taxonomy":"category","embeddable":true,"href":"https:\/\/www.comiteactionpalestine.org\/word\/wp-json\/wp\/v2\/categories?post=931"},{"taxonomy":"post_tag","embeddable":true,"href":"https:\/\/www.comiteactionpalestine.org\/word\/wp-json\/wp\/v2\/tags?post=931"}],"curies":[{"name":"wp","href":"https:\/\/api.w.org\/{rel}","templated":true}]}}