{"id":4690,"date":"2025-05-17T08:31:43","date_gmt":"2025-05-17T07:31:43","guid":{"rendered":"https:\/\/www.comiteactionpalestine.org\/word\/?p=4690"},"modified":"2025-05-17T20:10:32","modified_gmt":"2025-05-17T19:10:32","slug":"trois-responsables-du-comite-action-palestine-en-garde-a-vue","status":"publish","type":"post","link":"https:\/\/www.comiteactionpalestine.org\/word\/trois-responsables-du-comite-action-palestine-en-garde-a-vue\/","title":{"rendered":"Trois responsables du Comit\u00e9 Action Palestine en garde \u00e0 vue"},"content":{"rendered":"<div class=\"pdfprnt-buttons pdfprnt-buttons-post pdfprnt-top-right\"><a href=\"https:\/\/www.comiteactionpalestine.org\/word\/wp-json\/wp\/v2\/posts\/4690?print=pdf\" class=\"pdfprnt-button pdfprnt-button-pdf\" target=\"_blank\"><img decoding=\"async\" src=\"http:\/\/www.comiteactionpalestine.org\/word\/wp-content\/plugins\/pdf-print\/images\/pdf.png\" alt=\"image_pdf\" title=\"Afficher le PDF\" \/><\/a><a href=\"https:\/\/www.comiteactionpalestine.org\/word\/wp-json\/wp\/v2\/posts\/4690?print=print\" class=\"pdfprnt-button pdfprnt-button-print\" target=\"_blank\"><img decoding=\"async\" src=\"http:\/\/www.comiteactionpalestine.org\/word\/wp-content\/plugins\/pdf-print\/images\/print.png\" alt=\"image_print\" title=\"Contenu imprim\u00e9\" \/><\/a><\/div>\n<p>La r\u00e9pression des soutiens \u00e0 la Palestine n&rsquo;effacera pas les crimes d Isra\u00ebl. En cette date de comm\u00e9moration du 77\u00e8me anniversaire de la Nakba, le gouvernement fran\u00e7ais ne fait pas de tr\u00e8ve dans la criminalisation du mouvement pro-palestinien. Alors que le minist\u00e8re de l&rsquo;Int\u00e9rieur a lanc\u00e9 une proc\u00e9dure de dissolution de Urgence Palestine, et que les proc\u00e8s de militants se succ\u00e8dent, 3 responsables du Comit\u00e9 Action Palestine ont \u00e9t\u00e9 entendus par la police le 14 mai dans le cadre d&rsquo;une garde \u00e0 vue de 12h apr\u00e8s la perquisition au petit matin de leur domicile respectif. Cette proc\u00e9dure fait suite \u00e0 une plainte d\u00e9pos\u00e9e par la LICRA. Les faits qui leurs sont reproch\u00e9s sont la publication sur les r\u00e9seaux sociaux de l&rsquo;association entre le 7 et le 9 octobre 2023 de photos et d&rsquo;un texte d\u2019analyse qui pourraient selon le parquet \u00eatre consid\u00e9r\u00e9s comme relevant de l&rsquo;apologie du terrorisme. Rappelons qu&rsquo;en 2022, le Conseil d&rsquo;\u00c9tat avait \u00e9mis une ordonnance de suspension de la dissolution du Comit\u00e9 Action Palestine en consid\u00e9rant que les prises de position de l&rsquo;association, bien que radicales voire virulentes sur la situation au Proche-Orient et le conflit isra\u00e9lo-palestinien, ne constituaient pas des incitations au terrorisme, \u00e0 la discrimination, \u00e0 la haine et \u00e0 la violence. Face \u00e0 cette r\u00e9pression, le Comit\u00e9 Action Palestine d\u00e9clare qu\u2019il ne faut pas se laisser intimider. Il appelle tous les militants sinc\u00e8res \u00e0 d\u00e9noncer cette criminalisation du mouvement pro-palestinien en France et \u00e0 continuer \u00e0 soutenir la r\u00e9sistance du peuple palestinien face aux crimes d'\u00a0\u00bbIsra\u00ebl\u00a0\u00bb.<\/p>\n\n\n\n<p>Comit\u00e9 Action Palestine<\/p>\n\n\n\n<p>17 mai 2025<\/p>\n","protected":false},"excerpt":{"rendered":"<p>La r\u00e9pression des soutiens \u00e0 la Palestine n&rsquo;effacera pas les crimes d Isra\u00ebl. En cette date de comm\u00e9moration du 77\u00e8me anniversaire de la Nakba, le gouvernement fran\u00e7ais ne fait pas de tr\u00e8ve dans la criminalisation du mouvement pro-palestinien. Alors que le minist\u00e8re de l&rsquo;Int\u00e9rieur a lanc\u00e9 une proc\u00e9dure de dissolution de Urgence Palestine, et que [&hellip;]<\/p>\n","protected":false},"author":1,"featured_media":4693,"comment_status":"closed","ping_status":"closed","sticky":false,"template":"","format":"standard","meta":{"footnotes":""},"categories":[25,5,26,28],"tags":[],"class_list":["post-4690","post","type-post","status-publish","format-standard","has-post-thumbnail","hentry","category-a-la-une","category-communiques","category-en-avant","category-sionisme-en-france"],"views":1501,"_links":{"self":[{"href":"https:\/\/www.comiteactionpalestine.org\/word\/wp-json\/wp\/v2\/posts\/4690","targetHints":{"allow":["GET"]}}],"collection":[{"href":"https:\/\/www.comiteactionpalestine.org\/word\/wp-json\/wp\/v2\/posts"}],"about":[{"href":"https:\/\/www.comiteactionpalestine.org\/word\/wp-json\/wp\/v2\/types\/post"}],"author":[{"embeddable":true,"href":"https:\/\/www.comiteactionpalestine.org\/word\/wp-json\/wp\/v2\/users\/1"}],"replies":[{"embeddable":true,"href":"https:\/\/www.comiteactionpalestine.org\/word\/wp-json\/wp\/v2\/comments?post=4690"}],"version-history":[{"count":1,"href":"https:\/\/www.comiteactionpalestine.org\/word\/wp-json\/wp\/v2\/posts\/4690\/revisions"}],"predecessor-version":[{"id":4691,"href":"https:\/\/www.comiteactionpalestine.org\/word\/wp-json\/wp\/v2\/posts\/4690\/revisions\/4691"}],"wp:featuredmedia":[{"embeddable":true,"href":"https:\/\/www.comiteactionpalestine.org\/word\/wp-json\/wp\/v2\/media\/4693"}],"wp:attachment":[{"href":"https:\/\/www.comiteactionpalestine.org\/word\/wp-json\/wp\/v2\/media?parent=4690"}],"wp:term":[{"taxonomy":"category","embeddable":true,"href":"https:\/\/www.comiteactionpalestine.org\/word\/wp-json\/wp\/v2\/categories?post=4690"},{"taxonomy":"post_tag","embeddable":true,"href":"https:\/\/www.comiteactionpalestine.org\/word\/wp-json\/wp\/v2\/tags?post=4690"}],"curies":[{"name":"wp","href":"https:\/\/api.w.org\/{rel}","templated":true}]}}