{"id":432,"date":"2012-02-14T21:29:26","date_gmt":"2012-02-14T20:29:26","guid":{"rendered":"http:\/\/www.comiteactionpalestine.org\/word\/?p=432"},"modified":"2020-09-14T08:17:56","modified_gmt":"2020-09-14T07:17:56","slug":"denoncons-le-sionisme-de-letat-francais-exigeons-la-liberation-de-georges-ibrahim-abdallah","status":"publish","type":"post","link":"https:\/\/www.comiteactionpalestine.org\/word\/denoncons-le-sionisme-de-letat-francais-exigeons-la-liberation-de-georges-ibrahim-abdallah\/","title":{"rendered":"D\u00e9non\u00e7ons le sionisme de l&rsquo;Etat fran\u00e7ais : exigeons la lib\u00e9ration de Georges Ibrahim Abdallah"},"content":{"rendered":"<div class=\"pdfprnt-buttons pdfprnt-buttons-post pdfprnt-top-right\"><a href=\"https:\/\/www.comiteactionpalestine.org\/word\/wp-json\/wp\/v2\/posts\/432?print=pdf\" class=\"pdfprnt-button pdfprnt-button-pdf\" target=\"_blank\"><img decoding=\"async\" src=\"http:\/\/www.comiteactionpalestine.org\/word\/wp-content\/plugins\/pdf-print\/images\/pdf.png\" alt=\"image_pdf\" title=\"Afficher le PDF\" \/><\/a><a href=\"https:\/\/www.comiteactionpalestine.org\/word\/wp-json\/wp\/v2\/posts\/432?print=print\" class=\"pdfprnt-button pdfprnt-button-print\" target=\"_blank\"><img decoding=\"async\" src=\"http:\/\/www.comiteactionpalestine.org\/word\/wp-content\/plugins\/pdf-print\/images\/print.png\" alt=\"image_print\" title=\"Contenu imprim\u00e9\" \/><\/a><\/div><table width=\"98%\" cellspacing=\"0\" cellpadding=\"0\">\n<tbody>\n<tr>\n<td>le 14\/2\/2012 23:20:00\u00a0(763 lectures)<\/td>\n<\/tr>\n<tr>\n<td>\n<div>\n<div style=\"text-align: justify;\"><img decoding=\"async\" src=\"http:\/\/www.comiteactionpalestine.org\/uploads\/img4f3ade15d51bb.jpg\" alt=\"\" align=\"right\" \/>Combattant des fractions arm\u00e9es r\u00e9volutionnaires libanaises,\u00a0Georges Ibrahim Abdallah s\u2019engage\u00a0d\u00e8s la fin des ann\u00e9es soixante dans la r\u00e9sistance palestinienne et libanaise contre l\u2019occupation et la colonisation sioniste. Arr\u00eat\u00e9 \u00e0 Lyon le 24 octobre 1984, il est\u00a0\u00a0condamn\u00e9 \u00e0 la r\u00e9clusion \u00e0 perp\u00e9tuit\u00e9 pour \u00ab complicit\u00e9 \u00bb dans l\u2019ex\u00e9cution d\u2019un responsable des services secrets isra\u00e9liens et d\u2019un attach\u00e9 militaire \u00e9tats-unien. Il est d\u00e9tenu \u00e0 la prison de\u00a0Lannemezan (Ari\u00e8ge).\u00a0Le\u00a024 octobre 2011, il est entr\u00e9 dans sa 28 ann\u00e9e de d\u00e9tention alors que sa peine de suret\u00e9 est\u00a0accomplie depuis 1999.<\/div>\n<hr \/>\n<div style=\"text-align: justify;\">A son sujet, Yves Bonnet, ancien chef de DST Fran\u00e7aise, a d\u00e9nonc\u00e9 r\u00e9cemment dans l\u2019attitude du gouvernement fran\u00e7ais une \u00ab vengeance d&rsquo;\u00c9tat \u00bb et a rajout\u00e9 : \u00ab je consid\u00e8re qu\u2019il avait le droit de revendiquer les actes commis par les FARL comme des actes de r\u00e9sistance (\u2026) IL faut se souvenir du contexte, aussi des massacres de Sabra et Shatila dont les coupables n\u2019ont jamais \u00e9t\u00e9 punis \u00bb.<\/div>\n<div style=\"text-align: justify;\">Comme l&rsquo;entit\u00e9 coloniale sioniste ou les dictatures les plus brutales, l&rsquo;Etat fran\u00e7ais enferme des prisonniers politiques dans les oubliettes de l&rsquo;histoire. Dans cette affaire, l\u2019Etat fran\u00e7ais montre une fois de plus son adh\u00e9sion pleine et enti\u00e8re \u00e0 ce mouvement colonial et raciste qu&rsquo;est le sionisme : en t\u00e9moignent les relations \u00e9conomiques, culturelles et scientifiques toujours plus \u00e9troites entre l\u2019Etat fran\u00e7ais et l\u2019Etat sioniste ; en t\u00e9moignent aussi\u00a0 la place faite par l\u2019Etat fran\u00e7ais \u00e0 un soldat d\u2019une arm\u00e9e d\u2019occupation apr\u00e8s que ce dernier ait \u00e9t\u00e9 \u00e9chang\u00e9 contre 1000 r\u00e9sistants palestiniens d\u00e9tenus dans les ge\u00f4les sionistes depuis des d\u00e9cennies. Accompagn\u00e9 par ce soldat qu\u2019il avait pr\u00e9c\u00e9demment re\u00e7u \u00e0 l\u2019Elys\u00e9e, Sarkozy est all\u00e9 pr\u00eater le 8 f\u00e9vrier son all\u00e9geance au CRIF, lors du diner que ce mouvement de soutien officiel de l\u2019entit\u00e9 sioniste organise annuellement pour les politiques fran\u00e7ais. Pour Sarkozy l&rsquo;entit\u00e9 sioniste tient\u00a0 \u00ab du miracle \u00bb. La pr\u00e9sence du Chef de l\u2019Etat fran\u00e7ais au diner du CRIF est une preuve suppl\u00e9mentaire qu\u2019au regard de l\u2019Etat fran\u00e7ais, effectivement toutes les communaut\u00e9s vivant en France ne se valent pas.<\/div>\n<div style=\"text-align: justify;\">\n<p>Les propos r\u00e9cents de Claude Gu\u00e9ant sur la valeur in\u00e9gale des civilisations ou l\u2019interventionnisme militaire fran\u00e7ais en Afghanistan, en Lybie, en Cote d\u2019Ivoire et peut-\u00eatre bient\u00f4t en Syrie sont symptomatiques de la nature de l\u2019Etat fran\u00e7ais : un Etat colonial et raciste qui se pr\u00e9vaut de la d\u00e9fense des droits de l\u2019homme\u2026<\/p>\n<\/div>\n<div style=\"text-align: justify;\">Comme les g\u00e9n\u00e9raux de la patience, ces prisonniers palestiniens enferm\u00e9s pendant plus de 30 ans dans les ge\u00f4les sionistes et r\u00e9cemment lib\u00e9r\u00e9s contre ce soldat d\u2019occupation, Georges Ibrahim Abdallah, enferm\u00e9 quant \u00e0 lui depuis 28 ans dans les ge\u00f4les fran\u00e7aise, t\u00e9moigne de la patience des r\u00e9sistants face \u00e0 leurs bourreaux. Exiger sa lib\u00e9ration c&rsquo;est d\u00e9noncer le sionisme partout o\u00f9 il est en action,\u00a0 et soutenir le combat de la r\u00e9sistance jusqu\u2019\u00e0 la victoire de la libert\u00e9 en Palestine, en France et partout dans le Monde.<\/p>\n<div><strong><span style=\"font-size: small;\">Comit\u00e9 Action Palestine<\/span><\/strong><\/div>\n<div>photo Comit\u00e9 Action Palestine<\/div>\n<\/div>\n<\/div>\n<\/td>\n<\/tr>\n<tr>\n<td><\/td>\n<\/tr>\n<\/tbody>\n<\/table>\n","protected":false},"excerpt":{"rendered":"<p>le 14\/2\/2012 23:20:00\u00a0(763 lectures) Combattant des fractions arm\u00e9es r\u00e9volutionnaires libanaises,\u00a0Georges Ibrahim Abdallah s\u2019engage\u00a0d\u00e8s la fin des ann\u00e9es soixante dans la r\u00e9sistance palestinienne et libanaise contre l\u2019occupation et la colonisation sioniste. Arr\u00eat\u00e9 \u00e0 Lyon le 24 octobre 1984, il est\u00a0\u00a0condamn\u00e9 \u00e0 la r\u00e9clusion \u00e0 perp\u00e9tuit\u00e9 pour \u00ab complicit\u00e9 \u00bb dans l\u2019ex\u00e9cution d\u2019un responsable des services secrets [&hellip;]<\/p>\n","protected":false},"author":2,"featured_media":3203,"comment_status":"closed","ping_status":"closed","sticky":false,"template":"","format":"standard","meta":{"footnotes":""},"categories":[30,5,9],"tags":[],"class_list":["post-432","post","type-post","status-publish","format-standard","has-post-thumbnail","hentry","category-actualites","category-communiques","category-prisonniers"],"views":3249,"_links":{"self":[{"href":"https:\/\/www.comiteactionpalestine.org\/word\/wp-json\/wp\/v2\/posts\/432","targetHints":{"allow":["GET"]}}],"collection":[{"href":"https:\/\/www.comiteactionpalestine.org\/word\/wp-json\/wp\/v2\/posts"}],"about":[{"href":"https:\/\/www.comiteactionpalestine.org\/word\/wp-json\/wp\/v2\/types\/post"}],"author":[{"embeddable":true,"href":"https:\/\/www.comiteactionpalestine.org\/word\/wp-json\/wp\/v2\/users\/2"}],"replies":[{"embeddable":true,"href":"https:\/\/www.comiteactionpalestine.org\/word\/wp-json\/wp\/v2\/comments?post=432"}],"version-history":[{"count":5,"href":"https:\/\/www.comiteactionpalestine.org\/word\/wp-json\/wp\/v2\/posts\/432\/revisions"}],"predecessor-version":[{"id":3207,"href":"https:\/\/www.comiteactionpalestine.org\/word\/wp-json\/wp\/v2\/posts\/432\/revisions\/3207"}],"wp:featuredmedia":[{"embeddable":true,"href":"https:\/\/www.comiteactionpalestine.org\/word\/wp-json\/wp\/v2\/media\/3203"}],"wp:attachment":[{"href":"https:\/\/www.comiteactionpalestine.org\/word\/wp-json\/wp\/v2\/media?parent=432"}],"wp:term":[{"taxonomy":"category","embeddable":true,"href":"https:\/\/www.comiteactionpalestine.org\/word\/wp-json\/wp\/v2\/categories?post=432"},{"taxonomy":"post_tag","embeddable":true,"href":"https:\/\/www.comiteactionpalestine.org\/word\/wp-json\/wp\/v2\/tags?post=432"}],"curies":[{"name":"wp","href":"https:\/\/api.w.org\/{rel}","templated":true}]}}