{"id":4100,"date":"2023-11-10T07:55:43","date_gmt":"2023-11-10T06:55:43","guid":{"rendered":"https:\/\/www.comiteactionpalestine.org\/word\/?p=4100"},"modified":"2023-12-17T12:07:38","modified_gmt":"2023-12-17T11:07:38","slug":"unis-pour-la-defense-du-droit-a-lautodetermination-du-peuple-palestinien","status":"publish","type":"post","link":"https:\/\/www.comiteactionpalestine.org\/word\/unis-pour-la-defense-du-droit-a-lautodetermination-du-peuple-palestinien\/","title":{"rendered":"UNIS POUR LA DEFENSE DU DROIT A L\u2019AUTODETERMINATION DU PEUPLE PALESTINIEN"},"content":{"rendered":"<div class=\"pdfprnt-buttons pdfprnt-buttons-post pdfprnt-top-right\"><a href=\"https:\/\/www.comiteactionpalestine.org\/word\/wp-json\/wp\/v2\/posts\/4100?print=pdf\" class=\"pdfprnt-button pdfprnt-button-pdf\" target=\"_blank\"><img decoding=\"async\" src=\"http:\/\/www.comiteactionpalestine.org\/word\/wp-content\/plugins\/pdf-print\/images\/pdf.png\" alt=\"image_pdf\" title=\"Afficher le PDF\" \/><\/a><a href=\"https:\/\/www.comiteactionpalestine.org\/word\/wp-json\/wp\/v2\/posts\/4100?print=print\" class=\"pdfprnt-button pdfprnt-button-print\" target=\"_blank\"><img decoding=\"async\" src=\"http:\/\/www.comiteactionpalestine.org\/word\/wp-content\/plugins\/pdf-print\/images\/print.png\" alt=\"image_print\" title=\"Contenu imprim\u00e9\" \/><\/a><\/div>\n<p>Le Comit\u00e9 Action Palestine s&rsquo;associe \u00e0 un collectif de 116 associations et pr\u00e8s de 300 avocats pour le d\u00e9pot d&rsquo;une plainte, en tant que t\u00e9moins, devant la Cour P\u00e9nale Internationale pour g\u00e9nocide et autres crimes. Le d\u00e9p\u00f4t officiel a eu lieu le 9 Novembre 2023 \u00e0 11h.<\/p>\n\n\n\n<p>Alors que les puissances occidentales collaborent aux crimes de guerre commis par l&rsquo; entit\u00e9 sioniste en Palestine, et que tr\u00e8s peu de pays soutenant la cause palestinienne ont fait la d\u00e9marche de ratifier le trait\u00e9 de la cour p\u00e9nale internationale, la soci\u00e9t\u00e9 civile se montre pr\u00e9sente \u00e0 c\u00f4t\u00e9 du procureur et \u00e0 c\u00f4t\u00e9 du peuple palestinien. <\/p>\n\n\n\n<p>Il est de notre devoir de faire tout ce qui est possible pour que ce peuple puisse retrouver sa libert\u00e9 et ses droits. L&rsquo;oppresion coloniale doit cesser.<\/p>\n\n\n\n<p>Comit\u00e9 Action Palestine<\/p>\n\n\n\n<p><em>Image Al Mayadeen<\/em><\/p>\n\n\n\n<p> <\/p>\n","protected":false},"excerpt":{"rendered":"<p>Le Comit\u00e9 Action Palestine s&rsquo;associe \u00e0 un collectif de 116 associations et pr\u00e8s de 300 avocats pour le d\u00e9pot d&rsquo;une plainte, en tant que t\u00e9moins, devant la Cour P\u00e9nale Internationale pour g\u00e9nocide et autres crimes. Le d\u00e9p\u00f4t officiel a eu lieu le 9 Novembre 2023 \u00e0 11h. Alors que les puissances occidentales collaborent aux crimes [&hellip;]<\/p>\n","protected":false},"author":1,"featured_media":4101,"comment_status":"closed","ping_status":"closed","sticky":false,"template":"","format":"standard","meta":{"footnotes":""},"categories":[25,5],"tags":[],"class_list":["post-4100","post","type-post","status-publish","format-standard","has-post-thumbnail","hentry","category-a-la-une","category-communiques"],"views":869,"_links":{"self":[{"href":"https:\/\/www.comiteactionpalestine.org\/word\/wp-json\/wp\/v2\/posts\/4100","targetHints":{"allow":["GET"]}}],"collection":[{"href":"https:\/\/www.comiteactionpalestine.org\/word\/wp-json\/wp\/v2\/posts"}],"about":[{"href":"https:\/\/www.comiteactionpalestine.org\/word\/wp-json\/wp\/v2\/types\/post"}],"author":[{"embeddable":true,"href":"https:\/\/www.comiteactionpalestine.org\/word\/wp-json\/wp\/v2\/users\/1"}],"replies":[{"embeddable":true,"href":"https:\/\/www.comiteactionpalestine.org\/word\/wp-json\/wp\/v2\/comments?post=4100"}],"version-history":[{"count":2,"href":"https:\/\/www.comiteactionpalestine.org\/word\/wp-json\/wp\/v2\/posts\/4100\/revisions"}],"predecessor-version":[{"id":4103,"href":"https:\/\/www.comiteactionpalestine.org\/word\/wp-json\/wp\/v2\/posts\/4100\/revisions\/4103"}],"wp:featuredmedia":[{"embeddable":true,"href":"https:\/\/www.comiteactionpalestine.org\/word\/wp-json\/wp\/v2\/media\/4101"}],"wp:attachment":[{"href":"https:\/\/www.comiteactionpalestine.org\/word\/wp-json\/wp\/v2\/media?parent=4100"}],"wp:term":[{"taxonomy":"category","embeddable":true,"href":"https:\/\/www.comiteactionpalestine.org\/word\/wp-json\/wp\/v2\/categories?post=4100"},{"taxonomy":"post_tag","embeddable":true,"href":"https:\/\/www.comiteactionpalestine.org\/word\/wp-json\/wp\/v2\/tags?post=4100"}],"curies":[{"name":"wp","href":"https:\/\/api.w.org\/{rel}","templated":true}]}}