{"id":4065,"date":"2023-10-28T15:34:41","date_gmt":"2023-10-28T14:34:41","guid":{"rendered":"http:\/\/www.comiteactionpalestine.org\/word\/?p=4065"},"modified":"2023-10-28T15:34:43","modified_gmt":"2023-10-28T14:34:43","slug":"manifs-pro-palestine-interdites-darmanin-bafoue-letat-de-droit","status":"publish","type":"post","link":"https:\/\/www.comiteactionpalestine.org\/word\/manifs-pro-palestine-interdites-darmanin-bafoue-letat-de-droit\/","title":{"rendered":"Manifs pro-Palestine interdites : Darmanin bafoue l&rsquo;Etat de droit."},"content":{"rendered":"<div class=\"pdfprnt-buttons pdfprnt-buttons-post pdfprnt-top-right\"><a href=\"https:\/\/www.comiteactionpalestine.org\/word\/wp-json\/wp\/v2\/posts\/4065?print=pdf\" class=\"pdfprnt-button pdfprnt-button-pdf\" target=\"_blank\"><img decoding=\"async\" src=\"http:\/\/www.comiteactionpalestine.org\/word\/wp-content\/plugins\/pdf-print\/images\/pdf.png\" alt=\"image_pdf\" title=\"Afficher le PDF\" \/><\/a><a href=\"https:\/\/www.comiteactionpalestine.org\/word\/wp-json\/wp\/v2\/posts\/4065?print=print\" class=\"pdfprnt-button pdfprnt-button-print\" target=\"_blank\"><img decoding=\"async\" src=\"http:\/\/www.comiteactionpalestine.org\/word\/wp-content\/plugins\/pdf-print\/images\/print.png\" alt=\"image_print\" title=\"Contenu imprim\u00e9\" \/><\/a><\/div>\n<p>Interview de Vincent Brengarth, avocat du Comit\u00e9 Action Palestine, pour le m\u00e9dia BLAST<\/p>\n\n\n\n<p><em>Suite \u00e0 l&rsquo;interdiction d&rsquo;une manifestation pro-palestinienne par le pr\u00e9fet de Gironde le 11 octobre dernier et le recours d\u00e9pos\u00e9 devant le Tribunal Administratif de Bordeaux, que le Comit\u00e9 Action Palestine a d\u00e9pos\u00e9 un recours devant le Conseil d Etat pour lever l&rsquo;interdiction g\u00e9n\u00e9rale des manifestations en France. Depuis, malgr\u00e9 l&rsquo;ordonnance du conseil d&rsquo;Etat et les massacres qui se poursuivent \u00e0 Gaza, le pr\u00e9fet de Gironde continue d&rsquo;interdire les manifestations en soutien au peuple palestinien \u00e0 Bordeaux.<\/em><\/p>\n\n\n\n<p>Pour \u00e9couter l&rsquo;interview : <a href=\"https:\/\/youtu.be\/MB7cmvW6xF0?si=36iTnqUyprWXJaLX\">https:\/\/youtu.be\/MB7cmvW6xF0?si=36iTnqUyprWXJaLX<\/a><\/p>\n","protected":false},"excerpt":{"rendered":"<p>Interview de Vincent Brengarth, avocat du Comit\u00e9 Action Palestine, pour le m\u00e9dia BLAST Suite \u00e0 l&rsquo;interdiction d&rsquo;une manifestation pro-palestinienne par le pr\u00e9fet de Gironde le 11 octobre dernier et le recours d\u00e9pos\u00e9 devant le Tribunal Administratif de Bordeaux, que le Comit\u00e9 Action Palestine a d\u00e9pos\u00e9 un recours devant le Conseil d Etat pour lever l&rsquo;interdiction [&hellip;]<\/p>\n","protected":false},"author":1,"featured_media":4066,"comment_status":"closed","ping_status":"closed","sticky":false,"template":"","format":"standard","meta":{"footnotes":""},"categories":[19,5,28],"tags":[],"class_list":["post-4065","post","type-post","status-publish","format-standard","has-post-thumbnail","hentry","category-actions","category-communiques","category-sionisme-en-france"],"views":805,"_links":{"self":[{"href":"https:\/\/www.comiteactionpalestine.org\/word\/wp-json\/wp\/v2\/posts\/4065","targetHints":{"allow":["GET"]}}],"collection":[{"href":"https:\/\/www.comiteactionpalestine.org\/word\/wp-json\/wp\/v2\/posts"}],"about":[{"href":"https:\/\/www.comiteactionpalestine.org\/word\/wp-json\/wp\/v2\/types\/post"}],"author":[{"embeddable":true,"href":"https:\/\/www.comiteactionpalestine.org\/word\/wp-json\/wp\/v2\/users\/1"}],"replies":[{"embeddable":true,"href":"https:\/\/www.comiteactionpalestine.org\/word\/wp-json\/wp\/v2\/comments?post=4065"}],"version-history":[{"count":1,"href":"https:\/\/www.comiteactionpalestine.org\/word\/wp-json\/wp\/v2\/posts\/4065\/revisions"}],"predecessor-version":[{"id":4067,"href":"https:\/\/www.comiteactionpalestine.org\/word\/wp-json\/wp\/v2\/posts\/4065\/revisions\/4067"}],"wp:featuredmedia":[{"embeddable":true,"href":"https:\/\/www.comiteactionpalestine.org\/word\/wp-json\/wp\/v2\/media\/4066"}],"wp:attachment":[{"href":"https:\/\/www.comiteactionpalestine.org\/word\/wp-json\/wp\/v2\/media?parent=4065"}],"wp:term":[{"taxonomy":"category","embeddable":true,"href":"https:\/\/www.comiteactionpalestine.org\/word\/wp-json\/wp\/v2\/categories?post=4065"},{"taxonomy":"post_tag","embeddable":true,"href":"https:\/\/www.comiteactionpalestine.org\/word\/wp-json\/wp\/v2\/tags?post=4065"}],"curies":[{"name":"wp","href":"https:\/\/api.w.org\/{rel}","templated":true}]}}