{"id":3994,"date":"2023-06-30T22:47:08","date_gmt":"2023-06-30T21:47:08","guid":{"rendered":"http:\/\/www.comiteactionpalestine.org\/word\/?p=3994"},"modified":"2023-09-16T09:36:06","modified_gmt":"2023-09-16T08:36:06","slug":"assassinat-de-nahel-la-violence-populaire-repond-a-la-violence-detat","status":"publish","type":"post","link":"https:\/\/www.comiteactionpalestine.org\/word\/assassinat-de-nahel-la-violence-populaire-repond-a-la-violence-detat\/","title":{"rendered":"Assassinat de Nahel: la violence populaire r\u00e9pond \u00e0 la violence d\u2019Etat"},"content":{"rendered":"<div class=\"pdfprnt-buttons pdfprnt-buttons-post pdfprnt-top-right\"><a href=\"https:\/\/www.comiteactionpalestine.org\/word\/wp-json\/wp\/v2\/posts\/3994?print=pdf\" class=\"pdfprnt-button pdfprnt-button-pdf\" target=\"_blank\"><img decoding=\"async\" src=\"http:\/\/www.comiteactionpalestine.org\/word\/wp-content\/plugins\/pdf-print\/images\/pdf.png\" alt=\"image_pdf\" title=\"Afficher le PDF\" \/><\/a><a href=\"https:\/\/www.comiteactionpalestine.org\/word\/wp-json\/wp\/v2\/posts\/3994?print=print\" class=\"pdfprnt-button pdfprnt-button-print\" target=\"_blank\"><img decoding=\"async\" src=\"http:\/\/www.comiteactionpalestine.org\/word\/wp-content\/plugins\/pdf-print\/images\/print.png\" alt=\"image_print\" title=\"Contenu imprim\u00e9\" \/><\/a><\/div>\n<p>Comit\u00e9 Action Palestine<\/p>\n\n\n\n<p>Nahel avait 17 ans. Il a \u00e9t\u00e9 assassin\u00e9 par la police. La liste est longue des jeunes Arabes et Noirs assassin\u00e9s dans des circonstances similaires. Le slogan \u00ab la police tue \u00bb est aujourd\u2019hui une \u00e9vidence. Les policiers ont le permis de tuer parce que dans la tr\u00e8s grande majorit\u00e9 des crimes commis, il n\u2019y a pas eu de condamnation. La police tue et la justice cautionne d\u00e8s lors que les victimes sont des habitants des banlieues ou des classes populaires. Les jeunes des quartiers populaires m\u00e9ritent la peine de mort pour la moindre infraction, c\u2019est en substance le message envoy\u00e9 par le pouvoir \u00e0 ses forces s\u00e9curitaires qui agissent en toute impunit\u00e9.<br>Lorsque les faits parlent d\u2019eux-m\u00eames, lorsque la v\u00e9rit\u00e9 s\u2019impose par la seule force des images, la propagande raciste n\u2019h\u00e9site pas \u00e0 recourir \u00e0 de grossiers proc\u00e9d\u00e9s de manipulation pour disculper l\u2019auteur du crime et, dans le m\u00eame \u00e9lan, salir la m\u00e9moire de la victime. Le respect d\u2019une famille en deuil et de la victime ne comptent pas. La police a forc\u00e9ment raison de tuer des Arabes et des Noirs. Les m\u00e9dias et le pouvoir politique r\u00e9p\u00e8tent inlassablement les m\u00eames clich\u00e9s racistes, le m\u00eame m\u00e9pris de classe.<br>L\u2019\u00ab\u00e9motion\u00bb simul\u00e9e d\u2019un Emmanuel Macron ne suffira pas \u00e0 calmer la col\u00e8re l\u00e9gitime des habitants des quartiers populaires. L\u2019histoire semble se r\u00e9p\u00e9ter. En 2005, \u00e0 la suite de la mort des deux jeunes Zyed et Bouna, l\u2019insurrection a dur\u00e9 un mois dans tous les quartiers populaires pour d\u00e9noncer le racisme et les<br>discriminations. L\u2019histoire semble se r\u00e9p\u00e9ter car les m\u00eames causes produisent toujours les m\u00eames effets : la violence \u00e9conomique, la violence polici\u00e8re et le racisme d\u2019Etat g\u00e9n\u00e9reront toujours les m\u00eames r\u00e9actions populaires.<br>La police est une institution par nature violente. C\u2019est son r\u00f4le de r\u00e9primer, voire de tuer. Les Gilets Jaunes en ont une conscience aigu\u00eb, eux qui ont aussi eu \u00e0 subir l\u2019extr\u00eame violence de l\u2019appareil policier. Tuer, amputer, \u00e9borgner, matraquer pour que l\u2019ordre des poss\u00e9dants et des capitalistes soit assur\u00e9. La propagande officielle nous raconte toujours la m\u00eame fable quand la police tue : c\u2019est un acte isol\u00e9. Or le nombre d\u2019assassinats de jeunes des quartiers populaires montre parfaitement que la violence est le c\u0153ur qui bat de la police. Le racisme est son \u00e2me. La situation insurrectionnelle dans les quartiers populaires est une cons\u00e9quence logique et l\u00e9gitime. Face \u00e0 une institution polici\u00e8re qui assassine dans l\u2019impunit\u00e9 totale ou presque, il ne reste plus que la r\u00e9volte. Le rapport de force est la seule option quand la classe politique fait semblant de s\u2019indigner, quand la justice fait semblant de juger et quand la police fait semblant de se r\u00e9former.<br><\/p>\n\n\n\n<p>Nous saluons la m\u00e9moire de cet enfant assassin\u00e9 et celle de tous ceux qui sont tomb\u00e9s sous les balles de la police.<\/p>\n","protected":false},"excerpt":{"rendered":"<p>Comit\u00e9 Action Palestine Nahel avait 17 ans. Il a \u00e9t\u00e9 assassin\u00e9 par la police. La liste est longue des jeunes Arabes et Noirs assassin\u00e9s dans des circonstances similaires. Le slogan \u00ab la police tue \u00bb est aujourd\u2019hui une \u00e9vidence. Les policiers ont le permis de tuer parce que dans la tr\u00e8s grande majorit\u00e9 des crimes [&hellip;]<\/p>\n","protected":false},"author":1,"featured_media":3996,"comment_status":"closed","ping_status":"closed","sticky":false,"template":"","format":"standard","meta":{"footnotes":""},"categories":[25,5],"tags":[],"class_list":["post-3994","post","type-post","status-publish","format-standard","has-post-thumbnail","hentry","category-a-la-une","category-communiques"],"views":1865,"_links":{"self":[{"href":"https:\/\/www.comiteactionpalestine.org\/word\/wp-json\/wp\/v2\/posts\/3994","targetHints":{"allow":["GET"]}}],"collection":[{"href":"https:\/\/www.comiteactionpalestine.org\/word\/wp-json\/wp\/v2\/posts"}],"about":[{"href":"https:\/\/www.comiteactionpalestine.org\/word\/wp-json\/wp\/v2\/types\/post"}],"author":[{"embeddable":true,"href":"https:\/\/www.comiteactionpalestine.org\/word\/wp-json\/wp\/v2\/users\/1"}],"replies":[{"embeddable":true,"href":"https:\/\/www.comiteactionpalestine.org\/word\/wp-json\/wp\/v2\/comments?post=3994"}],"version-history":[{"count":5,"href":"https:\/\/www.comiteactionpalestine.org\/word\/wp-json\/wp\/v2\/posts\/3994\/revisions"}],"predecessor-version":[{"id":4001,"href":"https:\/\/www.comiteactionpalestine.org\/word\/wp-json\/wp\/v2\/posts\/3994\/revisions\/4001"}],"wp:featuredmedia":[{"embeddable":true,"href":"https:\/\/www.comiteactionpalestine.org\/word\/wp-json\/wp\/v2\/media\/3996"}],"wp:attachment":[{"href":"https:\/\/www.comiteactionpalestine.org\/word\/wp-json\/wp\/v2\/media?parent=3994"}],"wp:term":[{"taxonomy":"category","embeddable":true,"href":"https:\/\/www.comiteactionpalestine.org\/word\/wp-json\/wp\/v2\/categories?post=3994"},{"taxonomy":"post_tag","embeddable":true,"href":"https:\/\/www.comiteactionpalestine.org\/word\/wp-json\/wp\/v2\/tags?post=3994"}],"curies":[{"name":"wp","href":"https:\/\/api.w.org\/{rel}","templated":true}]}}