{"id":395,"date":"2013-02-22T23:04:32","date_gmt":"2013-02-22T22:04:32","guid":{"rendered":"http:\/\/www.comiteactionpalestine.org\/word\/?p=395"},"modified":"2014-03-12T23:11:55","modified_gmt":"2014-03-12T22:11:55","slug":"soutenir-la-lutte-des-prisonniers-detenus-dans-les-geoles-sionistes-fevrier-2013-n6","status":"publish","type":"post","link":"https:\/\/www.comiteactionpalestine.org\/word\/soutenir-la-lutte-des-prisonniers-detenus-dans-les-geoles-sionistes-fevrier-2013-n6\/","title":{"rendered":"Soutenir la lutte des prisonniers d\u00e9tenus dans les ge\u00f4les sionistes (F\u00e9vrier 2013 : N\u00b06)"},"content":{"rendered":"<div class=\"pdfprnt-buttons pdfprnt-buttons-post pdfprnt-top-right\"><a href=\"https:\/\/www.comiteactionpalestine.org\/word\/wp-json\/wp\/v2\/posts\/395?print=pdf\" class=\"pdfprnt-button pdfprnt-button-pdf\" target=\"_blank\"><img decoding=\"async\" src=\"http:\/\/www.comiteactionpalestine.org\/word\/wp-content\/plugins\/pdf-print\/images\/pdf.png\" alt=\"image_pdf\" title=\"Afficher le PDF\" \/><\/a><a href=\"https:\/\/www.comiteactionpalestine.org\/word\/wp-json\/wp\/v2\/posts\/395?print=print\" class=\"pdfprnt-button pdfprnt-button-print\" target=\"_blank\"><img decoding=\"async\" src=\"http:\/\/www.comiteactionpalestine.org\/word\/wp-content\/plugins\/pdf-print\/images\/print.png\" alt=\"image_print\" title=\"Contenu imprim\u00e9\" \/><\/a><\/div><p style=\"text-align: justify\">le 22\/2\/2013 8:20:00\u00a0(210 lectures)<\/p>\n<div style=\"text-align: justify\">\n<p>\u00a0\u00ab\u00a0Rien ne symbolise mieux que la prison coloniale la lutte \u00e0 mort qui se joue entre colon et colonis\u00e9. Si la prison est l&rsquo;\u00e9ventualit\u00e9 certaine du r\u00e9sistant, la r\u00e9sistance est aussi l&rsquo;horizon du prisonnier. C\u2019est ce qu&rsquo;attestent les luttes men\u00e9es au sein m\u00eame des ge\u00f4les sionistes. Les prisonniers sont les martyrs, mais non les victimes de la r\u00e9sistance. Ils en sont les acteurs. Lutter contre la d\u00e9tention administrative et les conditions carc\u00e9rales, c\u2019est aussi lutter pour que la r\u00e9sistance continue, c\u2019est lutter pour que la soci\u00e9t\u00e9 continue d\u2019exister. Parce que le combat des prisonniers est toujours un combat politique, le statut de prisonnier constitue, par cons\u00e9quent, un rep\u00e8re fondamental de l\u2019identit\u00e9 nationale palestinienne. C\u2019est pourquoi la lib\u00e9ration inconditionnelle de tous les prisonniers, palestiniens et arabes, est une revendication centrale de la cause palestinienne.<\/p>\n<p>Cette chronique, produite par Rim al-Khatib, se veut \u00eatre l\u2019\u00e9cho de cette lutte. Depuis d\u00e9but 2012, les prisonniers en d\u00e9tention administrative ont lanc\u00e9 un mouvement ininterrompu de gr\u00e8ve de la faim. Actuellement Samer \u2018Issawi est en gr\u00e8ve de la faim depuis plus de 5 mois (150 jours)\u00a0\u00bb.<\/p>\n<hr \/>\n<div align=\"center\"><strong>\u00ab\u00a0N\u00e9s libres, nous le resterons\u00a0\u00bb<\/strong><\/div>\n<div align=\"center\"><strong>Soutenir la lutte des prisonniers d\u00e9tenus dans les ge\u00f4les sionistes<\/strong><\/div>\n<div align=\"center\"><strong>\u00a0<\/strong><\/div>\n<div align=\"center\"><strong>F\u00e9vrier 2013\u00a0: N\u00b06<\/strong><\/div>\n<div align=\"center\"><strong>\u00a0<\/strong><\/div>\n<div align=\"center\"><strong>I &#8211; Abolir la d\u00e9tention \u00ab\u00a0administrative\u00a0\u00bb<\/strong><\/div>\n<div align=\"center\"><strong>\u00a0<\/strong><\/div>\n<div align=\"center\"><a href=\"http:\/\/www.comiteactionpalestine.org\/word\/wp-content\/uploads\/2014\/03\/img51271a0a397c5-1.jpeg\"><img fetchpriority=\"high\" decoding=\"async\" class=\"alignright size-full wp-image-396\" alt=\"img51271a0a397c5 (1)\" src=\"http:\/\/www.comiteactionpalestine.org\/word\/wp-content\/uploads\/2014\/03\/img51271a0a397c5-1.jpeg\" width=\"500\" height=\"300\" \/><\/a>Samer Issawi, dont la gr\u00e8ve de la faim a d\u00e9pass\u00e9 les 209 jours, sera-t-il finalement lib\u00e9r\u00e9\u00a0? \u00a0Dans un message adress\u00e9 au peuple palestinien, il d\u00e9clare que son martyre sera la bombe lanc\u00e9e \u00e0 la face de l\u2019occupation. Il d\u00e9clare\u00a0: \u00ab\u00a0je suis plus fort que l\u2019arm\u00e9e de l\u2019occupation et ses lois racistes, je suis Samer Issawi, fils de la ville d\u2019al-Quds. Je vous demande, lorsque je tombe martyr, de porter mon \u00e2me comme un cri en faveur de tous les prisonniers et prisonni\u00e8res, que ce soit le cri pour la libert\u00e9, la lib\u00e9ration et la fin du cauchemar des prisons et de leurs t\u00e9n\u00e8bres \u00e9touffantes. Mon combat est plus grand qu\u2019une question de libert\u00e9 individuelle. Moi-m\u00eame et mes compagnons h\u00e9ro\u00efques, Tareq, Ayman et Jaafar, menons une lutte pour tout le peuple palestinien, contre l\u2019occupation et ses prisons, afin que nous soyions libres et ma\u00eetres dans notre Etat lib\u00e9r\u00e9 et dans notre ville d\u2019al-Quds\u2026. Ne craignez pas pour mon c\u0153ur s\u2019il s\u2019arr\u00eate de battre, ni pour mes mains si elles deviennent paralys\u00e9es, je suis vivant et je vivrai apr\u00e8s ma mort, car al-Quds bouge dans mon sang, dans ma foi et ma doctrine\u00a0\u00bb.<\/div>\n<div><\/div>\n<div>Devenu le symbole de la r\u00e9sistance palestinienne \u00e0 l\u2019occupation, Samer Issawi sacrifie sa vie pour que la Palestine vive et se lib\u00e8re. Samer Issawi, cadre dirigeant du FDLP, a \u00e9t\u00e9 emprisonn\u00e9 par les forces de l\u2019occupation pour acte de r\u00e9sistance. Il fut lib\u00e9r\u00e9 dans le cadre de l\u2019accord d\u2019\u00e9change en octobre 2011. Revenu dans sa ville, al-Qods, il a refus\u00e9 le diktat sioniste l\u2019emp\u00eachant de se rendre en Cisjordanie. Il est arr\u00eat\u00e9 par l\u2019occupation et plac\u00e9 en \u00ab\u00a0d\u00e9tention administrative\u00a0\u00bb, ce qui signifie que sa simple pr\u00e9sence hors de prison constitue, pour les services s\u00e9curitaires sionistes, une menace \u00e0 leur domination. Cette forme de d\u00e9tention est barbare (torture physique, morale et psychique) et humiliante (tout Palestinien qui \u00ab\u00a0g\u00eane\u00a0\u00bb l\u2019occupation est menac\u00e9 d\u2019arrestation et de d\u00e9tention). Abolir la d\u00e9tention administrative en Palestine occup\u00e9e est devenue une priorit\u00e9. D\u2019o\u00f9 la n\u00e9cessit\u00e9 de lancer une large campagne de d\u00e9nonciation et d\u2019explication sur ce qu\u2019est cette forme de d\u00e9tention, et exiger son abolition. Le centre palestinien Addameer a d\u00e9cid\u00e9 de lancer une nouvelle campagne internationale dans ce sens, \u00e0 partir du 17 avril prochain, qui correspond \u00e0 la Journ\u00e9e du Prisonnier palestinien.<\/div>\n<div><\/div>\n<div>Shadi Issawi, le fr\u00e8re de Samer Issawi, a \u00e9t\u00e9 arr\u00eat\u00e9 le 17 f\u00e9vrier dernier par les forces de l\u2019occupation. La tente de la solidarit\u00e9 avec les prisonniers en lutte install\u00e9e \u00e0 Issawiya dans al-Quds a \u00e9t\u00e9 d\u00e9truite pour la 24\u00e8me\u00a0fois. Les forces de l\u2019occupation ont attaqu\u00e9 une manifestation allant de Sheikh Jarrah \u00e0 Issawiya. L\u2019Etat sioniste craint le d\u00e9veloppement de la solidarit\u00e9 avec les prisonniers en lutte et croit qu\u2019en arr\u00eatant les membres de la famille Issawi, la r\u00e9volte croissante des Palestiniens prendra fin. Mais c\u2019est le contraire, puisque sheikh Khodr Adnane a appel\u00e9 les Palestiniens, lors d\u2019une journ\u00e9e de solidarit\u00e9 dans la ville d\u2019al-Khalil, \u00e0 entrer en confrontation avec les soldats de l\u2019occupation.<\/div>\n<div><\/div>\n<div>Ce cadre dirigeant du mouvement du Jihad islamique, d\u00e9clencheur de la lutte des prisonniers pour la dignit\u00e9, a entam\u00e9 la gr\u00e8ve de la faim, en solidarit\u00e9 avec les prisonniers en lutte. Il a annonc\u00e9 sa participation \u00e0 la gr\u00e8ve de la faim au lendemain d\u2019une journ\u00e9e nationale de solidarit\u00e9, tenue \u00e0 Bethlelem, en Cisjordanie, r\u00e9clamant la lib\u00e9ration imm\u00e9diate des prisonniers gr\u00e9vistes et l\u2019abolition de la d\u00e9tention \u00ab\u00a0administrative\u00a0\u00bb. R\u00e9alisant que l\u2019ennemi sioniste profite du silence et de la complicit\u00e9 internationale, il a d\u00e9cid\u00e9 de r\u00e9agir en appelant les Palestiniens \u00e0 accentuer leur soutien et leur lutte contre l\u2019occupation. La m\u00e8re et les deux fr\u00e8res de Ayman Sharawneh ont entam\u00e9 la gr\u00e8ve de la faim. Au cours d\u2019une journ\u00e9e organis\u00e9e dans la ville d\u2019al-Khalil en soutien aux gr\u00e9vistes, les membres de la famille de Ayman Sharawneh ont d\u00e9cid\u00e9 de rejoindre la lutte pour la dignit\u00e9.<\/div>\n<div><\/div>\n<div>Le CICR r\u00e9agit de mani\u00e8re honteuse \u00e0 la lutte des prisonniers et du soutien de leurs familles. Pr\u00e9textant la pr\u00e9sence de sheikh Khodr Adnane dans ses locaux, il a d\u00e9cid\u00e9 d\u2019emp\u00eacher les familles des prisonniers de s\u2019y rassembler, que ce soit \u00e0 Gaza ou \u00e0 Ramallah. Bilal Diab, prisonnier lib\u00e9r\u00e9 ayant \u00e9galement une gr\u00e8ve de la faim pour obtenir sa lib\u00e9ration, a comment\u00e9\u00a0: \u00ab\u00a0le CICR devrait plut\u00f4t fermer ses locaux qui se trouvent dans Tel Aviv\u00a0\u00bb. Le CICR pr\u00e9tend que la pr\u00e9sence de sheikh Khodr Adnane g\u00eane les parents des prisonniers, qui souhaitent recevoir leur autorisation pour les visites. La tentative du CICR de diviser entre les gr\u00e9vistes de la faim et les familles de prisonniers a \u00e9t\u00e9 refus\u00e9e par les familles m\u00eame, qui ont affirm\u00e9 leur soutien \u00e0 sheikh Khodr Adnane, tout comme les prisonniers ont soutenu la d\u00e9marche du r\u00e9sistant du Jihad islamique.<\/div>\n<div><\/div>\n<div>L\u2019attitude de l\u2019\u00e9quipe du CICR install\u00e9e en Palestine soul\u00e8ve col\u00e8re et indignation au sein des familles des prisonniers, et de larges couches du peuple palestinien. A l\u2019exception d\u2019un communiqu\u00e9 laconique s\u2019inqui\u00e9tant de la sant\u00e9 des prisonniers en lutte, le CICR n\u2019a apport\u00e9 aucune aide et n\u2019a fourni aucun effort pour interpeller les instances internationales sur le sort des prisonniers palestiniens. Il continue \u00e0 \u00eatre le fid\u00e8le serviteur de l\u2019occupation, et sous pr\u00e9texte de \u00ab\u00a0neutralit\u00e9\u00a0\u00bb, poursuit une politique de collaboration indigne de quiconque pr\u00e9tend vouloir servir la cause de la libert\u00e9 et de la justice dans le monde.<\/div>\n<div><\/div>\n<div>Il faut rappeler que les locaux du CICR dans al-Quds ont \u00e9t\u00e9 envahis par les forces s\u00e9curitaires sionistes pour enlever les d\u00e9put\u00e9s maqdisis qui s\u2019y \u00e9taient r\u00e9fugi\u00e9s, ayant cru \u00e0 la \u00ab\u00a0neutralit\u00e9\u00a0\u00bb du CICR. Mais au fur et \u00e0 mesure que le peuple palestinien se soul\u00e8ve et revendique son droit \u00e0 la libert\u00e9, il se heurte \u00e0 tous ces organismes soi-disant humanitaires et droits de l\u2019hommi(stes), internationaux et locaux, qui ont, pendant des ann\u00e9es, assur\u00e9 une couverture l\u00e9gale \u00e0 l\u2019occupation.<\/div>\n<div><\/div>\n<div>La d\u00e9tention \u00ab\u00a0administrative\u00a0\u00bb des professeurs et journalistes palestiniens\u00a0: Le dr. Muhammad Izzat Mohammad Yahya, 47 ans, de la ville de J\u00e9nine, a \u00e9t\u00e9 arr\u00eat\u00e9 la premi\u00e8re fois en 2000, pendant deux mois. Professeur \u00e0 l\u2019universit\u00e9 al-Qods (universit\u00e9 ouverte), il a de nouveau \u00e9t\u00e9 arr\u00eat\u00e9 le 30 janvier 2012, et d\u00e9tenu \u00ab\u00a0administratif\u00a0\u00bb pendant 7 mois. A la date pr\u00e9vue pour sa lib\u00e9ration, sa d\u00e9tention est renouvel\u00e9e le 8\/8\/2012, puis de nouveau renouvel\u00e9e le 5\/11\/2012 pour 6 mois. Le tribunal sioniste a refus\u00e9 l\u2019appel de la famille. Le professeur utilise sa d\u00e9tention pour enseigner et diffuser son savoir aupr\u00e8s des autres d\u00e9tenus. \u2018Amer Abou Arfa (29 ans), journaliste, est d\u00e9tenu depuis le 21 ao\u00fbt 2011 dans les prisons de l\u2019occupation, en tant que d\u00e9tenu \u00ab\u00a0administratif\u00a0\u00bb. Sa d\u00e9tention a \u00e9t\u00e9 renouvel\u00e9e le 6 f\u00e9vrier dernier. Il avait \u00e9t\u00e9 d\u00e9tenu \u00ab\u00a0administratif\u00a0\u00bb pendant 4 ans, lorsqu\u2019il fut arr\u00eat\u00e9 en 2003.<\/div>\n<div><\/div>\n<div>L\u2019Etat de l\u2019occupation vient de d\u00e9cider que tous les prisonniers lib\u00e9r\u00e9s au cours de l\u2019accord d\u2019\u00e9change en octobre 2011 sont sous la menace de la d\u00e9tention \u00ab\u00a0administrative\u00a0\u00bb pr\u00e9textant l\u2019existence de \u00ab\u00a0preuves secr\u00e8tes\u00a0\u00bb pouvant entra\u00eener l\u2019arrestation et la d\u00e9tention. \u00a0La nouvelle d\u00e9claration des sionistes menace \u00e9galement les prisonniers lib\u00e9r\u00e9s de les obliger \u00e0 \u00ab\u00a0accomplir\u00a0\u00bb les peines pour lesquelles ils avaient \u00e9t\u00e9 arr\u00eat\u00e9s auparavant. Ce qui signifie que l\u2019Etat de l\u2019occupation bafoue, une fois de plus, ses propres engagements, ce qui n\u2019est pas \u00e9tonnant ni surprenant d\u2019un Etat colonial ill\u00e9gal, mais c\u2019est \u00e0 l\u2019Egypte qui a supervis\u00e9 l\u2019accord d\u2019\u00e9change, de faire pression pour l\u2019obliger \u00e0 les respecter.<\/div>\n<div><\/div>\n<div align=\"center\"><strong>2 \u2013 Statistiques<\/strong><strong><\/strong><\/div>\n<div align=\"center\"><strong>\u00a0<\/strong><\/div>\n<div align=\"center\">Le nombre de prisonniers d\u00e9tenus dans les ge\u00f4les de l\u2019occupation depuis plus de 20 ans s\u2019est \u00e9lev\u00e9 \u00e0 73 prisonniers. Deux prisonniers de J\u00e9nine ont rejoint la liste\u00a0: Ahmad Sa\u2019\u00eed Qassem Abdel Aziz, d\u00e9tenu depuis le 10 f\u00e9vrier 1993 a \u00e9t\u00e9 condamn\u00e9 \u00e0 la perp\u00e9tuit\u00e9 pour acte de r\u00e9sistance, et Usama Khaled Silawi, d\u00e9tenu depuis le 16 f\u00e9vrier 1993, a \u00e9t\u00e9 condamn\u00e9 \u00e0 4 perp\u00e9tuit\u00e9s et 55 ans, pour avoir men\u00e9 des op\u00e9rations de r\u00e9sistance et dirig\u00e9 le groupe \u00ab\u00a0Panth\u00e8re noire\u00a0\u00bb dans la province de J\u00e9nine. Le combattant prisonnier Usama Silawi a r\u00e9cement r\u00e9ussi, avec trois autres camarades prisonniers, \u00e0 briser les barreaux pour pratiquer une ins\u00e9mination artificielle de leurs \u00e9pouses. Il sera, si Dieu le veut, bient\u00f4t p\u00e8re.<\/div>\n<div><\/div>\n<div><\/div>\n<div align=\"center\"><\/div>\n<div align=\"center\"><strong>4 \u2013 Portrait<\/strong><\/div>\n<div align=\"center\"><strong>\u00a0<\/strong><\/div>\n<div align=\"center\">Le combattant prisonnier Khaled Daoud Azraq (43 ans) du camp de \u2018A\u00efda pr\u00e8s de Bethlehem est d\u00e9tenu depuis le 12 f\u00e9vrier 1991. Il a \u00e9t\u00e9 condamn\u00e9 \u00e0 la perp\u00e9tuit\u00e9 pour r\u00e9sistance \u00e0 l\u2019occupation. Le combattant prisonnier a \u00e9t\u00e9 d\u00e9tenu alors adolescent, en 1982, pendant deux ans et demi dans la prison de Damon, qui \u00e9tait r\u00e9serv\u00e9 aux enfants palestiniens. Khaled s\u2019est ensuite mari\u00e9 \u00e0 Amal Utabi qui l\u2019a second\u00e9 dans la r\u00e9sistance. Deux mois apr\u00e8s leur mariage, et au cours d\u2019une op\u00e9ration arm\u00e9e contre l\u2019occupation, en d\u00e9cembre 1990, Amal Utabi, enceinte, tombe martyre. Khaled fut arr\u00eat\u00e9 deux mois apr\u00e8s. Il a subi un interrogatoire tr\u00e8s douloureux.<\/div>\n<div><\/div>\n<div align=\"center\"><\/div>\n<div align=\"center\"><strong>5 \u2013 Prisons secr\u00e8tes<\/strong><\/div>\n<div align=\"center\"><strong>\u00a0<\/strong><\/div>\n<div>Une nouvelle fois, est soulev\u00e9e la question des prisons secr\u00e8tes dans l\u2019entit\u00e9 sionite occupante. D\u2019apr\u00e8s les sources sionistes elles-m\u00eames, les services de renseignements ainsi que le minist\u00e8re de l\u2019int\u00e9rieur ont emprisonn\u00e9 un ancien membre du Mossad, qui aurait particip\u00e9 \u00e0 l\u2019assassinat de Mahmoud al-Mabhouh, cadre dirigeant du Hamas \u00e0 Duba\u00ef. De nationalit\u00e9 australienne, cet agent du Mossad aurait communiqu\u00e9, ou aurait eu l\u2019intention de communiquer, des informations sur l\u2019assassinat, aux autorit\u00e9s de Duba\u00ef. Il fut enferm\u00e9 dans une prison secr\u00e8te, et son nom chang\u00e9. Le prisonnier X se serait suicid\u00e9. Cette information confirme l\u2019existence de prisons secr\u00e8tes et soul\u00e8ve \u00e0 nouveau des questions sur le sort du prisonnier libanais Yahya Skaf, combattant du Fateh ayant particip\u00e9 \u00e0 l\u2019op\u00e9ration Kamal Adouane, en mars 1978, \u00e0 propos duquel les sionistes refusent jusqu\u2019\u00e0 pr\u00e9sent de communiquer des nouvelles, et sur le sort des diplomates iraniens, enlev\u00e9s au Liban par les Forces Libanaises et livr\u00e9s aux sionistes.<\/div>\n<div><\/div>\n<div><\/div>\n<div align=\"center\"><\/div>\n<div align=\"center\"><strong>6 \u2013 Solidarit\u00e9<\/strong><\/div>\n<div align=\"center\"><strong>\u00a0<\/strong><\/div>\n<div>Le soul\u00e8vement du peuple palestinien est en cours. Il affronte vaillamment les forces de l\u2019occupation, du nord au sud de la Cisjordanie, et dans la ville meurtrie d\u2019al-Quds. Autour des prisonniers et de leur lutte, il s\u2019est uni contre l\u2019occupation. C\u2019est la voie de l\u2019unit\u00e9, la seule qui puisse mobiliser l\u2019ensemble du peuple palestinien. L\u2019unit\u00e9 recherch\u00e9e dans les pourparlers du Caire, de Doha ou de Riyad appara\u00eet aussi creuse que l\u2019attente de la \u00ab\u00a0communaut\u00e9 internationale\u00a0\u00bb.<\/div>\n<div>1000 prisonniers palestiniens d\u00e9tenus dans les prisons de l\u2019occupation entament la gr\u00e8ve de la faim, ce mardi 19 f\u00e9vrier.<\/div>\n<div>Les \u00e9tudiants de Biz-Zeit tentent de fermer les locaux de la repr\u00e9sentation de l\u2019ONU \u00e0 Ramallah, protestant contre cet organisme accus\u00e9 de compromission avec l\u2019occupant sioniste. Plusieurs \u00e9tudiants ont d\u00e9clar\u00e9 la gr\u00e8ve de la faim, en soutien aux prisonniers en lutte.<\/div>\n<div>Le\u00a0vendredi de \u00ab\u00a0brisons les cha\u00eenes\u00a0\u00bb\u00a0 (15 f\u00e9vrier) a \u00e9t\u00e9 organis\u00e9 en Palestine en soutien aux prisonniers en lutte. Que ce soit \u00e0 Gaza, en Cisjordanie, dans la ville d\u2019al-Quds ou dans les territoires occup\u00e9s en 48, le peuple palestinien s\u2019est soulev\u00e9. Devant la prison de Ofer, les militaires de l\u2019occupation ont tir\u00e9\u00a0: plus de 200 Palestiniens furent bless\u00e9s. A Bethlehem, les manifestants se sont rassembl\u00e9s pour la pri\u00e8re du vendredi. Les r\u00e9fugi\u00e9s du camp de Ayda ont affront\u00e9 les soldats de l\u2019occupation aux abords du camp. D\u2019autres manifestants se sont dirig\u00e9s vers le barrage de Jalame, et ont coup\u00e9 la route Nasra-J\u00e9nine. Sheikh Khodr Adnane, en gr\u00e8ve de la faim, a d\u00e9clar\u00e9\u00a0: \u00ab\u00a0le meilleur soutien aux combattants gr\u00e9vistes de la faim consiste \u00e0 affronter l\u2019occupation.\u00a0\u00bb.<\/div>\n<div><\/div>\n<div>360 prisonniers palestiniens d\u00e9tenus dans la prison Ramon, aux c\u00f4t\u00e9s des prisonniers du mouvement du Jihad islamique, ont d\u00e9clar\u00e9 la gr\u00e8ve de la faim, le 15 f\u00e9vrier, en solidarit\u00e9 avec les prisonniers en lutte. Mais plusieurs mouvements de protestation dans les prisons de l\u2019occupation se poursuivent, soit par prisons ou sections, soit par formations politiques. Certains expliquent ces luttes sectorielles et le manque de coordination par la situation d\u00e9sastreuse de la division inter-palestinienne.<\/div>\n<div><\/div>\n<div>Pendant plusieurs jours, les Palestiniens vivant dans les territoires occup\u00e9s en 48 manifestent devant la prison de Ramleh, en soutien aux prisonniers en lutte. Mais des voix s\u2019\u00e9l\u00e8vent de plus en plus pour r\u00e9clamer des d\u00e9put\u00e9s (arabes palestiniens) qui si\u00e8gent \u00e0 la Knesset sioniste de boycotter les s\u00e9ances de cet organisme, en signe de solidarit\u00e9 avec les prisonniers. Il est vrai cependant que les d\u00e9put\u00e9s agissent mais leurs actions ne d\u00e9passent pas celles des militants ou dirigeants des mouvements politiques. A quoi sert-il d\u2019\u00eatre d\u00e9put\u00e9 dans cet organisme sioniste, s\u2019ils ne profitent pas pour \u00e9lever la voix et mobiliser les d\u00e9put\u00e9s europ\u00e9ens ou autres dans le monde\u00a0?<\/div>\n<div><\/div>\n<div>A Tulkarm, une journ\u00e9e de grande mobilisation autour de la lutte des prisonniers le 14 f\u00e9vrier dernier a r\u00e9uni des milliers de personnes. Des photos des prisonniers en lutte ainsi que des fleurs ont \u00e9t\u00e9 distribu\u00e9s aux passants. Selon un responsable de la mobilisation, m\u00eame les forces de s\u00e9curit\u00e9 de l\u2019AP ont rejoint le rassemblement central, en v\u00eatements civils, cependant.<\/div>\n<div><\/div>\n<div>Plus de 200 jours de gr\u00e8ve de la faim pour faire r\u00e9agir l\u2019ONU, l\u2019Union europ\u00e9enne et malheureusement, quelques forces politiques arabes et leurs m\u00e9dias. La commission des droits de l\u2019homme \u00e0 l\u2019ONU a publi\u00e9 une lettre de solidarit\u00e9 avec les d\u00e9tenus en lutte.<\/div>\n<div><\/div>\n<div>Au moment o\u00f9 le peuple palestinien se soul\u00e8ve en Cisjordanie occup\u00e9e r\u00e9clamant la lib\u00e9ration des prisonniers en lutte, les services s\u00e9curitaires de l\u2019Autorit\u00e9 palestinienne de Ramallah arr\u00eate les militants. Deux militants du mouvement du Jihad islamique de la ville d\u2019al-Khalil ont \u00e9t\u00e9 arr\u00eat\u00e9s le lundi 18 f\u00e9vrier. De nombreux militants du Hamas avaient \u00e9galement \u00e9t\u00e9 arr\u00eat\u00e9s d\u00e8s le d\u00e9but du mois de f\u00e9vrier, dont des prisonniers lib\u00e9r\u00e9s.<\/div>\n<div><\/div>\n<p>&nbsp;<\/p>\n<\/div>\n","protected":false},"excerpt":{"rendered":"<p>le 22\/2\/2013 8:20:00\u00a0(210 lectures) \u00a0\u00ab\u00a0Rien ne symbolise mieux que la prison coloniale la lutte \u00e0 mort qui se joue entre colon et colonis\u00e9. Si la prison est l&rsquo;\u00e9ventualit\u00e9 certaine du r\u00e9sistant, la r\u00e9sistance est aussi l&rsquo;horizon du prisonnier. C\u2019est ce qu&rsquo;attestent les luttes men\u00e9es au sein m\u00eame des ge\u00f4les sionistes. Les prisonniers sont les martyrs, [&hellip;]<\/p>\n","protected":false},"author":2,"featured_media":0,"comment_status":"closed","ping_status":"closed","sticky":false,"template":"","format":"standard","meta":{"footnotes":""},"categories":[9],"tags":[],"class_list":["post-395","post","type-post","status-publish","format-standard","hentry","category-prisonniers"],"views":2118,"_links":{"self":[{"href":"https:\/\/www.comiteactionpalestine.org\/word\/wp-json\/wp\/v2\/posts\/395","targetHints":{"allow":["GET"]}}],"collection":[{"href":"https:\/\/www.comiteactionpalestine.org\/word\/wp-json\/wp\/v2\/posts"}],"about":[{"href":"https:\/\/www.comiteactionpalestine.org\/word\/wp-json\/wp\/v2\/types\/post"}],"author":[{"embeddable":true,"href":"https:\/\/www.comiteactionpalestine.org\/word\/wp-json\/wp\/v2\/users\/2"}],"replies":[{"embeddable":true,"href":"https:\/\/www.comiteactionpalestine.org\/word\/wp-json\/wp\/v2\/comments?post=395"}],"version-history":[{"count":4,"href":"https:\/\/www.comiteactionpalestine.org\/word\/wp-json\/wp\/v2\/posts\/395\/revisions"}],"predecessor-version":[{"id":400,"href":"https:\/\/www.comiteactionpalestine.org\/word\/wp-json\/wp\/v2\/posts\/395\/revisions\/400"}],"wp:attachment":[{"href":"https:\/\/www.comiteactionpalestine.org\/word\/wp-json\/wp\/v2\/media?parent=395"}],"wp:term":[{"taxonomy":"category","embeddable":true,"href":"https:\/\/www.comiteactionpalestine.org\/word\/wp-json\/wp\/v2\/categories?post=395"},{"taxonomy":"post_tag","embeddable":true,"href":"https:\/\/www.comiteactionpalestine.org\/word\/wp-json\/wp\/v2\/tags?post=395"}],"curies":[{"name":"wp","href":"https:\/\/api.w.org\/{rel}","templated":true}]}}