{"id":3704,"date":"2022-05-14T16:15:30","date_gmt":"2022-05-14T15:15:30","guid":{"rendered":"http:\/\/www.comiteactionpalestine.org\/word\/?p=3704"},"modified":"2022-08-08T19:16:14","modified_gmt":"2022-08-08T18:16:14","slug":"commemoration-de-la-nakba-un-peuple-qui-resiste-finira-tot-ou-tard-par-triompher","status":"publish","type":"post","link":"https:\/\/www.comiteactionpalestine.org\/word\/commemoration-de-la-nakba-un-peuple-qui-resiste-finira-tot-ou-tard-par-triompher\/","title":{"rendered":"Comm\u00e9moration de la Nakba : un peuple qui r\u00e9siste finira t\u00f4t ou tard par triompher !"},"content":{"rendered":"<div class=\"pdfprnt-buttons pdfprnt-buttons-post pdfprnt-top-right\"><a href=\"https:\/\/www.comiteactionpalestine.org\/word\/wp-json\/wp\/v2\/posts\/3704?print=pdf\" class=\"pdfprnt-button pdfprnt-button-pdf\" target=\"_blank\"><img decoding=\"async\" src=\"http:\/\/www.comiteactionpalestine.org\/word\/wp-content\/plugins\/pdf-print\/images\/pdf.png\" alt=\"image_pdf\" title=\"Afficher le PDF\" \/><\/a><a href=\"https:\/\/www.comiteactionpalestine.org\/word\/wp-json\/wp\/v2\/posts\/3704?print=print\" class=\"pdfprnt-button pdfprnt-button-print\" target=\"_blank\"><img decoding=\"async\" src=\"http:\/\/www.comiteactionpalestine.org\/word\/wp-content\/plugins\/pdf-print\/images\/print.png\" alt=\"image_print\" title=\"Contenu imprim\u00e9\" \/><\/a><\/div>\n<p>Comit\u00e9 Action Palestine, 14 mai 2022<\/p>\n\n\n\n<p>Le 14 mai 1948, jour de la \u00ab cr\u00e9ation de l\u2019Etat isra\u00e9lien \u00bb, est comm\u00e9mor\u00e9 par les Palestiniens comme la Nakba, la Catastrophe. L\u2019entit\u00e9 sioniste s\u2019est construite sur une \u00e9puration ethnique sans pr\u00e9c\u00e9dent qui consista \u00e0 massacrer et expulser 90% de la population autochtone&nbsp;: le peuple palestinien. Cinq cents villages d\u00e9truits, 800 000 Palestiniens expuls\u00e9s de leurs terres, de tr\u00e8s nombreux massacres, les sionistes franchissaient alors une \u00e9tape majeure dans leur projet colonial entrepris d\u00e8s la fin du XIX<sup>\u00e8me<\/sup> si\u00e8cle. Mais la Nakba ne s\u2019est pas arr\u00eat\u00e9e en 1948. Depuis plus de 70 ans, la juda\u00efsation de la Palestine, l\u2019\u00e9puration ethnique et le vol de la terre se poursuivent \u00e0 marche forc\u00e9e, avec le soutien total des puissances imp\u00e9rialistes. Les Palestiniens, hommes, femmes, enfants, journalistes sont assassin\u00e9s au grand jour, les prisonniers tortur\u00e9s, leurs maisons d\u00e9truites, leurs terres vol\u00e9es, leurs lieux de cultes spoli\u00e9s, leur dignit\u00e9 bafou\u00e9e. Jamais un crime ne fut autant l\u00e9gitim\u00e9, l\u00e9galis\u00e9, applaudi. Jamais un crime n\u2019a rassembl\u00e9 et coalis\u00e9 autant de nations, r\u00e9v\u00e9l\u00e9 tant d\u2019hypocrisie et de trahison pour \u00e9craser un peuple. Sur la Nakba s\u2019est \u00e9tabli un crime nomm\u00e9 Isra\u00ebl.<\/p>\n\n\n\n<p>L\u2019Europe et les Etats-Unis apportent un soutien inconditionnel \u00e0 l\u2019entit\u00e9 sioniste, et la France se distingue par son extr\u00e9misme &nbsp;et son soutien ind\u00e9fectible au crime isra\u00e9lien qui se perp\u00e9tue sous nos yeux. A l\u2019occasion des 74 ans d\u2019existence de l\u2019entit\u00e9 sioniste, le Pr\u00e9sident fran\u00e7ais a assur\u00e9 Isra\u00ebl d\u2019une \u00ab coop\u00e9ration sur tous les plans \u00bb, s\u2019alignant ainsi ouvertement sur les positions isra\u00e9liennes. Apr\u00e8s Donald Trump en 2019, Emmanuel Macron, par la voix de Jean Castex, a ainsi d\u00e9clar\u00e9 le 24 f\u00e9vrier 2022 que \u00ab J\u00e9rusalem est la capitale \u00e9ternelle du peuple juif \u00bb.<\/p>\n\n\n\n<p>Pas un mot sur\nles crimes commis par les sionistes, alors que depuis le d\u00e9but de l\u2019ann\u00e9e 2022,\npr\u00e8s de 50 Palestiniens ont \u00e9t\u00e9 tu\u00e9s, dont 8 enfants et 2 femmes, selon\nl\u2019Observatoire euro-m\u00e9diterran\u00e9en des droits de l\u2019Homme, soit 5 fois plus que l\u2019an\ndernier pour la m\u00eame p\u00e9riode. Comme ancienne puissance coloniale, la France n\u2019a\njamais respect\u00e9 les droits de l\u2019homme qu\u2019elle d\u00e9fend pourtant ostensiblement\ncomme valeur fondatrice de la R\u00e9publique. Avec son soutien inconditionnel \u00e0\nl\u2019Etat sioniste, elle reste dans cette tradition coloniale en bafouant\nconstamment les principes affich\u00e9s et le droit international. Le colonialisme\nest l\u2019ADN de la R\u00e9publique fran\u00e7aise.<\/p>\n\n\n\n<p>Pas un mot non\nplus sur l\u2019ex\u00e9cution le 11 mai 2022 \u00e0 J\u00e9nine, de Shireen Abou Akleh,\njournaliste de la chaine d\u2019information&nbsp;\nAl Jazeera, par l\u2019arm\u00e9e isra\u00e9lienne. Rien, visiblement rien, ni les\nmeurtres de masses, ni le crime cibl\u00e9 d\u2019une journaliste, ne peut sortir de la\nbouche des responsables fran\u00e7ais pour condamner les agissements criminels des\nsionistes. La libert\u00e9 de la presse et la libert\u00e9 d\u2019expression sont \u00e0 g\u00e9om\u00e9trie\ntr\u00e8s variables. A l\u2019international comme au plan national, l\u2019Etat fran\u00e7ais\npi\u00e9tine les principes de la libert\u00e9 d\u2019expression et d\u2019association. Ainsi, sous\nle mandat d\u2019Emmanuel Macron, pas moins de 29 associations ont \u00e9t\u00e9 dissoutes,\ndont deux associations de solidarit\u00e9 avec la Palestine. Le d\u00e9cret de\ndissolution de ces derni\u00e8res, fruit de l\u2019all\u00e9geance \u00e0 Isra\u00ebl, a cependant \u00e9t\u00e9 annul\u00e9\n&nbsp;par le Conseil d\u2019Etat, dans une d\u00e9cision\nhistorique contre le gouvernement fran\u00e7ais, reconnaissant que ce dernier a\nport\u00e9 une atteinte grave \u00e0 la libert\u00e9 d\u2019expression et la libert\u00e9 d\u2019association.<\/p>\n\n\n\n<p>En Palestine comme en France, le sionisme veut en\nd\u00e9coudre avec la r\u00e9sistance et le mouvement de solidarit\u00e9 pour\nl\u2019auto-d\u00e9termination du peuple palestinien. Mais la r\u00e9sistance continue. Rien\nn\u2019emp\u00eachera le cours de l\u2019histoire dont on peut tirer cet enseignement&nbsp;:\nun peuple qui r\u00e9siste finira t\u00f4t ou tard par triompher.&nbsp; <\/p>\n\n\n\n<p><strong>A l\u2019occasion de la comm\u00e9moration de la Nakba, le\nComit\u00e9 Action Palestine renouvelle son soutien total \u00e0 la r\u00e9sistance du peuple\npalestinien.<\/strong><\/p>\n","protected":false},"excerpt":{"rendered":"<p>Comit\u00e9 Action Palestine, 14 mai 2022 Le 14 mai 1948, jour de la \u00ab cr\u00e9ation de l\u2019Etat isra\u00e9lien \u00bb, est comm\u00e9mor\u00e9 par les Palestiniens comme la Nakba, la Catastrophe. L\u2019entit\u00e9 sioniste s\u2019est construite sur une \u00e9puration ethnique sans pr\u00e9c\u00e9dent qui consista \u00e0 massacrer et expulser 90% de la population autochtone&nbsp;: le peuple palestinien. Cinq cents [&hellip;]<\/p>\n","protected":false},"author":1,"featured_media":3707,"comment_status":"closed","ping_status":"closed","sticky":false,"template":"","format":"standard","meta":{"footnotes":""},"categories":[25,8],"tags":[],"class_list":["post-3704","post","type-post","status-publish","format-standard","has-post-thumbnail","hentry","category-a-la-une","category-colonialisme-sioniste-actuel"],"views":4047,"_links":{"self":[{"href":"https:\/\/www.comiteactionpalestine.org\/word\/wp-json\/wp\/v2\/posts\/3704","targetHints":{"allow":["GET"]}}],"collection":[{"href":"https:\/\/www.comiteactionpalestine.org\/word\/wp-json\/wp\/v2\/posts"}],"about":[{"href":"https:\/\/www.comiteactionpalestine.org\/word\/wp-json\/wp\/v2\/types\/post"}],"author":[{"embeddable":true,"href":"https:\/\/www.comiteactionpalestine.org\/word\/wp-json\/wp\/v2\/users\/1"}],"replies":[{"embeddable":true,"href":"https:\/\/www.comiteactionpalestine.org\/word\/wp-json\/wp\/v2\/comments?post=3704"}],"version-history":[{"count":4,"href":"https:\/\/www.comiteactionpalestine.org\/word\/wp-json\/wp\/v2\/posts\/3704\/revisions"}],"predecessor-version":[{"id":3798,"href":"https:\/\/www.comiteactionpalestine.org\/word\/wp-json\/wp\/v2\/posts\/3704\/revisions\/3798"}],"wp:featuredmedia":[{"embeddable":true,"href":"https:\/\/www.comiteactionpalestine.org\/word\/wp-json\/wp\/v2\/media\/3707"}],"wp:attachment":[{"href":"https:\/\/www.comiteactionpalestine.org\/word\/wp-json\/wp\/v2\/media?parent=3704"}],"wp:term":[{"taxonomy":"category","embeddable":true,"href":"https:\/\/www.comiteactionpalestine.org\/word\/wp-json\/wp\/v2\/categories?post=3704"},{"taxonomy":"post_tag","embeddable":true,"href":"https:\/\/www.comiteactionpalestine.org\/word\/wp-json\/wp\/v2\/tags?post=3704"}],"curies":[{"name":"wp","href":"https:\/\/api.w.org\/{rel}","templated":true}]}}