{"id":3628,"date":"2022-03-09T21:55:28","date_gmt":"2022-03-09T20:55:28","guid":{"rendered":"http:\/\/www.comiteactionpalestine.org\/word\/?p=3628"},"modified":"2022-04-20T19:50:51","modified_gmt":"2022-04-20T18:50:51","slug":"dissolution-du-comite-action-palestine-communique-de-maitre-william-bourdon-et-maitre-vincent-brengarth-conseils-du-comite-action-palestine","status":"publish","type":"post","link":"https:\/\/www.comiteactionpalestine.org\/word\/dissolution-du-comite-action-palestine-communique-de-maitre-william-bourdon-et-maitre-vincent-brengarth-conseils-du-comite-action-palestine\/","title":{"rendered":"Dissolution du Comit\u00e9 Action Palestine : COMMUNIQUE DE Ma\u00eetre William BOURDON et Ma\u00eetre Vincent BRENGARTH, Conseils du Comit\u00e9 Action Palestine"},"content":{"rendered":"<div class=\"pdfprnt-buttons pdfprnt-buttons-post pdfprnt-top-right\"><a href=\"https:\/\/www.comiteactionpalestine.org\/word\/wp-json\/wp\/v2\/posts\/3628?print=pdf\" class=\"pdfprnt-button pdfprnt-button-pdf\" target=\"_blank\"><img decoding=\"async\" src=\"http:\/\/www.comiteactionpalestine.org\/word\/wp-content\/plugins\/pdf-print\/images\/pdf.png\" alt=\"image_pdf\" title=\"Afficher le PDF\" \/><\/a><a href=\"https:\/\/www.comiteactionpalestine.org\/word\/wp-json\/wp\/v2\/posts\/3628?print=print\" class=\"pdfprnt-button pdfprnt-button-print\" target=\"_blank\"><img decoding=\"async\" src=\"http:\/\/www.comiteactionpalestine.org\/word\/wp-content\/plugins\/pdf-print\/images\/print.png\" alt=\"image_print\" title=\"Contenu imprim\u00e9\" \/><\/a><\/div>\n<p>Le 24 f\u00e9vrier 2022, le ministre de l\u2019int\u00e9rieur G\u00e9rald DARMANIN annon\u00e7ait \u00e0 des fins manifestement \u00e9lectorales sur Twitter avoir demand\u00e9 la dissolution du \u00ab Comit\u00e9 Action Palestine \u00bb, repr\u00e9sent\u00e9 par les soussign\u00e9s, en plus de celle d\u2019une autre association (\u00ab Palestine Vaincra \u00bb). <\/p>\n\n\n\n<p>Le 25 f\u00e9vrier 2022, les repr\u00e9sentants de l\u2019association recevaient une notification pr\u00e9alable \u00e0 sa dissolution, en pr\u00e9voyant un d\u00e9lai de dix jours pour y r\u00e9pondre. L\u2019association, par le biais de ses Conseils, adressait ses observations \u00e9crites le 7 mars 2022, en contestant formellement et point par point l\u2019ensemble des accusations port\u00e9es \u00e0 son encontre. Elle a d\u00e9montr\u00e9 que les positions publiques qu\u2019on lui reproche s\u2019inscrivent dans un d\u00e9bat politique portant sur les violations des droits des Palestiniens, qui ne doit et ne peut se confondre avec un quelconque appel \u00e0 la haine ni avec de l\u2019antis\u00e9mitisme. L\u2019association a notamment rappel\u00e9 que depuis des d\u00e9cennies l\u2019Assembl\u00e9e g\u00e9n\u00e9rale de l\u2019ONU notamment, d\u00e9nonce les violations syst\u00e9miques du droit international et des droits de l\u2019Homme. Font \u00e9cho \u00e0 ces r\u00e9solutions, les rapports de nombreuses ONG dont Human Rights Watch ou Amnesty international. Le Gouvernement n\u2019a pas pris la peine de r\u00e9pondre \u00e0 ces explications d\u00e9taill\u00e9es. C\u2019est dans ce contexte que le Gouvernement a prononc\u00e9, le 9 mars 2022, la dissolution administrative de l\u2019association. Les soussign\u00e9s expriment leurs plus vives pr\u00e9occupations devant cette nouvelle offensive dirig\u00e9e contre les acteurs associatifs d\u00e9fendant la communaut\u00e9 musulmane, dans le contexte de la loi s\u00e9paratisme. Ils s\u2019inqui\u00e8tent d\u2019une dissolution qui vise \u00e0 \u00e9touffer toute critique, certes dure, de la politique d\u2019Isra\u00ebl. Les soussign\u00e9s ont re\u00e7u mandat de saisir le Conseil d\u2019Etat pour contester cette mesure en urgence, portant gravement atteinte \u00e0 plusieurs libert\u00e9s fondamentales, dont la libert\u00e9 d\u2019association.  <\/p>\n\n\n\n<p>William Bourdon et Vincent Brengarth<\/p>\n\n\n\n<p> Le 9 mars 2022 <\/p>\n\n\n\n<p> bourdon &amp; associ\u00e9s AVOCATS, contact@bourdon-associes.com, 156 rue de Rivoli, 75001 PARIS<\/p>\n","protected":false},"excerpt":{"rendered":"<p>Le 24 f\u00e9vrier 2022, le ministre de l\u2019int\u00e9rieur G\u00e9rald DARMANIN annon\u00e7ait \u00e0 des fins manifestement \u00e9lectorales sur Twitter avoir demand\u00e9 la dissolution du \u00ab Comit\u00e9 Action Palestine \u00bb, repr\u00e9sent\u00e9 par les soussign\u00e9s, en plus de celle d\u2019une autre association (\u00ab Palestine Vaincra \u00bb). Le 25 f\u00e9vrier 2022, les repr\u00e9sentants de l\u2019association recevaient une notification pr\u00e9alable [&hellip;]<\/p>\n","protected":false},"author":1,"featured_media":2059,"comment_status":"closed","ping_status":"closed","sticky":false,"template":"","format":"standard","meta":{"footnotes":""},"categories":[25,5],"tags":[],"class_list":["post-3628","post","type-post","status-publish","format-standard","has-post-thumbnail","hentry","category-a-la-une","category-communiques"],"views":1985,"_links":{"self":[{"href":"https:\/\/www.comiteactionpalestine.org\/word\/wp-json\/wp\/v2\/posts\/3628","targetHints":{"allow":["GET"]}}],"collection":[{"href":"https:\/\/www.comiteactionpalestine.org\/word\/wp-json\/wp\/v2\/posts"}],"about":[{"href":"https:\/\/www.comiteactionpalestine.org\/word\/wp-json\/wp\/v2\/types\/post"}],"author":[{"embeddable":true,"href":"https:\/\/www.comiteactionpalestine.org\/word\/wp-json\/wp\/v2\/users\/1"}],"replies":[{"embeddable":true,"href":"https:\/\/www.comiteactionpalestine.org\/word\/wp-json\/wp\/v2\/comments?post=3628"}],"version-history":[{"count":2,"href":"https:\/\/www.comiteactionpalestine.org\/word\/wp-json\/wp\/v2\/posts\/3628\/revisions"}],"predecessor-version":[{"id":3630,"href":"https:\/\/www.comiteactionpalestine.org\/word\/wp-json\/wp\/v2\/posts\/3628\/revisions\/3630"}],"wp:featuredmedia":[{"embeddable":true,"href":"https:\/\/www.comiteactionpalestine.org\/word\/wp-json\/wp\/v2\/media\/2059"}],"wp:attachment":[{"href":"https:\/\/www.comiteactionpalestine.org\/word\/wp-json\/wp\/v2\/media?parent=3628"}],"wp:term":[{"taxonomy":"category","embeddable":true,"href":"https:\/\/www.comiteactionpalestine.org\/word\/wp-json\/wp\/v2\/categories?post=3628"},{"taxonomy":"post_tag","embeddable":true,"href":"https:\/\/www.comiteactionpalestine.org\/word\/wp-json\/wp\/v2\/tags?post=3628"}],"curies":[{"name":"wp","href":"https:\/\/api.w.org\/{rel}","templated":true}]}}