{"id":3623,"date":"2022-03-09T09:23:36","date_gmt":"2022-03-09T08:23:36","guid":{"rendered":"http:\/\/www.comiteactionpalestine.org\/word\/?p=3623"},"modified":"2022-04-20T19:49:29","modified_gmt":"2022-04-20T18:49:29","slug":"prise-de-parole-du-comite-action-palestine-au-rassemblement-de-soutien-du-8-mars-2022-force-et-victoire-au-peuple-palestinien","status":"publish","type":"post","link":"https:\/\/www.comiteactionpalestine.org\/word\/prise-de-parole-du-comite-action-palestine-au-rassemblement-de-soutien-du-8-mars-2022-force-et-victoire-au-peuple-palestinien\/","title":{"rendered":"Prise de parole du Comit\u00e9 Action Palestine au rassemblement de soutien du 8 mars 2022 : Force et Victoire au Peuple Palestinien !"},"content":{"rendered":"<div class=\"pdfprnt-buttons pdfprnt-buttons-post pdfprnt-top-right\"><a href=\"https:\/\/www.comiteactionpalestine.org\/word\/wp-json\/wp\/v2\/posts\/3623?print=pdf\" class=\"pdfprnt-button pdfprnt-button-pdf\" target=\"_blank\"><img decoding=\"async\" src=\"http:\/\/www.comiteactionpalestine.org\/word\/wp-content\/plugins\/pdf-print\/images\/pdf.png\" alt=\"image_pdf\" title=\"Afficher le PDF\" \/><\/a><a href=\"https:\/\/www.comiteactionpalestine.org\/word\/wp-json\/wp\/v2\/posts\/3623?print=print\" class=\"pdfprnt-button pdfprnt-button-print\" target=\"_blank\"><img decoding=\"async\" src=\"http:\/\/www.comiteactionpalestine.org\/word\/wp-content\/plugins\/pdf-print\/images\/print.png\" alt=\"image_print\" title=\"Contenu imprim\u00e9\" \/><\/a><\/div>\n<p>Le ministre de l\u2019int\u00e9rieur G\u00e9rald Darmanin a annonc\u00e9, le 24 f\u00e9vrier, son <strong>intention de dissoudre<\/strong> l\u2019association Comit\u00e9 Action Palestine (Bordeaux), en m\u00eame temps que la fermeture administrative de la mosqu\u00e9e de Pessac et la dissolution du collectif Palestine Vaincra (Toulouse). <\/p>\n\n\n\n<p>Cette\nannonce est survenue le jour m\u00eame du diner du CRIF (Conseil repr\u00e9sentatif des\ninstitutions juives de France) o\u00f9 le Premier ministre Jean Castex&nbsp;a\naffirm\u00e9 que&nbsp;J\u00e9rusalem est <strong>\u00ab la capitale \u00e9ternelle du peuple\njuif&nbsp;\u00bb.<\/strong> <\/p>\n\n\n\n<p>Cette\ndissolution a \u00e9t\u00e9 rendue possible par la loi \u00ab&nbsp;confortant le respect des\nprincipes de la r\u00e9publique&nbsp;\u00bb (alias loi \u00ab&nbsp;anti s\u00e9paratiste&nbsp;\u00bb),\nvot\u00e9e le 24 aout 2021, qui instaure dans le pays l\u2019arbitraire et un droit d\u2019exception.\n<\/p>\n\n\n\n<p><strong>Outil\nde r\u00e9pression politique,<\/strong> cette loi\ns\u2019inscrit dans le cadre d\u2019une offensive r\u00e9actionnaire et liberticide du\ngouvernement fran\u00e7ais, emp\u00eatr\u00e9 dans la gestion d\u00e9plorable d\u2019une situation\nsociale, \u00e9conomique et sanitaire tr\u00e8s d\u00e9grad\u00e9e. <\/p>\n\n\n\n<p><strong>Darmanin\nnous reproche de parler d\u2019islamophobie d\u2019Etat,<\/strong> alors m\u00eame qu\u2019aujourd\u2019hui le climat politique inqui\u00e9tant\no\u00f9 les musulmans et leur libert\u00e9 associative sont devenus la cible prioritaire\nde la r\u00e9pression, le gouvernement s\u2019attaque aussi aux associations de\nsolidarit\u00e9 avec les Palestiniens et s\u2019attaquera demain \u00e0 toute opinion jug\u00e9e\ndiff\u00e9rente ou subversive. <\/p>\n\n\n\n<p>Que\nreproche l\u2019Etat au Comit\u00e9 Action Palestine&nbsp;?<\/p>\n\n\n\n<p>Dans\nun document notifi\u00e9 au CAP par G\u00e9rald Darmanin, on nous reproche d\u2019\u00eatre des\nantisionistes. Ce que le CAP assume compl\u00e8tement. <\/p>\n\n\n\n<p>Nous\nsommes antisionistes et souhaitons la lib\u00e9ration de la Palestine. La Palestine\nest une terre vol\u00e9e aux Palestiniens et elle doit \u00eatre restitu\u00e9e aux\nPalestiniens. Depuis 1948, les sionistes ont toujours voulu annexer davantage\nde terre en expulsant, en emprisonnant, en massacrant les Palestiniens. <\/p>\n\n\n\n<p>Le mouvement\nhistorique, politique et id\u00e9ologique de cette barbarie, une barbarie\ncoloniale&nbsp;: c\u2019est le sionisme. Le palestinien ne lutte pas contre les\njuifs en tant que juifs mais contre des colons&nbsp;! <\/p>\n\n\n\n<ul class=\"wp-block-list\"><li>Il s\u2019agit d\u2019une situation coloniale et c\u2019est cette\nsituation que le CAP \u00e0 <strong>toujours <\/strong>d\u00e9nonc\u00e9. <\/li><\/ul>\n\n\n\n<p><strong>Je vais vous citer une Journaliste isra\u00e9lienne, Amira Hass<\/strong> couvrant les territoires palestiniens occup\u00e9s en 1967 et bas\u00e9e \u00e0 Ramallah \u00e9crivait pour sa part dans le quotidien Haaretz, le 9 octobre 2015&nbsp;:<\/p>\n\n\n\n<p><strong><em>\u00ab&nbsp;Les jeunes Palestiniens ne vont pas se mettre \u00e0 assassiner des juifs\nparce qu\u2019ils sont juifs, mais parce que nous sommes leurs occupants, leurs\ntortionnaires, leurs ge\u00f4liers, les voleurs de leur terre et de leur eau, les\nd\u00e9molisseurs de leurs maisons, ceux qui les ont exil\u00e9s, qui leur bloquent leur\nhorizon.<\/em><\/strong><em>&nbsp;\u00bb.<\/em> <\/p>\n\n\n\n<ul class=\"wp-block-list\"><li>Est-ce que \u00e7a on a encore le\ndroit de dire \u00e7a en France ou est-ce qu\u2019il faut juste se taire et aller travailler&nbsp;?\n<\/li><\/ul>\n\n\n\n<p><strong>Aujourd\u2019hui\nc\u2019est nous,<\/strong> Palestine Vaincra,\nl\u2019association de la mosqu\u00e9e de Pessac et Nantes r\u00e9volt\u00e9e. Hier c\u2019\u00e9tait le CCIF,\nBaraka City. <\/p>\n\n\n\n<p><strong>Et\ndemain, \u00e7a sera qui&nbsp;?&nbsp; <\/strong><\/p>\n\n\n\n<p>Demain\n\u00e7a sera vous, sauf si vous rentrez dans les rangs et renoncer \u00e0 toute pratique,\nid\u00e9ologie ou croyance d\u00e9non\u00e7ant sans d\u00e9tour l\u2019oppression, l\u2019exploitation ou\nl\u2019injustice d\u2019o\u00f9 qu\u2019elles viennent. <\/p>\n\n\n\n<p><strong>Au-del\u00e0\ndes divergences<\/strong>, le mouvement\nassociatif de r\u00e9sistance doit prendre la mesure du danger que fait peser le\ngouvernement sur la libert\u00e9 d\u2019expression en criminalisant l\u2019antisionisme et\ntoute voix jug\u00e9e non conforme \u00e0 sa d\u00e9finition arbitraire et autoritaire de\nl\u2019action associative. <\/p>\n\n\n\n<p><strong>La\nlibert\u00e9 d\u2019expression est un principe<\/strong> qui\nvaut pour tous et ne doit pas \u00eatre \u00e0 g\u00e9om\u00e9trie variable, soumis au bon vouloir\ndu prince&nbsp;! <\/p>\n\n\n\n<p>Vous\ncomprendrez qu\u2019il s\u2019agit ici d\u2019un proc\u00e8s politique. La libert\u00e9 d\u2019expression\ndevrait normalement \u00eatre un droit inali\u00e9nable dans une d\u00e9mocratie. &nbsp;<\/p>\n\n\n\n<p><strong>Isra\u00ebl<\/strong> a viol\u00e9 toutes les r\u00e9solutions de l\u2019ONU, il a pi\u00e9tin\u00e9\nles droits des Palestiniens et le droit international. <\/p>\n\n\n\n<p><strong>Le\nComit\u00e9 Action Palestine a \u00e9t\u00e9 cr\u00e9\u00e9 pour dire une chose simple<\/strong>&nbsp;: la colonisation de la Palestine doit cesser et\nnotre devoir est de faire entendre la voix de la r\u00e9sistance du peuple\npalestinien.<\/p>\n\n\n\n<p><strong>Depuis\n18 ans<\/strong>, le Comit\u00e9 Action Palestine a\nmis en \u0153uvre, avec ses modestes moyens, des actions pour faire entendre la voix\nde la r\u00e9sistance. <\/p>\n\n\n\n<p>Depuis\n18 ans l\u2019Etat n\u2019a eu de cesse d\u2019harceler les militants du CAP parce que nous\nn\u2019avons jamais renonc\u00e9 \u00e0 cette ligne politique, \u00e0 l\u2019antisionisme sans\nconcession, parce que nous n\u2019avons jamais cru aux balivernes isra\u00e9liennes et\nam\u00e9ricaines sur les accords d\u2019Oslo et la paix tant attendue, parce que nous\navons <strong>toujours<\/strong> fait le choix de respecter les choix du peuple\npalestinien&nbsp;! <\/p>\n\n\n\n<p><strong>Tout\nautre position est n\u00e9ocoloniale.<\/strong> Nous,\nmilitants en France, n\u2019avons pas \u00e0 choisir \u00e0 la place des Palestiniens les\nformes de r\u00e9sistances \u00e0 la colonisation. &nbsp; <\/p>\n\n\n\n<p>D\u00e9sormais,\nl\u2019Etat fran\u00e7ais ne fait m\u00eame plus semblant. <\/p>\n\n\n\n<p>Il\ns\u2019aligne sur la politique isra\u00e9lienne et criminalise toute expression\nantisioniste comme il criminalise le soutien \u00e0 Georges Ibrahim Abdallah. <\/p>\n\n\n\n<p>G\u00e9rald\nDarmanin nous reproche notre action en faveur de Georges Ibrahim Abdallah, le\nplus vieux prisonnier d\u2019Europe, et lib\u00e9rable depuis 1999 mais que l\u2019Etat maintien\nen d\u00e9tention de mani\u00e8re arbitraire. <\/p>\n\n\n\n<p>Nous\nrenouvelons ici notre soutien total et entier \u00e0 Georges Ibrahim Abdallah et\nnous esp\u00e9rons qu\u2019il retrouve au plus vite la libert\u00e9&nbsp;!<\/p>\n\n\n\n<p><strong>Cela\n\u00e9tant dit, ce qui se passe au CAP n\u2019est pas grave au regard de ce qui se passe\nen Palestine. <\/strong><\/p>\n\n\n\n<p>On\npeut dissoudre une association, mais pas la v\u00e9rit\u00e9 et l\u2019aspiration \u00e0 la\njustice, et encore moins la volont\u00e9 qui anime le militantisme de lutter contre\nl\u2019oppression d\u2019o\u00f9 qu\u2019elles viennent. <\/p>\n\n\n\n<p><strong>Nos\nprincipes du soutien \u00e0 la cause palestinienne sont&nbsp;:<\/strong><\/p>\n\n\n\n<p>* La\ncondamnation du sionisme comme mouvement politique colonialiste et raciste.<\/p>\n\n\n\n<p>* Le\nsoutien inconditionnel \u00e0 la r\u00e9sistance du peuple palestinien et \u00e0 son combat\npour son autod\u00e9termination et son ind\u00e9pendance nationale.<\/p>\n\n\n\n<p>* La\nreconnaissance du droit inali\u00e9nable au retour de tous les r\u00e9fugi\u00e9s chez eux.<\/p>\n\n\n\n<p>* La\nlib\u00e9ration de tous les r\u00e9sistants emprisonn\u00e9s.<\/p>\n\n\n\n<p><strong>Vive\nla R\u00e9sistance&nbsp;! Vive la Palestine&nbsp;! <\/strong><\/p>\n\n\n\n<p><strong>Force\net Victoire au Peuple Palestinien&nbsp;!<\/strong><\/p>\n\n\n\n<p><strong>Palestine\nVivra, Palestine vaincra&nbsp;!<\/strong><\/p>\n\n\n\n<p>Comit\u00e9 action Palestine, le 08\/03\/2022 <\/p>\n","protected":false},"excerpt":{"rendered":"<p>Le ministre de l\u2019int\u00e9rieur G\u00e9rald Darmanin a annonc\u00e9, le 24 f\u00e9vrier, son intention de dissoudre l\u2019association Comit\u00e9 Action Palestine (Bordeaux), en m\u00eame temps que la fermeture administrative de la mosqu\u00e9e de Pessac et la dissolution du collectif Palestine Vaincra (Toulouse). Cette annonce est survenue le jour m\u00eame du diner du CRIF (Conseil repr\u00e9sentatif des institutions [&hellip;]<\/p>\n","protected":false},"author":1,"featured_media":3624,"comment_status":"closed","ping_status":"closed","sticky":false,"template":"","format":"standard","meta":{"footnotes":""},"categories":[25,5,28],"tags":[],"class_list":["post-3623","post","type-post","status-publish","format-standard","has-post-thumbnail","hentry","category-a-la-une","category-communiques","category-sionisme-en-france"],"views":1563,"_links":{"self":[{"href":"https:\/\/www.comiteactionpalestine.org\/word\/wp-json\/wp\/v2\/posts\/3623","targetHints":{"allow":["GET"]}}],"collection":[{"href":"https:\/\/www.comiteactionpalestine.org\/word\/wp-json\/wp\/v2\/posts"}],"about":[{"href":"https:\/\/www.comiteactionpalestine.org\/word\/wp-json\/wp\/v2\/types\/post"}],"author":[{"embeddable":true,"href":"https:\/\/www.comiteactionpalestine.org\/word\/wp-json\/wp\/v2\/users\/1"}],"replies":[{"embeddable":true,"href":"https:\/\/www.comiteactionpalestine.org\/word\/wp-json\/wp\/v2\/comments?post=3623"}],"version-history":[{"count":3,"href":"https:\/\/www.comiteactionpalestine.org\/word\/wp-json\/wp\/v2\/posts\/3623\/revisions"}],"predecessor-version":[{"id":3627,"href":"https:\/\/www.comiteactionpalestine.org\/word\/wp-json\/wp\/v2\/posts\/3623\/revisions\/3627"}],"wp:featuredmedia":[{"embeddable":true,"href":"https:\/\/www.comiteactionpalestine.org\/word\/wp-json\/wp\/v2\/media\/3624"}],"wp:attachment":[{"href":"https:\/\/www.comiteactionpalestine.org\/word\/wp-json\/wp\/v2\/media?parent=3623"}],"wp:term":[{"taxonomy":"category","embeddable":true,"href":"https:\/\/www.comiteactionpalestine.org\/word\/wp-json\/wp\/v2\/categories?post=3623"},{"taxonomy":"post_tag","embeddable":true,"href":"https:\/\/www.comiteactionpalestine.org\/word\/wp-json\/wp\/v2\/tags?post=3623"}],"curies":[{"name":"wp","href":"https:\/\/api.w.org\/{rel}","templated":true}]}}