{"id":3588,"date":"2022-03-06T11:23:13","date_gmt":"2022-03-06T10:23:13","guid":{"rendered":"http:\/\/www.comiteactionpalestine.org\/word\/?p=3588"},"modified":"2022-03-06T14:45:14","modified_gmt":"2022-03-06T13:45:14","slug":"appel-a-rassemblement-de-protestation-mardi-8-mars-18h-place-de-la-victoire-bordeaux-dissolution-du-comite-action-palestine-la-dictature-en-marche","status":"publish","type":"post","link":"https:\/\/www.comiteactionpalestine.org\/word\/appel-a-rassemblement-de-protestation-mardi-8-mars-18h-place-de-la-victoire-bordeaux-dissolution-du-comite-action-palestine-la-dictature-en-marche\/","title":{"rendered":"Appel \u00e0 rassemblement de protestation Mardi 8 Mars, 18h, place de la Victoire, Bordeaux Dissolution du Comit\u00e9 Action Palestine :     la dictature en marche."},"content":{"rendered":"<div class=\"pdfprnt-buttons pdfprnt-buttons-post pdfprnt-top-right\"><a href=\"https:\/\/www.comiteactionpalestine.org\/word\/wp-json\/wp\/v2\/posts\/3588?print=pdf\" class=\"pdfprnt-button pdfprnt-button-pdf\" target=\"_blank\"><img decoding=\"async\" src=\"http:\/\/www.comiteactionpalestine.org\/word\/wp-content\/plugins\/pdf-print\/images\/pdf.png\" alt=\"image_pdf\" title=\"Afficher le PDF\" \/><\/a><a href=\"https:\/\/www.comiteactionpalestine.org\/word\/wp-json\/wp\/v2\/posts\/3588?print=print\" class=\"pdfprnt-button pdfprnt-button-print\" target=\"_blank\"><img decoding=\"async\" src=\"http:\/\/www.comiteactionpalestine.org\/word\/wp-content\/plugins\/pdf-print\/images\/print.png\" alt=\"image_print\" title=\"Contenu imprim\u00e9\" \/><\/a><\/div>\n<p><strong>Dissolution du\nComit\u00e9 Action Palestine&nbsp;: la dictature en marche.<\/strong><\/p>\n\n\n\n<p><em>\u00ab Le fascisme n\u2019est pas le contraire de\nla d\u00e9mocratie, mais son \u00e9volution par temps de crise \u00bb. Bertolt Brecht&nbsp;&nbsp; <\/em><\/p>\n\n\n\n<p>Le ministre de l\u2019int\u00e9rieur G\u00e9rald\nDarmanin a annonc\u00e9, le 24 f\u00e9vrier, son intention de dissoudre l\u2019association &nbsp;Comit\u00e9 action Palestine (Bordeaux),&nbsp; en m\u00eame temps que la fermeture administrative\nde la mosqu\u00e9e de Pessac et la dissolution du collectif Palestine Vaincra\n(Toulouse). <\/p>\n\n\n\n<p>Cette annonce est survenue le jour m\u00eame\ndu diner du CRIF o\u00f9 le Premier ministre Jean Castex&nbsp;a affirm\u00e9\nque&nbsp;J\u00e9rusalem est \u00ab&nbsp;la capitale \u00e9ternelle du peuple juif&nbsp;\u00bb. <\/p>\n\n\n\n<p>Cette dissolution a \u00e9t\u00e9 rendue possible\npar la loi \u00ab&nbsp;confortant le respect des principes de la r\u00e9publique&nbsp;\u00bb,\nvot\u00e9e le 24 aout 2021, qui instaure dans le pays l\u2019arbitraire et un droit\nd\u2019exception. Outil de r\u00e9pression politique, cette loi s\u2019inscrit dans le cadre\nd\u2019une offensive r\u00e9actionnaire et liberticide du gouvernement fran\u00e7ais, emp\u00eatr\u00e9\ndans la gestion d\u00e9plorable d\u2019une situation sociale, \u00e9conomique et sanitaire\ntr\u00e8s d\u00e9grad\u00e9e. <\/p>\n\n\n\n<p>Dans un climat politique inqui\u00e9tant o\u00f9\nles musulmans et leur libert\u00e9 associative sont devenus la cible prioritaire de\nla r\u00e9pression, le gouvernement s\u2019attaque aussi aux associations de solidarit\u00e9\navec les Palestiniens et s\u2019attaquera demain \u00e0 toute opinion jug\u00e9e diff\u00e9rente ou\nsubversive.<\/p>\n\n\n\n<p>Hier c\u2019\u00e9tait le CCIF, Baraka City,\naujourd\u2019hui le Comit\u00e9 Action Palestine, Palestine Vaincra, l\u2019association de la\nmosqu\u00e9e de Pessac et Nantes r\u00e9volt\u00e9e. A qui le tour demain&nbsp;?<\/p>\n\n\n\n<p>Au-del\u00e0 des divergences, le mouvement\nassociatif de r\u00e9sistance doit prendre la mesure du danger que fait peser le\ngouvernement sur la libert\u00e9 d\u2019expression en criminalisant l\u2019antisionisme et toute\nvoix jug\u00e9e non conforme \u00e0 sa d\u00e9finition arbitraire et autoritaire de l\u2019action\npolitique associative. La libert\u00e9 d\u2019expression est un principe qui vaut pour\ntous et ne doit pas \u00eatre \u00e0 g\u00e9om\u00e9trie variable, soumis au bon vouloir du\nprince&nbsp;!<\/p>\n\n\n\n<p>Il est urgent de rassembler et\ninstaurer un rapport de forces propre \u00e0 d\u00e9fendre notre libert\u00e9 associative.\nNous appelons \u00e0 un sursaut salutaire de tous ceux et celles qui estiment que la\nlibert\u00e9 d\u2019expression est un droit inali\u00e9nable. <\/p>\n\n\n\n<p><strong>C\u2019est pourquoi, nous faisons appel ici \u00e0 toutes les organisations, associations, collectifs, militants \u00e0 signer cet appel contre la r\u00e9pression qui vise \u00e0 museler le soutien aux Palestiniens.<\/strong> <\/p>\n\n\n\n<p>Ont sign\u00e9 ce communiqu\u00e9 jusqu\u2019\u00e0 pr\u00e9sent :  International Solidarity Movement \u2013 France,  Cgt \u00e9duc\u2019action33,  Comit\u00e9 v\u00e9rit\u00e9 et justice 31, Elles o pluriel, Association EAB,  Collectif69palestine, Poitiers Palestine, CLAP 33, Bordeaux en Luttes, Jaunes Etc, Forum Uni des Immigrations et des Quartiers Populaires FUIQP, Les Alli\u00e9s de la Paix, AFA Strasbourg, ANC\u00a0 (association nationale des communistes),  Campagne Unitaire pour la Lib\u00e9ration de Georges Abdallah. <\/p>\n\n\n\n<p><\/p>\n\n\n\n<p><strong>Charte du Comit\u00e9 Action Palestine<\/strong><\/p>\n\n\n\n<p>Contrairement \u00e0 ce qu\u2019elle pr\u00e9tend \u00eatre, la domination occidentale signifie\nla r\u00e9gression \u00e9conomique, sociale et politique la plus totale pour les peuples\ndu Sud. L\u2019imp\u00e9rialisme et le colonialisme qu\u2019il s\u00e9cr\u00e8te dans diff\u00e9rentes\nr\u00e9gions du monde ne sont rien d\u2019autre pour les peuples domin\u00e9s\nqu\u2019asservissement, oppression, massacre, racisme, mis\u00e8re et injustice. La\nr\u00e9sistance des peuples domin\u00e9s, son \u00e9mergence, sa structuration et son\nrenforcement, sont le r\u00e9sultat mais aussi la n\u00e9gation la plus radicale de cette\nlogique de r\u00e9pression et de destruction propre \u00e0 l\u2019h\u00e9g\u00e9monie occidentale.<\/p>\n\n\n\n<p>L\u2019histoire de la Palestine de la fin du 19i\u00e8me si\u00e8cle jusqu\u2019\u00e0 aujourd\u2019hui\nconcentre l\u2019essentiel des rapports de domination de types imp\u00e9rialiste et\ncolonialiste. La colonisation juive, c\u2019est-\u00e0-dire l\u2019\u00e9puration ethnique, a \u00e9t\u00e9\nrendue possible \u00e0 ses d\u00e9buts par des puissances coloniales (Angleterre, France)\net b\u00e9n\u00e9ficie aujourd\u2019hui du soutien de l\u2019ensemble du monde occidental\n(Etats-Unis et Europe). Des points de vue historique et g\u00e9opolitique, la cause\npalestinienne est centrale. Au niveau historique, l\u2019enjeu est dor\u00e9navant d\u2019acc\u00e9l\u00e9rer\nle d\u00e9p\u00e9rissement de la domination imp\u00e9rialiste occidentale apr\u00e8s sa violente\nremise en cause au cours de la phase de d\u00e9colonisation des ann\u00e9es 50 et 60. Au\nniveau g\u00e9opolitique, l\u2019enjeu est de lib\u00e9rer un territoire de la colonisation\njuive qui permet de contr\u00f4ler toute la r\u00e9gion du Moyen-Orient.<\/p>\n\n\n\n<p>Si la Palestine reste le champ de lutte fondamental contre le colonialisme\njuif, il n\u2019en reste pas moins qu\u2019en Occident le soutien \u00e0 la cause\npalestinienne r\u00e9side dans une grande mesure dans le combat politique et\nid\u00e9ologique contre le sionisme implant\u00e9 au c\u0153ur m\u00eame des Etats occidentaux. En\nFrance en particulier, tout militantisme antisioniste authentique se doit de\nd\u00e9noncer non seulement le colonialisme juif en Palestine mais aussi toute\norganisation ou institution qui travaille ici au service de la domination\nsioniste.<\/p>\n\n\n\n<p>C\u2019est pourquoi le COMIT\u00c9 ACTION PALESTINE, association r\u00e9gie par la Loi du\n1er juillet 1901, \u0153uvre pour la r\u00e9alisation des droits nationaux du peuple\npalestinien, c\u2019est-\u00e0-dire la lib\u00e9ration de la terre arabe de Palestine.<\/p>\n\n\n\n<p><strong>Nos principes du soutien \u00e0 la cause palestinienne sont&nbsp;:<\/strong><\/p>\n\n\n\n<p><strong>* La condamnation du sionisme comme mouvement\npolitique colonialiste et raciste.<\/strong><\/p>\n\n\n\n<p><strong>* Le soutien inconditionnel \u00e0 la r\u00e9sistance du\npeuple palestinien et \u00e0 son combat pour son autod\u00e9termination et son\nind\u00e9pendance nationale.<\/strong><\/p>\n\n\n\n<p><strong>* La reconnaissance du droit inali\u00e9nable au retour\nde tous les r\u00e9fugi\u00e9s chez eux.<\/strong><\/p>\n\n\n\n<p><strong>* La lib\u00e9ration de tous les r\u00e9sistants\nemprisonn\u00e9s.<\/strong><\/p>\n\n\n\n<p>(consulter la\nsuite de la charte sur www.comiteactionpalestine.org)<\/p>\n\n\n\n<p><strong>Nous rendons hommage \u00e0 tous les Martyrs de la cause palestinienne et \u00e0 tous\nles r\u00e9sistants emprisonn\u00e9s. Nous exprimons notre totale solidarit\u00e9 \u00e0 Georges\nIbrahim Abdallah et appelons une nouvelle fois \u00e0 sa lib\u00e9ration.<\/strong><\/p>\n\n\n\n<p><strong>Vive la R\u00e9sistance&nbsp;! Vive la Palestine&nbsp;! Force et Victoire au\nPeuple Palestinien&nbsp;!<\/strong><\/p>\n\n\n\n\n\n<p><span style=\"background-color: rgb(232, 234, 235);\"><b> <\/b><\/span><\/p>\n\n\n\n<p><span style=\"background-color: rgb(232, 234, 235);\"><b> <\/b><\/span><\/p>\n\n\n\n<p> <\/p>\n","protected":false},"excerpt":{"rendered":"<p>Dissolution du Comit\u00e9 Action Palestine&nbsp;: la dictature en marche. \u00ab Le fascisme n\u2019est pas le contraire de la d\u00e9mocratie, mais son \u00e9volution par temps de crise \u00bb. Bertolt Brecht&nbsp;&nbsp; Le ministre de l\u2019int\u00e9rieur G\u00e9rald Darmanin a annonc\u00e9, le 24 f\u00e9vrier, son intention de dissoudre l\u2019association &nbsp;Comit\u00e9 action Palestine (Bordeaux),&nbsp; en m\u00eame temps que la fermeture [&hellip;]<\/p>\n","protected":false},"author":1,"featured_media":2059,"comment_status":"closed","ping_status":"closed","sticky":false,"template":"","format":"standard","meta":{"footnotes":""},"categories":[25,31],"tags":[],"class_list":["post-3588","post","type-post","status-publish","format-standard","has-post-thumbnail","hentry","category-a-la-une","category-tracts"],"views":7653,"_links":{"self":[{"href":"https:\/\/www.comiteactionpalestine.org\/word\/wp-json\/wp\/v2\/posts\/3588","targetHints":{"allow":["GET"]}}],"collection":[{"href":"https:\/\/www.comiteactionpalestine.org\/word\/wp-json\/wp\/v2\/posts"}],"about":[{"href":"https:\/\/www.comiteactionpalestine.org\/word\/wp-json\/wp\/v2\/types\/post"}],"author":[{"embeddable":true,"href":"https:\/\/www.comiteactionpalestine.org\/word\/wp-json\/wp\/v2\/users\/1"}],"replies":[{"embeddable":true,"href":"https:\/\/www.comiteactionpalestine.org\/word\/wp-json\/wp\/v2\/comments?post=3588"}],"version-history":[{"count":9,"href":"https:\/\/www.comiteactionpalestine.org\/word\/wp-json\/wp\/v2\/posts\/3588\/revisions"}],"predecessor-version":[{"id":3605,"href":"https:\/\/www.comiteactionpalestine.org\/word\/wp-json\/wp\/v2\/posts\/3588\/revisions\/3605"}],"wp:featuredmedia":[{"embeddable":true,"href":"https:\/\/www.comiteactionpalestine.org\/word\/wp-json\/wp\/v2\/media\/2059"}],"wp:attachment":[{"href":"https:\/\/www.comiteactionpalestine.org\/word\/wp-json\/wp\/v2\/media?parent=3588"}],"wp:term":[{"taxonomy":"category","embeddable":true,"href":"https:\/\/www.comiteactionpalestine.org\/word\/wp-json\/wp\/v2\/categories?post=3588"},{"taxonomy":"post_tag","embeddable":true,"href":"https:\/\/www.comiteactionpalestine.org\/word\/wp-json\/wp\/v2\/tags?post=3588"}],"curies":[{"name":"wp","href":"https:\/\/api.w.org\/{rel}","templated":true}]}}