{"id":3376,"date":"2021-04-18T20:47:56","date_gmt":"2021-04-18T19:47:56","guid":{"rendered":"http:\/\/www.comiteactionpalestine.org\/word\/?p=3376"},"modified":"2021-04-18T20:47:58","modified_gmt":"2021-04-18T19:47:58","slug":"les-meres-de-deir-yassin","status":"publish","type":"post","link":"https:\/\/www.comiteactionpalestine.org\/word\/les-meres-de-deir-yassin\/","title":{"rendered":"Les m\u00e8res de Deir Yassin"},"content":{"rendered":"<div class=\"pdfprnt-buttons pdfprnt-buttons-post pdfprnt-top-right\"><a href=\"https:\/\/www.comiteactionpalestine.org\/word\/wp-json\/wp\/v2\/posts\/3376?print=pdf\" class=\"pdfprnt-button pdfprnt-button-pdf\" target=\"_blank\"><img decoding=\"async\" src=\"http:\/\/www.comiteactionpalestine.org\/word\/wp-content\/plugins\/pdf-print\/images\/pdf.png\" alt=\"image_pdf\" title=\"Afficher le PDF\" \/><\/a><a href=\"https:\/\/www.comiteactionpalestine.org\/word\/wp-json\/wp\/v2\/posts\/3376?print=print\" class=\"pdfprnt-button pdfprnt-button-print\" target=\"_blank\"><img decoding=\"async\" src=\"http:\/\/www.comiteactionpalestine.org\/word\/wp-content\/plugins\/pdf-print\/images\/print.png\" alt=\"image_print\" title=\"Contenu imprim\u00e9\" \/><\/a><\/div>\n<p>Calendrier Palestine Libre 2021 \u00ab\u00a0L&rsquo;arm\u00e9e des roses\u00a0\u00bb<\/p>\n\n\n\n<p>Le\u00a0 9 avril 1948, les sionistes entrent dans le village de Deir Yassin, et y massacrent les habitants quel que soit leur \u00e2ge. On se souvient de <strong>Hayat Balbissi,<\/strong> <strong>Jamileh Ahmad Suhl<\/strong>, <strong>Ziba\u2019 Attiyeh <\/strong>et <strong>Hilwa Zaydan <\/strong>qui ont donn\u00e9 leur vies pour d\u00e9fendre leur village. Apr\u00e8s que son fils et son mari aient \u00e9t\u00e9 tu\u00e9s, Hilwa Zaydan combattit avec l\u2019arme de son fils jusqu\u2019\u00e0 ce qu\u2019elle soit tu\u00e9e \u00e0 son tour.<\/p>\n\n\n\n<p>Dessin r\u00e9alis\u00e9 par Mustafa al-Zammar (13 ans) du camp de r\u00e9fugi\u00e9s palestinien au Liban de Mar Elias (Beyrouth)<\/p>\n","protected":false},"excerpt":{"rendered":"<p>Calendrier Palestine Libre 2021 \u00ab\u00a0L&rsquo;arm\u00e9e des roses\u00a0\u00bb Le\u00a0 9 avril 1948, les sionistes entrent dans le village de Deir Yassin, et y massacrent les habitants quel que soit leur \u00e2ge. On se souvient de Hayat Balbissi, Jamileh Ahmad Suhl, Ziba\u2019 Attiyeh et Hilwa Zaydan qui ont donn\u00e9 leur vies pour d\u00e9fendre leur village. Apr\u00e8s que [&hellip;]<\/p>\n","protected":false},"author":1,"featured_media":3378,"comment_status":"closed","ping_status":"closed","sticky":false,"template":"","format":"standard","meta":{"footnotes":""},"categories":[5,17],"tags":[],"class_list":["post-3376","post","type-post","status-publish","format-standard","has-post-thumbnail","hentry","category-communiques","category-les-calendriers"],"views":1962,"_links":{"self":[{"href":"https:\/\/www.comiteactionpalestine.org\/word\/wp-json\/wp\/v2\/posts\/3376","targetHints":{"allow":["GET"]}}],"collection":[{"href":"https:\/\/www.comiteactionpalestine.org\/word\/wp-json\/wp\/v2\/posts"}],"about":[{"href":"https:\/\/www.comiteactionpalestine.org\/word\/wp-json\/wp\/v2\/types\/post"}],"author":[{"embeddable":true,"href":"https:\/\/www.comiteactionpalestine.org\/word\/wp-json\/wp\/v2\/users\/1"}],"replies":[{"embeddable":true,"href":"https:\/\/www.comiteactionpalestine.org\/word\/wp-json\/wp\/v2\/comments?post=3376"}],"version-history":[{"count":1,"href":"https:\/\/www.comiteactionpalestine.org\/word\/wp-json\/wp\/v2\/posts\/3376\/revisions"}],"predecessor-version":[{"id":3379,"href":"https:\/\/www.comiteactionpalestine.org\/word\/wp-json\/wp\/v2\/posts\/3376\/revisions\/3379"}],"wp:featuredmedia":[{"embeddable":true,"href":"https:\/\/www.comiteactionpalestine.org\/word\/wp-json\/wp\/v2\/media\/3378"}],"wp:attachment":[{"href":"https:\/\/www.comiteactionpalestine.org\/word\/wp-json\/wp\/v2\/media?parent=3376"}],"wp:term":[{"taxonomy":"category","embeddable":true,"href":"https:\/\/www.comiteactionpalestine.org\/word\/wp-json\/wp\/v2\/categories?post=3376"},{"taxonomy":"post_tag","embeddable":true,"href":"https:\/\/www.comiteactionpalestine.org\/word\/wp-json\/wp\/v2\/tags?post=3376"}],"curies":[{"name":"wp","href":"https:\/\/api.w.org\/{rel}","templated":true}]}}