{"id":3348,"date":"2021-02-23T18:57:55","date_gmt":"2021-02-23T17:57:55","guid":{"rendered":"http:\/\/www.comiteactionpalestine.org\/word\/?p=3348"},"modified":"2021-03-19T21:31:57","modified_gmt":"2021-03-19T20:31:57","slug":"a-la-memoire-de-anis-naccache","status":"publish","type":"post","link":"https:\/\/www.comiteactionpalestine.org\/word\/a-la-memoire-de-anis-naccache\/","title":{"rendered":"A la m\u00e9moire de Anis Naccache"},"content":{"rendered":"<div class=\"pdfprnt-buttons pdfprnt-buttons-post pdfprnt-top-right\"><a href=\"https:\/\/www.comiteactionpalestine.org\/word\/wp-json\/wp\/v2\/posts\/3348?print=pdf\" class=\"pdfprnt-button pdfprnt-button-pdf\" target=\"_blank\"><img decoding=\"async\" src=\"http:\/\/www.comiteactionpalestine.org\/word\/wp-content\/plugins\/pdf-print\/images\/pdf.png\" alt=\"image_pdf\" title=\"Afficher le PDF\" \/><\/a><a href=\"https:\/\/www.comiteactionpalestine.org\/word\/wp-json\/wp\/v2\/posts\/3348?print=print\" class=\"pdfprnt-button pdfprnt-button-print\" target=\"_blank\"><img decoding=\"async\" src=\"http:\/\/www.comiteactionpalestine.org\/word\/wp-content\/plugins\/pdf-print\/images\/print.png\" alt=\"image_print\" title=\"Contenu imprim\u00e9\" \/><\/a><\/div>\n<p>Comit\u00e9 Action Palestine, f\u00e9vrier 2021<\/p>\n\n\n\n<p>Anis Naccache, l&rsquo;infatiguable et courageux combattant de la r\u00e9volution palestinienne, est mort \u00e0 Damas le lundi 22 f\u00e9vrier 2021. Pour l&rsquo;histoire officielle occidentale, c&rsquo;\u00e9tait un \u00ab\u00a0terroriste\u00a0\u00bb; pour les peuples arabes, un militant antisioniste engag\u00e9 pour la justice.<\/p>\n\n\n\n<p>Le Comit\u00e9 Action Palestine salue sa m\u00e9moire pour le combat acharn\u00e9 qu&rsquo;il a men\u00e9, au p\u00e9ril de sa vie, en faveur de la cause du peuple palestinien.<\/p>\n","protected":false},"excerpt":{"rendered":"<p>Comit\u00e9 Action Palestine, f\u00e9vrier 2021 Anis Naccache, l&rsquo;infatiguable et courageux combattant de la r\u00e9volution palestinienne, est mort \u00e0 Damas le lundi 22 f\u00e9vrier 2021. Pour l&rsquo;histoire officielle occidentale, c&rsquo;\u00e9tait un \u00ab\u00a0terroriste\u00a0\u00bb; pour les peuples arabes, un militant antisioniste engag\u00e9 pour la justice. Le Comit\u00e9 Action Palestine salue sa m\u00e9moire pour le combat acharn\u00e9 qu&rsquo;il a [&hellip;]<\/p>\n","protected":false},"author":1,"featured_media":2195,"comment_status":"closed","ping_status":"closed","sticky":false,"template":"","format":"standard","meta":{"footnotes":""},"categories":[30,5],"tags":[],"class_list":["post-3348","post","type-post","status-publish","format-standard","has-post-thumbnail","hentry","category-actualites","category-communiques"],"views":1491,"_links":{"self":[{"href":"https:\/\/www.comiteactionpalestine.org\/word\/wp-json\/wp\/v2\/posts\/3348","targetHints":{"allow":["GET"]}}],"collection":[{"href":"https:\/\/www.comiteactionpalestine.org\/word\/wp-json\/wp\/v2\/posts"}],"about":[{"href":"https:\/\/www.comiteactionpalestine.org\/word\/wp-json\/wp\/v2\/types\/post"}],"author":[{"embeddable":true,"href":"https:\/\/www.comiteactionpalestine.org\/word\/wp-json\/wp\/v2\/users\/1"}],"replies":[{"embeddable":true,"href":"https:\/\/www.comiteactionpalestine.org\/word\/wp-json\/wp\/v2\/comments?post=3348"}],"version-history":[{"count":1,"href":"https:\/\/www.comiteactionpalestine.org\/word\/wp-json\/wp\/v2\/posts\/3348\/revisions"}],"predecessor-version":[{"id":3349,"href":"https:\/\/www.comiteactionpalestine.org\/word\/wp-json\/wp\/v2\/posts\/3348\/revisions\/3349"}],"wp:featuredmedia":[{"embeddable":true,"href":"https:\/\/www.comiteactionpalestine.org\/word\/wp-json\/wp\/v2\/media\/2195"}],"wp:attachment":[{"href":"https:\/\/www.comiteactionpalestine.org\/word\/wp-json\/wp\/v2\/media?parent=3348"}],"wp:term":[{"taxonomy":"category","embeddable":true,"href":"https:\/\/www.comiteactionpalestine.org\/word\/wp-json\/wp\/v2\/categories?post=3348"},{"taxonomy":"post_tag","embeddable":true,"href":"https:\/\/www.comiteactionpalestine.org\/word\/wp-json\/wp\/v2\/tags?post=3348"}],"curies":[{"name":"wp","href":"https:\/\/api.w.org\/{rel}","templated":true}]}}