{"id":3035,"date":"2018-09-30T10:11:51","date_gmt":"2018-09-30T09:11:51","guid":{"rendered":"http:\/\/www.comiteactionpalestine.org\/word\/?p=3035"},"modified":"2018-09-30T10:11:51","modified_gmt":"2018-09-30T09:11:51","slug":"shu-fat-refugies-a-al-quds-et-etrangers-sur-leur-propre-terre","status":"publish","type":"post","link":"https:\/\/www.comiteactionpalestine.org\/word\/shu-fat-refugies-a-al-quds-et-etrangers-sur-leur-propre-terre\/","title":{"rendered":"Shu \u2019fat, r\u00e9fugi\u00e9s \u00e0 al-Quds et \u00e9trangers sur leur propre terre"},"content":{"rendered":"<div class=\"pdfprnt-buttons pdfprnt-buttons-post pdfprnt-top-right\"><a href=\"https:\/\/www.comiteactionpalestine.org\/word\/wp-json\/wp\/v2\/posts\/3035?print=pdf\" class=\"pdfprnt-button pdfprnt-button-pdf\" target=\"_blank\"><img decoding=\"async\" src=\"http:\/\/www.comiteactionpalestine.org\/word\/wp-content\/plugins\/pdf-print\/images\/pdf.png\" alt=\"image_pdf\" title=\"Afficher le PDF\" \/><\/a><a href=\"https:\/\/www.comiteactionpalestine.org\/word\/wp-json\/wp\/v2\/posts\/3035?print=print\" class=\"pdfprnt-button pdfprnt-button-print\" target=\"_blank\"><img decoding=\"async\" src=\"http:\/\/www.comiteactionpalestine.org\/word\/wp-content\/plugins\/pdf-print\/images\/print.png\" alt=\"image_print\" title=\"Contenu imprim\u00e9\" \/><\/a><\/div><p>Calendrier Palestine Libre 2018 \u00ab\u00a0Dans le camp des r\u00e9fugi\u00e9s\u00a0\u00bb<\/p>\n<p style=\"text-align: justify;\">Etabli en 1965 au Nord d\u2019al-Quds pour y reloger 500 familles initialement r\u00e9fugi\u00e9es dans le quartier des Maghr\u00e9bins de la vieille ville, le camp de Shu\u2019fat est unique \u00e0 plus d\u2019un titre. Il est le seul camp de r\u00e9fugi\u00e9s palestiniens \u00e0 l\u2019int\u00e9rieur des limites de la municipalit\u00e9 d\u2019al-Quds, annex\u00e9e par l\u2019entit\u00e9 sioniste apr\u00e8s l\u2019occupation de l\u2019ensemble de la Palestine en 1967. Aujourd\u2019hui, plus de 20 000 Palestiniens y vivent, dont la moiti\u00e9 est inscrite comme r\u00e9fugi\u00e9s, l\u2019autre moiti\u00e9 \u00e9tant constitu\u00e9e pour la plupart des Maqdissis chass\u00e9s de la vieille ville au cours des plans successifs de juda\u00efsation ou ne pouvant plus y vivre pour des raisons \u00e9conomiques. Depuis 2004, le camp et les quartiers adjacents sont totalement entour\u00e9s de murs, afin de les isoler du reste de la municipalit\u00e9 et de modifier l\u2019\u00e9quilibre d\u00e9mographique au profit de la population juive de la ville. Compl\u00e8tement ferm\u00e9, le camp ne dispose que de deux sorties sur le monde ext\u00e9rieur que l\u2019arm\u00e9e d\u2019occupation peut boucler \u00e0 tout moment, le poste de contr\u00f4le de Shua\u2019fat vers al-Quds et l\u2019entr\u00e9e de Anaata vers la Cisjordanie.<\/p>\n<p style=\"text-align: justify;\">G\u00e9r\u00e9 par l\u2019UNRWA comme tous les autres camps de r\u00e9fugi\u00e9s palestiniens, il est le seul \u00e0 \u00eatre sous administration coloniale directe. Cette derni\u00e8re soumet \u00e0 l\u2019imp\u00f4t les r\u00e9fugi\u00e9s de Shu\u2019fat (ce qui est un cas exceptionnel parmi les r\u00e9fugi\u00e9s palestiniens), alors qu\u2019ils ne b\u00e9n\u00e9ficient d\u2019aucun service de sa part. La fourniture d\u2019eau et d\u2019\u00e9lectricit\u00e9 y est insuffisante, les infrastructures de sant\u00e9 presque inexistantes. Dans le camp, il existe une seule \u00e9cole primaire pour les r\u00e9fugi\u00e9s enregistr\u00e9s \u00e0 l\u2019UNRWA.\u00a0 Tous les enfants, comme les adultes, doivent passer matin et soir le check point pour aller \u00e9tudier ou travailler \u00e0 l\u2019ext\u00e9rieur.<\/p>\n<p style=\"text-align: justify;\">Si les camps se ressemblent o\u00f9 qu\u2019ils se trouvent, les r\u00e9fugi\u00e9s ont quant \u00e0 eux des statuts particuliers dans chaque pays de r\u00e9sidence. Ainsi, bien que vivant \u00e0 al-Quds et en Palestine depuis des g\u00e9n\u00e9rations, les habitants de Shu\u2019fat ont uniquement un statut de r\u00e9sidents octroy\u00e9 par l\u2019entit\u00e9 coloniale aux Maqdissis, statut pr\u00e9caire qu\u2019ils peuvent perdre \u00e0 tout moment et qui les transforme en \u00e9trangers sur leur propre terre. En Jordanie, les r\u00e9fugi\u00e9s palestiniens de 1948 b\u00e9n\u00e9ficient de la pleine citoyennet\u00e9 depuis 1954, alors que ceux de 1967 ont seulement un statut de r\u00e9sidents temporaires.\u00a0 La Syrie leur a accord\u00e9 une pleine \u00e9galit\u00e9 avec les Syriens en mati\u00e8re de r\u00e9sidence, d\u2019\u00e9ducation, d\u2019emploi et de sant\u00e9, mais pas la citoyennet\u00e9 ; ils ne peuvent donc\u00a0 voter ou \u00eatre \u00e9lus. La situation est beaucoup plus difficile au Liban o\u00f9 les r\u00e9fugi\u00e9s palestiniens sont toujours consid\u00e9r\u00e9s comme des ressortissants \u00e9trangers disposant d\u2019un droit de r\u00e9sidence temporaire. Ils subissent des discriminations tr\u00e8s s\u00e9v\u00e8res en mati\u00e8re d\u2019emploi, d\u2019\u00e9ducation, de sant\u00e9, d\u2019acc\u00e8s \u00e0 la propri\u00e9t\u00e9 et \u00e0 l\u2019ensemble des services sociaux. Certains r\u00e9fugi\u00e9s palestiniens au Liban, notamment ceux venus de Jordanie en 1970 apr\u00e8s Septembre noir, n\u2019ont aucune existence l\u00e9gale.<\/p>\n<p style=\"text-align: justify;\"><b>Mais qu\u2019ils soient consid\u00e9r\u00e9s comme \u00e9trangers en Palestine ou citoyens d\u2019un pays arabe, qu\u2019ils disposent de tous les droits sociaux ou soient au ban des soci\u00e9t\u00e9s dans lesquelles ils vivent, seul leur droit au retour compte. G\u00e9n\u00e9rations apr\u00e8s g\u00e9n\u00e9rations, tous les r\u00e9fugi\u00e9s palestiniens sont d\u00e9termin\u00e9s \u00e0 regagner leur terre.<\/b><\/p>\n<p>Comit\u00e9 Action Palestine<\/p>\n","protected":false},"excerpt":{"rendered":"<p>Calendrier Palestine Libre 2018 \u00ab\u00a0Dans le camp des r\u00e9fugi\u00e9s\u00a0\u00bb Etabli en 1965 au Nord d\u2019al-Quds pour y reloger 500 familles initialement r\u00e9fugi\u00e9es dans le quartier des Maghr\u00e9bins de la vieille ville, le camp de Shu\u2019fat est unique \u00e0 plus d\u2019un titre. Il est le seul camp de r\u00e9fugi\u00e9s palestiniens \u00e0 l\u2019int\u00e9rieur des limites de la [&hellip;]<\/p>\n","protected":false},"author":1,"featured_media":0,"comment_status":"closed","ping_status":"closed","sticky":false,"template":"","format":"standard","meta":{"footnotes":""},"categories":[5,17],"tags":[],"class_list":["post-3035","post","type-post","status-publish","format-standard","hentry","category-communiques","category-les-calendriers"],"views":2533,"_links":{"self":[{"href":"https:\/\/www.comiteactionpalestine.org\/word\/wp-json\/wp\/v2\/posts\/3035","targetHints":{"allow":["GET"]}}],"collection":[{"href":"https:\/\/www.comiteactionpalestine.org\/word\/wp-json\/wp\/v2\/posts"}],"about":[{"href":"https:\/\/www.comiteactionpalestine.org\/word\/wp-json\/wp\/v2\/types\/post"}],"author":[{"embeddable":true,"href":"https:\/\/www.comiteactionpalestine.org\/word\/wp-json\/wp\/v2\/users\/1"}],"replies":[{"embeddable":true,"href":"https:\/\/www.comiteactionpalestine.org\/word\/wp-json\/wp\/v2\/comments?post=3035"}],"version-history":[{"count":1,"href":"https:\/\/www.comiteactionpalestine.org\/word\/wp-json\/wp\/v2\/posts\/3035\/revisions"}],"predecessor-version":[{"id":3036,"href":"https:\/\/www.comiteactionpalestine.org\/word\/wp-json\/wp\/v2\/posts\/3035\/revisions\/3036"}],"wp:attachment":[{"href":"https:\/\/www.comiteactionpalestine.org\/word\/wp-json\/wp\/v2\/media?parent=3035"}],"wp:term":[{"taxonomy":"category","embeddable":true,"href":"https:\/\/www.comiteactionpalestine.org\/word\/wp-json\/wp\/v2\/categories?post=3035"},{"taxonomy":"post_tag","embeddable":true,"href":"https:\/\/www.comiteactionpalestine.org\/word\/wp-json\/wp\/v2\/tags?post=3035"}],"curies":[{"name":"wp","href":"https:\/\/api.w.org\/{rel}","templated":true}]}}