{"id":2997,"date":"2018-06-07T19:54:39","date_gmt":"2018-06-07T18:54:39","guid":{"rendered":"http:\/\/www.comiteactionpalestine.org\/word\/?p=2997"},"modified":"2018-06-25T19:29:38","modified_gmt":"2018-06-25T18:29:38","slug":"lecole-a-gaza-education-et-resistance-conference-debat-avec-bassem-aboudraz","status":"publish","type":"post","link":"https:\/\/www.comiteactionpalestine.org\/word\/lecole-a-gaza-education-et-resistance-conference-debat-avec-bassem-aboudraz\/","title":{"rendered":"\u00ab L\u2019\u00e9cole \u00e0 Gaza : \u00e9ducation et r\u00e9sistance \u00bb &#8211; Conf\u00e9rence-d\u00e9bat avec Bassem ABOUDRAZ"},"content":{"rendered":"<div class=\"pdfprnt-buttons pdfprnt-buttons-post pdfprnt-top-right\"><a href=\"https:\/\/www.comiteactionpalestine.org\/word\/wp-json\/wp\/v2\/posts\/2997?print=pdf\" class=\"pdfprnt-button pdfprnt-button-pdf\" target=\"_blank\"><img decoding=\"async\" src=\"http:\/\/www.comiteactionpalestine.org\/word\/wp-content\/plugins\/pdf-print\/images\/pdf.png\" alt=\"image_pdf\" title=\"Afficher le PDF\" \/><\/a><a href=\"https:\/\/www.comiteactionpalestine.org\/word\/wp-json\/wp\/v2\/posts\/2997?print=print\" class=\"pdfprnt-button pdfprnt-button-print\" target=\"_blank\"><img decoding=\"async\" src=\"http:\/\/www.comiteactionpalestine.org\/word\/wp-content\/plugins\/pdf-print\/images\/print.png\" alt=\"image_print\" title=\"Contenu imprim\u00e9\" \/><\/a><\/div><p style=\"text-align: center;\"><strong>Le 22 juin \u00e0 20h00, <\/strong><\/p>\n<p style=\"text-align: center;\">Ath\u00e9n\u00e9e municipal, \u00e0 Bordeaux (place St Christoly, arr\u00eat de tram Hotel de Ville, trams A et B)<\/p>\n<p>&nbsp;<\/p>\n<p style=\"text-align: center;\">Le Comit\u00e9 Action Palestine<\/p>\n<p style=\"text-align: center;\">vous convie \u00e0<\/p>\n<p style=\"text-align: center;\">une Conf\u00e9rence-d\u00e9bat<\/p>\n<p style=\"text-align: center;\"><strong>\u00ab\u00a0L\u2019\u00e9cole \u00e0 Gaza : \u00e9ducation et r\u00e9sistance\u00a0\u00bb<\/strong><\/p>\n<p style=\"text-align: center;\">avec Bassem ABOUDRAZ,<\/p>\n<p style=\"text-align: center;\">conseiller d\u2019\u00e9ducation pour l\u2019enseignement du fran\u00e7ais \u00e0 Gaza<\/p>\n<p>&nbsp;<\/p>\n<p style=\"text-align: justify;\">En Palestine, la population est jeune, tr\u00e8s jeune et la soci\u00e9t\u00e9 palestinienne consid\u00e8re l\u2019\u00e9ducation de ses enfants, gar\u00e7ons ou filles, comme un pilier de leur avenir. Le taux d\u2019alphab\u00e9tisation est proche de 100% et le syst\u00e8me \u00e9ducatif palestinien est consid\u00e9r\u00e9 comme excellent.<\/p>\n<p style=\"text-align: justify;\">Mais les enfants et les jeunes sont aussi particuli\u00e8rement expos\u00e9s \u00e0 la violence coloniale sous toutes ces formes. T\u00e9moins de la r\u00e9pression et des assassinats subis par les membres de leur famille ou leur entourage, les enfants sont aussi les victimes<\/p>\n<p>&nbsp;<\/p>\n<p><span style=\"text-align: justify;\">directes de l\u2019occupation. Depuis 2000, 2000 enfants ont \u00e9t\u00e9 tu\u00e9s par les forces arm\u00e9es isra\u00e9liennes, et 12\u00a0000 jet\u00e9s dans les prisons de l\u2019occupant o\u00f9 ils subissent des tortures au m\u00eame titre que les adultes. Les \u00e9coles ne sont m\u00eame pas un refuge pour eux. A Gaza, soumis \u00e0 un blocus depuis 11 ans, un tiers des \u00e9coles a \u00e9t\u00e9 d\u00e9truit en 2014 pendant l\u2019attaque isra\u00e9lienne qui a dur\u00e9 plus de 50 jours et, depuis, les conditions d\u2019apprentissage sont encore plus difficiles.<\/span><\/p>\n<p><img decoding=\"async\" class=\"alignright wp-image-3000\" src=\"http:\/\/www.comiteactionpalestine.org\/word\/wp-content\/uploads\/2018\/06\/441941bassem.jpg\" alt=\"\" width=\"170\" height=\"226\" \/><\/p>\n<p style=\"text-align: justify;\">Mais les \u00e9l\u00e8ves et les enseignants ont toujours des projets, car poursuivre co\u00fbte que co\u00fbte l\u2019\u00e9ducation des jeunes g\u00e9n\u00e9rations est un acte de r\u00e9sistance.<\/p>\n<p style=\"text-align: justify;\">Quelle est la situation au quotidien \u00e0 Gaza\u00a0? Quelles en sont les r\u00e9percussions sur les enfants\u00a0? Quelles sont les difficult\u00e9s des enseignants et comment arrivent-ils \u00e0 les r\u00e9soudre\u00a0? Bassem Aboudraz nous apportera son t\u00e9moignage et nous livrera son analyse de la situation.<\/p>\n<p>&nbsp;<\/p>\n<p>En collaboration avec ISM-France, Voix d\u00e9coloniales, Espace Culturel des 2 rives, Les alli\u00e9s de la Paix<\/p>\n<p>Photo:\u00a0 Bassem Aboudraz lors d&rsquo;une conf\u00e9rence en 2013<\/p>\n<p>aussi sur facebook<\/p>\n<p><a href=\"https:\/\/www.facebook.com\/events\/230244124226724\/\">https:\/\/www.facebook.com\/events\/230244124226724\/<\/a><\/p>\n","protected":false},"excerpt":{"rendered":"<p>Le 22 juin \u00e0 20h00, Ath\u00e9n\u00e9e municipal, \u00e0 Bordeaux (place St Christoly, arr\u00eat de tram Hotel de Ville, trams A et B) &nbsp; Le Comit\u00e9 Action Palestine vous convie \u00e0 une Conf\u00e9rence-d\u00e9bat \u00ab\u00a0L\u2019\u00e9cole \u00e0 Gaza : \u00e9ducation et r\u00e9sistance\u00a0\u00bb avec Bassem ABOUDRAZ, conseiller d\u2019\u00e9ducation pour l\u2019enseignement du fran\u00e7ais \u00e0 Gaza &nbsp; En Palestine, la population [&hellip;]<\/p>\n","protected":false},"author":1,"featured_media":0,"comment_status":"closed","ping_status":"closed","sticky":false,"template":"","format":"standard","meta":{"footnotes":""},"categories":[19],"tags":[],"class_list":["post-2997","post","type-post","status-publish","format-standard","hentry","category-actions"],"views":2654,"_links":{"self":[{"href":"https:\/\/www.comiteactionpalestine.org\/word\/wp-json\/wp\/v2\/posts\/2997","targetHints":{"allow":["GET"]}}],"collection":[{"href":"https:\/\/www.comiteactionpalestine.org\/word\/wp-json\/wp\/v2\/posts"}],"about":[{"href":"https:\/\/www.comiteactionpalestine.org\/word\/wp-json\/wp\/v2\/types\/post"}],"author":[{"embeddable":true,"href":"https:\/\/www.comiteactionpalestine.org\/word\/wp-json\/wp\/v2\/users\/1"}],"replies":[{"embeddable":true,"href":"https:\/\/www.comiteactionpalestine.org\/word\/wp-json\/wp\/v2\/comments?post=2997"}],"version-history":[{"count":3,"href":"https:\/\/www.comiteactionpalestine.org\/word\/wp-json\/wp\/v2\/posts\/2997\/revisions"}],"predecessor-version":[{"id":3002,"href":"https:\/\/www.comiteactionpalestine.org\/word\/wp-json\/wp\/v2\/posts\/2997\/revisions\/3002"}],"wp:attachment":[{"href":"https:\/\/www.comiteactionpalestine.org\/word\/wp-json\/wp\/v2\/media?parent=2997"}],"wp:term":[{"taxonomy":"category","embeddable":true,"href":"https:\/\/www.comiteactionpalestine.org\/word\/wp-json\/wp\/v2\/categories?post=2997"},{"taxonomy":"post_tag","embeddable":true,"href":"https:\/\/www.comiteactionpalestine.org\/word\/wp-json\/wp\/v2\/tags?post=2997"}],"curies":[{"name":"wp","href":"https:\/\/api.w.org\/{rel}","templated":true}]}}