{"id":2640,"date":"2016-10-02T15:03:52","date_gmt":"2016-10-02T14:03:52","guid":{"rendered":"http:\/\/www.comiteactionpalestine.org\/word\/?p=2640"},"modified":"2016-11-04T21:12:04","modified_gmt":"2016-11-04T20:12:04","slug":"palestine-en-resistance-concert-debat-pour-la-palestine-bordeaux-le-22-octobre","status":"publish","type":"post","link":"https:\/\/www.comiteactionpalestine.org\/word\/palestine-en-resistance-concert-debat-pour-la-palestine-bordeaux-le-22-octobre\/","title":{"rendered":"Palestine en R\u00e9sistance : concert-d\u00e9bat pour la Palestine &#8211; Bordeaux le 22 octobre"},"content":{"rendered":"<div class=\"pdfprnt-buttons pdfprnt-buttons-post pdfprnt-top-right\"><a href=\"https:\/\/www.comiteactionpalestine.org\/word\/wp-json\/wp\/v2\/posts\/2640?print=pdf\" class=\"pdfprnt-button pdfprnt-button-pdf\" target=\"_blank\"><img decoding=\"async\" src=\"http:\/\/www.comiteactionpalestine.org\/word\/wp-content\/plugins\/pdf-print\/images\/pdf.png\" alt=\"image_pdf\" title=\"Afficher le PDF\" \/><\/a><a href=\"https:\/\/www.comiteactionpalestine.org\/word\/wp-json\/wp\/v2\/posts\/2640?print=print\" class=\"pdfprnt-button pdfprnt-button-print\" target=\"_blank\"><img decoding=\"async\" src=\"http:\/\/www.comiteactionpalestine.org\/word\/wp-content\/plugins\/pdf-print\/images\/print.png\" alt=\"image_print\" title=\"Contenu imprim\u00e9\" \/><\/a><\/div><p style=\"text-align: center;\">Le <strong><span style=\"color: #ff0000;\">Comit\u00e9<\/span> Action\u00a0<span style=\"color: #00b000;\">Palestine<\/span><\/strong><\/p>\n<p style=\"text-align: center;\">organise un concert-d\u00e9bat pour la Palestine,<\/p>\n<p style=\"text-align: center;\">le 22 octobre 2016,<\/p>\n<p style=\"text-align: center;\">\u00a01 place des Capucins, Bordeaux<\/p>\n<p style=\"text-align: center;\">19h00-minuit<\/p>\n<p style=\"text-align: justify;\">Cette soir\u00e9e sera compos\u00e9e de deux grands moments. D\u2019abord aura lieu une conf\u00e9rence-d\u00e9bat avec <b>Hamdan al DAMIRI<\/b>, Coordinateur de la Communaut\u00e9 Palestinienne en Belgique, autour de deux grands axes th\u00e9matiques, la situation actuelle de la r\u00e9sistance palestinienne et la place de la r\u00e9sistance palestinienne dans la g\u00e9opolitique r\u00e9gionale. Cette rencontre avec Hamdan Al DAMIRI sera, \u00e0 n\u2019en pas douter, riche en enseignements et en \u00e9changes.<\/p>\n<p>La seconde partie de la soir\u00e9e verra l\u2019entr\u00e9e en sc\u00e8ne, pour un moment vivant et convivial, de<\/p>\n<p>\u00a4 <strong>VOIX DE FEMMES<\/strong> (chants m\u00e9diterran\u00e9ens, de la musique anatolienne aux romances perses) \u00a4<br \/>\n\u00a4 <strong>ERR\u00d6R 404<\/strong> ( Hip Hop Boom Bam Electro Festif)<\/p>\n<p>Venez nombreux &#8211; Participation libre &#8211; Renseignements par mail \u00e0 actionpalestine@hotmail.com<\/p>\n<p><a href=\"https:\/\/www.facebook.com\/events\/1778262189109383\/\">https:\/\/www.facebook.com\/events\/1778262189109383\/<\/a><\/p>\n<p>_____________________________________________________________________________________________________<\/p>\n<p style=\"text-align: justify;\">La domination occidentale signifie la r\u00e9gression \u00e9conomique, sociale et politique la plus totale pour les peuples du Sud. L\u2019imp\u00e9rialisme et le colonialisme, qu\u2019il s\u00e9cr\u00e8te dans diff\u00e9rentes r\u00e9gions du monde, ne sont rien d\u2019autre pour les peuples domin\u00e9s qu\u2019asservissement, oppression, massacre, racisme et mis\u00e8re. La r\u00e9sistance des peuples domin\u00e9s, son \u00e9mergence, sa structuration et son renforcement, sont le r\u00e9sultat mais aussi la n\u00e9gation la plus radicale de cette logique de r\u00e9pression et de destruction propre \u00e0 l\u2019h\u00e9g\u00e9monie occidentale.<\/p>\n<p style=\"text-align: justify;\">L\u2019histoire de la Palestine, de la fin du 19i\u00e8me si\u00e8cle jusqu\u2019\u00e0 aujourd\u2019hui, concentre l\u2019essentiel des rapports de domination de types imp\u00e9rialiste et colonialiste. L\u2019implantation sioniste et le vol des terres par les colons juifs ont \u00e9t\u00e9 rendus possibles, d\u00e8s le d\u00e9but, par des puissances coloniales (Angleterre, France).\u00a0 Cette nouvelle forme d\u2019\u00e9puration ethnique b\u00e9n\u00e9ficie aujourd\u2019hui du soutien de l\u2019ensemble du monde occidental (Etats-Unis et Europe). Des points de vue historique et g\u00e9opolitique, la cause palestinienne est centrale. Au niveau historique, l\u2019enjeu est dor\u00e9navant d\u2019acc\u00e9l\u00e9rer le d\u00e9p\u00e9rissement de la domination imp\u00e9rialiste occidentale apr\u00e8s sa violente remise en cause au cours de la phase de d\u00e9colonisation des ann\u00e9es 50 et 60. Au niveau g\u00e9opolitique, l\u2019enjeu est de lib\u00e9rer la terre arabe de Palestine et mettre fin \u00e0 cette colonisation qui permet de contr\u00f4ler toute la r\u00e9gion du Moyen-Orient.<\/p>\n<p style=\"text-align: justify;\">Si la Palestine est le champ de la lutte directe contre le colonialisme, il n\u2019en demeure pas moins, qu\u2019en Occident, le soutien \u00e0 la cause palestinienne r\u00e9side dans une grande mesure dans le combat politique et id\u00e9ologique contre le sionisme implant\u00e9 au c\u0153ur m\u00eame des Etats occidentaux. En France, en particulier, tout militantisme antisioniste authentique se doit de d\u00e9noncer, non seulement, le sort qui est fait aux Palestiniens, mais aussi toute organisation ou institution qui travaille ici au service de la domination sioniste.<\/p>\n<p>Comit\u00e9 Action Palestine<\/p>\n<p>&#8212;&#8212;&#8212;&#8212;&#8212;&#8212;&#8212;&#8212;&#8212;&#8212;&#8212;&#8212;&#8212;&#8212;&#8212;&#8212;&#8212;&#8212;&#8212;&#8212;&#8212;&#8212;&#8212;&#8212;&#8212;&#8212;&#8212;&#8212;&#8212;&#8212;&#8212;&#8212;&#8212;&#8212;&#8212;&#8212;&#8212;&#8212;&#8212;&#8212;&#8212;&#8212;&#8212;&#8212;&#8212;&#8212;&#8212;&#8212;&#8212;&#8212;&#8212;&#8212;&#8212;&#8212;&#8212;&#8212;&#8212;&#8212;-<\/p>\n<p style=\"text-align: justify;\"><strong>&#8211; VOIX DE FEMMES<\/strong><br \/>\nC&rsquo;est le souffle de la vie, transcendant ou exaltant, l&rsquo;expression forte des sentiments, qu&rsquo;il s&rsquo;agisse d&rsquo;amour, de chagrin ou d&rsquo;exil.<br \/>\nLa rencontre de Canan Domurcakli, originaire de Sivas et de Manouela Menty, bordelaise aux racines kabyles est bas\u00e9e sur l&rsquo;\u00e9motion des chants m\u00e9diterran\u00e9ens. Un hommage aux femmes qui portent le monde. De la musique anatolienne, po\u00e9sie des asiks, aux romances s\u00e9farades et perses, les chansons oubli\u00e9es sont d\u00e9voil\u00e9es. Canan chante et s&rsquo;accompagne au saz, Manouela rythme au bendir, et s&rsquo;\u00e9vade vocalement. Un voyage qui laisse sans voix.<\/p>\n<p>Page facebook : <a href=\"https:\/\/www.facebook.com\/voixdefemmes\/?fref=ts&amp;__mref=message_bubble\" rel=\"nofollow\">https:\/\/www.facebook.com\/<wbr \/>voixdefemmes\/<wbr \/>?fref=ts&amp;__mref=message_bub<wbr \/>ble<\/a><\/p>\n<p><strong>&#8211; ERR\u00d6R 404<\/strong><br \/>\nErr\u00f6r 404 c&rsquo;est 5 MCs\/beatmakers et un DJ issus d&rsquo;univers diff\u00e9rents. Aux origines du hip-hop des ann\u00e9es 90 aux sonorit\u00e9s actuelles, cette surprenante \u00e9quipe propose une musique \u00e0 la fois rentre-dedans et festive, anim\u00e9e par un show en int\u00e9raction avec le public. Si vous aimez autant les sons \u00e9lectro que les samples \u00e0 l&rsquo;ancienne, autant les textes sens\u00e9s et provocants que l&rsquo;humour d\u00e9cal\u00e9, cette famille dite \u00ab\u00a0sans projet\u00a0\u00bb est \u00e0 d\u00e9couvrir.<\/p>\n<p>Site : <a href=\"http:\/\/www.xn--errr404-c1a.com\/\" target=\"_blank\" rel=\"nofollow nofollow\">http:\/\/www.err\u00f6r404.com\/<\/a><\/p>\n","protected":false},"excerpt":{"rendered":"<p>Le Comit\u00e9 Action\u00a0Palestine organise un concert-d\u00e9bat pour la Palestine, le 22 octobre 2016, \u00a01 place des Capucins, Bordeaux 19h00-minuit Cette soir\u00e9e sera compos\u00e9e de deux grands moments. D\u2019abord aura lieu une conf\u00e9rence-d\u00e9bat avec Hamdan al DAMIRI, Coordinateur de la Communaut\u00e9 Palestinienne en Belgique, autour de deux grands axes th\u00e9matiques, la situation actuelle de la r\u00e9sistance [&hellip;]<\/p>\n","protected":false},"author":1,"featured_media":0,"comment_status":"closed","ping_status":"closed","sticky":false,"template":"","format":"standard","meta":{"footnotes":""},"categories":[19],"tags":[],"class_list":["post-2640","post","type-post","status-publish","format-standard","hentry","category-actions"],"views":2474,"_links":{"self":[{"href":"https:\/\/www.comiteactionpalestine.org\/word\/wp-json\/wp\/v2\/posts\/2640","targetHints":{"allow":["GET"]}}],"collection":[{"href":"https:\/\/www.comiteactionpalestine.org\/word\/wp-json\/wp\/v2\/posts"}],"about":[{"href":"https:\/\/www.comiteactionpalestine.org\/word\/wp-json\/wp\/v2\/types\/post"}],"author":[{"embeddable":true,"href":"https:\/\/www.comiteactionpalestine.org\/word\/wp-json\/wp\/v2\/users\/1"}],"replies":[{"embeddable":true,"href":"https:\/\/www.comiteactionpalestine.org\/word\/wp-json\/wp\/v2\/comments?post=2640"}],"version-history":[{"count":6,"href":"https:\/\/www.comiteactionpalestine.org\/word\/wp-json\/wp\/v2\/posts\/2640\/revisions"}],"predecessor-version":[{"id":2648,"href":"https:\/\/www.comiteactionpalestine.org\/word\/wp-json\/wp\/v2\/posts\/2640\/revisions\/2648"}],"wp:attachment":[{"href":"https:\/\/www.comiteactionpalestine.org\/word\/wp-json\/wp\/v2\/media?parent=2640"}],"wp:term":[{"taxonomy":"category","embeddable":true,"href":"https:\/\/www.comiteactionpalestine.org\/word\/wp-json\/wp\/v2\/categories?post=2640"},{"taxonomy":"post_tag","embeddable":true,"href":"https:\/\/www.comiteactionpalestine.org\/word\/wp-json\/wp\/v2\/tags?post=2640"}],"curies":[{"name":"wp","href":"https:\/\/api.w.org\/{rel}","templated":true}]}}