{"id":2566,"date":"2016-06-20T19:31:44","date_gmt":"2016-06-20T18:31:44","guid":{"rendered":"http:\/\/www.comiteactionpalestine.org\/word\/?p=2566"},"modified":"2016-06-29T22:41:28","modified_gmt":"2016-06-29T21:41:28","slug":"lonu-un-leurre-au-service-des-puissances-imperialistes","status":"publish","type":"post","link":"https:\/\/www.comiteactionpalestine.org\/word\/lonu-un-leurre-au-service-des-puissances-imperialistes\/","title":{"rendered":"L\u2019ONU : un leurre au service des puissances imp\u00e9rialistes !"},"content":{"rendered":"<div class=\"pdfprnt-buttons pdfprnt-buttons-post pdfprnt-top-right\"><a href=\"https:\/\/www.comiteactionpalestine.org\/word\/wp-json\/wp\/v2\/posts\/2566?print=pdf\" class=\"pdfprnt-button pdfprnt-button-pdf\" target=\"_blank\"><img decoding=\"async\" src=\"http:\/\/www.comiteactionpalestine.org\/word\/wp-content\/plugins\/pdf-print\/images\/pdf.png\" alt=\"image_pdf\" title=\"Afficher le PDF\" \/><\/a><a href=\"https:\/\/www.comiteactionpalestine.org\/word\/wp-json\/wp\/v2\/posts\/2566?print=print\" class=\"pdfprnt-button pdfprnt-button-print\" target=\"_blank\"><img decoding=\"async\" src=\"http:\/\/www.comiteactionpalestine.org\/word\/wp-content\/plugins\/pdf-print\/images\/print.png\" alt=\"image_print\" title=\"Contenu imprim\u00e9\" \/><\/a><\/div><p style=\"text-align: justify\">Comit\u00e9 Action Palestine<\/p>\n<p style=\"text-align: justify\">Depuis le 13 juin dernier, la 6<sup>\u00e8me<\/sup> commission de l\u2019Assembl\u00e9e g\u00e9n\u00e9rale de l\u2019ONU est pr\u00e9sid\u00e9e par Isra\u00ebl. Cette commission g\u00e8re l\u2019ensemble des op\u00e9rations de l\u2019organisation de l\u2019ONU du droit international que ce soit l\u2019application des conventions de Gen\u00e8ve ou la coordination de la lutte mondiale contre le terrorisme. Apr\u00e8s son \u00e9lection \u00e0 la vice-pr\u00e9sidence de la 4<sup>\u00e8me<\/sup> commission charg\u00e9e des questions politiques sp\u00e9ciales et de la d\u00e9colonisation en juin 2014, l\u2019entit\u00e9 sioniste colonise peu \u00e0 peu les arcanes de l\u2019Organisation.<\/p>\n<p style=\"text-align: justify\">\u00a0L\u2019Etat colonial isra\u00e9lien s\u2019est b\u00e2ti \u00a0sur le terrorisme, l\u2019\u00e9puration ethnique et la violation des droits des Palestiniens. Mais que peut-on attendre de l\u2019ONU\u00a0? C\u2019est une organisation con\u00e7ue par les Etats-Unis sur les cendres de la Soci\u00e9t\u00e9 des Nations, fond\u00e9e par le club des vainqueurs de la seconde guerre mondiale, et selon des r\u00e8gles qui leur assurent la supr\u00e9matie dans n\u2019importe quelles circonstances. Le vote de r\u00e9solutions par l\u2019Assembl\u00e9e g\u00e9n\u00e9rale est un leurre puisqu\u2019elles ne sont jamais contraignantes vis-\u00e0-vis des Etats dominants. De plus le droit de veto au Conseil de S\u00e9curit\u00e9 garantit les int\u00e9r\u00eats des grandes puissances.<\/p>\n<p style=\"text-align: justify\">Ces nominations montrent une fois de plus que les Palestiniens n\u2019ont rien \u00e0 attendre de cette organisation et de la dite \u00ab\u00a0communaut\u00e9 internationale\u00a0\u00bb. Le mouvement de solidarit\u00e9 internationale doit cesser d\u2019y faire r\u00e9f\u00e9rence comme seul cadre du droit des Palestiniens \u00e0 l\u2019autod\u00e9termination et des conditions de leur lutte nationale. Il est urgent de revenir aux fondamentaux de la lutte anti-coloniale. Le sionisme est un colonialisme, seuls les Palestiniens sont \u00e0 m\u00eame de d\u00e9finir les moyens de lutte pour lib\u00e9rer la terre arabe de Palestine car il s\u2019agit de leur survie et de leur devenir. Le mouvement de solidarit\u00e9 doit avoir un seul mot d\u2019ordre : la lib\u00e9ration de toute la Palestine.<\/p>\n","protected":false},"excerpt":{"rendered":"<p>Comit\u00e9 Action Palestine Depuis le 13 juin dernier, la 6\u00e8me commission de l\u2019Assembl\u00e9e g\u00e9n\u00e9rale de l\u2019ONU est pr\u00e9sid\u00e9e par Isra\u00ebl. Cette commission g\u00e8re l\u2019ensemble des op\u00e9rations de l\u2019organisation de l\u2019ONU du droit international que ce soit l\u2019application des conventions de Gen\u00e8ve ou la coordination de la lutte mondiale contre le terrorisme. Apr\u00e8s son \u00e9lection \u00e0 [&hellip;]<\/p>\n","protected":false},"author":2,"featured_media":2567,"comment_status":"closed","ping_status":"closed","sticky":false,"template":"","format":"standard","meta":{"footnotes":""},"categories":[30,5],"tags":[],"class_list":["post-2566","post","type-post","status-publish","format-standard","has-post-thumbnail","hentry","category-actualites","category-communiques"],"views":4628,"_links":{"self":[{"href":"https:\/\/www.comiteactionpalestine.org\/word\/wp-json\/wp\/v2\/posts\/2566","targetHints":{"allow":["GET"]}}],"collection":[{"href":"https:\/\/www.comiteactionpalestine.org\/word\/wp-json\/wp\/v2\/posts"}],"about":[{"href":"https:\/\/www.comiteactionpalestine.org\/word\/wp-json\/wp\/v2\/types\/post"}],"author":[{"embeddable":true,"href":"https:\/\/www.comiteactionpalestine.org\/word\/wp-json\/wp\/v2\/users\/2"}],"replies":[{"embeddable":true,"href":"https:\/\/www.comiteactionpalestine.org\/word\/wp-json\/wp\/v2\/comments?post=2566"}],"version-history":[{"count":1,"href":"https:\/\/www.comiteactionpalestine.org\/word\/wp-json\/wp\/v2\/posts\/2566\/revisions"}],"predecessor-version":[{"id":2568,"href":"https:\/\/www.comiteactionpalestine.org\/word\/wp-json\/wp\/v2\/posts\/2566\/revisions\/2568"}],"wp:featuredmedia":[{"embeddable":true,"href":"https:\/\/www.comiteactionpalestine.org\/word\/wp-json\/wp\/v2\/media\/2567"}],"wp:attachment":[{"href":"https:\/\/www.comiteactionpalestine.org\/word\/wp-json\/wp\/v2\/media?parent=2566"}],"wp:term":[{"taxonomy":"category","embeddable":true,"href":"https:\/\/www.comiteactionpalestine.org\/word\/wp-json\/wp\/v2\/categories?post=2566"},{"taxonomy":"post_tag","embeddable":true,"href":"https:\/\/www.comiteactionpalestine.org\/word\/wp-json\/wp\/v2\/tags?post=2566"}],"curies":[{"name":"wp","href":"https:\/\/api.w.org\/{rel}","templated":true}]}}