{"id":2498,"date":"2016-02-12T22:30:34","date_gmt":"2016-02-12T21:30:34","guid":{"rendered":"http:\/\/www.comiteactionpalestine.org\/word\/?p=2498"},"modified":"2017-11-12T15:38:12","modified_gmt":"2017-11-12T14:38:12","slug":"les-attentats-de-2015-et-la-construction-raciste-dun-nouveau-bouc-emissaire-interview-de-nacira-guenif-souleimas-par-le-comite-action-palestine","status":"publish","type":"post","link":"https:\/\/www.comiteactionpalestine.org\/word\/les-attentats-de-2015-et-la-construction-raciste-dun-nouveau-bouc-emissaire-interview-de-nacira-guenif-souleimas-par-le-comite-action-palestine\/","title":{"rendered":"\u00ab\u00a0Les attentats de 2015 et la construction raciste d&rsquo;un nouveau bouc-\u00e9missaire\u00a0\u00bb &#8211; Interview de Nacira Gu\u00e9nif Souleimas par le Comit\u00e9 Action Palestine"},"content":{"rendered":"<div class=\"pdfprnt-buttons pdfprnt-buttons-post pdfprnt-top-right\"><a href=\"https:\/\/www.comiteactionpalestine.org\/word\/wp-json\/wp\/v2\/posts\/2498?print=pdf\" class=\"pdfprnt-button pdfprnt-button-pdf\" target=\"_blank\"><img decoding=\"async\" src=\"http:\/\/www.comiteactionpalestine.org\/word\/wp-content\/plugins\/pdf-print\/images\/pdf.png\" alt=\"image_pdf\" title=\"Afficher le PDF\" \/><\/a><a href=\"https:\/\/www.comiteactionpalestine.org\/word\/wp-json\/wp\/v2\/posts\/2498?print=print\" class=\"pdfprnt-button pdfprnt-button-print\" target=\"_blank\"><img decoding=\"async\" src=\"http:\/\/www.comiteactionpalestine.org\/word\/wp-content\/plugins\/pdf-print\/images\/print.png\" alt=\"image_print\" title=\"Contenu imprim\u00e9\" \/><\/a><\/div><p>A l&rsquo;occasion d&rsquo;une conf\u00e9rence organis\u00e9e \u00e0 Bordeaux par le Comit\u00e9 Action Palestine, sur le th\u00e8me \u00ab\u00a0Face au racisme et \u00e0 l&rsquo;islamophobie, ne c\u00e9dons rien !\u00a0\u00bb (janvier 2016)<\/p>\n<p><a href=\"https:\/\/youtu.be\/jO1g1jEbKFM\">Visionner l&rsquo;interview<\/a><\/p>\n","protected":false},"excerpt":{"rendered":"<p>A l&rsquo;occasion d&rsquo;une conf\u00e9rence organis\u00e9e \u00e0 Bordeaux par le Comit\u00e9 Action Palestine, sur le th\u00e8me \u00ab\u00a0Face au racisme et \u00e0 l&rsquo;islamophobie, ne c\u00e9dons rien !\u00a0\u00bb (janvier 2016) Visionner l&rsquo;interview<\/p>\n","protected":false},"author":2,"featured_media":2499,"comment_status":"closed","ping_status":"closed","sticky":false,"template":"","format":"standard","meta":{"footnotes":""},"categories":[25,19,27],"tags":[],"class_list":["post-2498","post","type-post","status-publish","format-standard","has-post-thumbnail","hentry","category-a-la-une","category-actions","category-videos"],"views":8924,"_links":{"self":[{"href":"https:\/\/www.comiteactionpalestine.org\/word\/wp-json\/wp\/v2\/posts\/2498","targetHints":{"allow":["GET"]}}],"collection":[{"href":"https:\/\/www.comiteactionpalestine.org\/word\/wp-json\/wp\/v2\/posts"}],"about":[{"href":"https:\/\/www.comiteactionpalestine.org\/word\/wp-json\/wp\/v2\/types\/post"}],"author":[{"embeddable":true,"href":"https:\/\/www.comiteactionpalestine.org\/word\/wp-json\/wp\/v2\/users\/2"}],"replies":[{"embeddable":true,"href":"https:\/\/www.comiteactionpalestine.org\/word\/wp-json\/wp\/v2\/comments?post=2498"}],"version-history":[{"count":1,"href":"https:\/\/www.comiteactionpalestine.org\/word\/wp-json\/wp\/v2\/posts\/2498\/revisions"}],"predecessor-version":[{"id":2500,"href":"https:\/\/www.comiteactionpalestine.org\/word\/wp-json\/wp\/v2\/posts\/2498\/revisions\/2500"}],"wp:featuredmedia":[{"embeddable":true,"href":"https:\/\/www.comiteactionpalestine.org\/word\/wp-json\/wp\/v2\/media\/2499"}],"wp:attachment":[{"href":"https:\/\/www.comiteactionpalestine.org\/word\/wp-json\/wp\/v2\/media?parent=2498"}],"wp:term":[{"taxonomy":"category","embeddable":true,"href":"https:\/\/www.comiteactionpalestine.org\/word\/wp-json\/wp\/v2\/categories?post=2498"},{"taxonomy":"post_tag","embeddable":true,"href":"https:\/\/www.comiteactionpalestine.org\/word\/wp-json\/wp\/v2\/tags?post=2498"}],"curies":[{"name":"wp","href":"https:\/\/api.w.org\/{rel}","templated":true}]}}