{"id":2201,"date":"2014-08-09T21:38:16","date_gmt":"2014-08-09T20:38:16","guid":{"rendered":"http:\/\/www.comiteactionpalestine.org\/word\/?p=2201"},"modified":"2014-08-22T20:38:09","modified_gmt":"2014-08-22T19:38:09","slug":"jusqua-la-liberation-totale-de-la-palestine-soutien-a-la-resistance","status":"publish","type":"post","link":"https:\/\/www.comiteactionpalestine.org\/word\/jusqua-la-liberation-totale-de-la-palestine-soutien-a-la-resistance\/","title":{"rendered":"Jusqu&rsquo;\u00e0 la lib\u00e9ration totale de la Palestine : soutien \u00e0 la r\u00e9sistance !"},"content":{"rendered":"<div class=\"pdfprnt-buttons pdfprnt-buttons-post pdfprnt-top-right\"><a href=\"https:\/\/www.comiteactionpalestine.org\/word\/wp-json\/wp\/v2\/posts\/2201?print=pdf\" class=\"pdfprnt-button pdfprnt-button-pdf\" target=\"_blank\"><img decoding=\"async\" src=\"http:\/\/www.comiteactionpalestine.org\/word\/wp-content\/plugins\/pdf-print\/images\/pdf.png\" alt=\"image_pdf\" title=\"Afficher le PDF\" \/><\/a><a href=\"https:\/\/www.comiteactionpalestine.org\/word\/wp-json\/wp\/v2\/posts\/2201?print=print\" class=\"pdfprnt-button pdfprnt-button-print\" target=\"_blank\"><img decoding=\"async\" src=\"http:\/\/www.comiteactionpalestine.org\/word\/wp-content\/plugins\/pdf-print\/images\/print.png\" alt=\"image_print\" title=\"Contenu imprim\u00e9\" \/><\/a><\/div><p style=\"text-align: justify\"><strong>Prise de parole du Comit\u00e9 Action Palestine \u00e0 la manifestation du samedi 9 ao\u00fbt 2014<\/strong><br style=\"color: #37404e\" \/><br style=\"color: #37404e\" \/><span style=\"color: #37404e\">Quoi que l&rsquo;on dise, il n&rsquo;y aura jamais de tr\u00eave en Palestine tant que l&rsquo;occupat<\/span><span class=\"text_exposed_show\" style=\"color: #37404e\">ion demeure, tant que le blocus affame le peuple. Les Palestiniens n&rsquo;accepteront jamais de mourir sans combattre et Isra\u00ebl trouvera toujours un pr\u00e9texte pour le massacrer. Car l&rsquo;histoire se r\u00e9p\u00e8te en Palestine. Une nouvelle fois, le peuple palestinien est assassin\u00e9 sous l&rsquo;\u0153il d\u00e9sint\u00e9ress\u00e9, complaisant ou complice des \u00c9tats occidentaux. Une nouvelle fois, Isra\u00ebl a d\u00e9montr\u00e9 quelle \u00e9tait sa v\u00e9ritable nature, barbare, colonialiste et g\u00e9nocidaire. Une nouvelle fois, la propagande sioniste a \u00e9t\u00e9 mise en \u0153uvre pour laisser croire \u00e0 la l\u00e9gitimit\u00e9 de l&rsquo;agression. Une nouvelle fois, malgr\u00e9 de lourdes pertes, la r\u00e9sistance a repouss\u00e9 les assauts de l&rsquo;occupant, le contraignant \u00e0 retirer ses troupes de Gaza. Une nouvelle fois, des gens se sont mobilis\u00e9s pour hurler leur col\u00e8re. Et une nouvelle fois, lorsque la Palestine ne sera plus \u00e0 la une de l&rsquo;actualit\u00e9, tout le monde va rentrer chez soi et parfois oublier ce qu&rsquo;il s&rsquo;est pass\u00e9, jusqu&rsquo;\u00e0 ce qu&rsquo;une nouvelle agression, in\u00e9vitable, vienne rappeler \u00e0 tout le monde que cette terre est toujours sous occupation et que rien n&rsquo;est r\u00e9gl\u00e9. Pourtant, puisque l&rsquo;histoire se r\u00e9p\u00e8te sans cesse, il faut bien un jour en tirer des cons\u00e9quences. Apr\u00e8s ce mois de barbarie sans nom, le Comit\u00e9 Action Palestine interpelle tous ceux pour qui la notion de justice a encore un sens, et les invite \u00e0 se souvenir.<\/span><\/p>\n<p style=\"text-align: justify\">Il faudra se souvenir que la classe politique fran\u00e7aise dans son ensemble, et plus particuli\u00e8rement le pouvoir socialiste en place, a laiss\u00e9 faire et a m\u00eame avalis\u00e9 les massacres. Quelles que soient les circonstances dans lesquelles ils seront conduits \u00e0 le faire, il faut d\u00e9sormais savoir que lorsqu&rsquo;ils emploieront les mots de Libert\u00e9, de Valeurs r\u00e9publicaines, de Justice et de Droit, ces mots sont dans leur bouche vides de sens d\u00e8s lors que l&rsquo;on se fait le complice d&rsquo;un g\u00e9nocide.<\/p>\n<p style=\"text-align: justify\">Il faudra se souvenir que toutes les manifestations n&rsquo;ont pas \u00e9t\u00e9 autoris\u00e9es, et qu&rsquo;elles ne l&rsquo;ont \u00e9t\u00e9 de fait que lorsque la contestation se limitait \u00e0 sa plus simple expression humanitaire. Manuel Valls lui-m\u00eame a pr\u00e9cis\u00e9 que l&rsquo;on avait le droit de manifester pour demander la paix, mais que toute remise en question du sionisme \u00e9tait suspect\u00e9e d&rsquo;antis\u00e9mitisme. Ces limites impos\u00e9es et largement relay\u00e9es par la plupart des organisations qui ont particip\u00e9 aux manifestations, sont le t\u00e9moignage d&rsquo;une vision colonialiste. L&rsquo;Occident colonise et accapare des terres qui ne sont pas les siennes, et lorsque les peuples colonis\u00e9s revendiquent leur ind\u00e9pendance et qu&rsquo;ils se r\u00e9voltent et r\u00e9sistent, on leur d\u00e9nie ce droit en les pr\u00e9sentant comme des terroristes. Le seul droit qu&rsquo;on leur accorde, c&rsquo;est celui de baisser la t\u00eate et de d\u00e9poser les armes, pour accepter l&rsquo;ordre injuste qui les opprime. Appeler \u00e0 la paix alors que des peuples se r\u00e9voltent, c&rsquo;est leur demander de mourir. Lorsqu&rsquo;un pays est occup\u00e9, le discours sur la paix est toujours au service de l&rsquo;occupant.<\/p>\n<p style=\"text-align: justify\">Il faudra donc se souvenir que la r\u00e9sistance du peuple palestinien \u00e9tait, est, et sera toujours l\u00e9gitime. Quel que soit le mouvement ou le parti \u00e0 l&rsquo;origine de la r\u00e9sistance, quelle que soit la forme qu&rsquo;il ait choisie pour combattre, d\u00e8s lors qu&rsquo;un peuple se soul\u00e8ve, il est du devoir de tous ceux qui sont \u00e9pris de justice de le soutenir. Nul n&rsquo;a le droit, alors qu&rsquo;il ne conna\u00eet pas l&rsquo;occupation, de dicter aux peuples la voie qu&rsquo;ils doivent suivre pour se lib\u00e9rer. Seuls les peuples en lutte sont \u00e0 m\u00eame de d\u00e9cider de leur avenir, et il n&rsquo;appartient qu&rsquo;\u00e0 eux de d\u00e9finir les cadres de leur autod\u00e9termination. Parler en leur nom, c&rsquo;est perp\u00e9tuer un ordre colonial qui les maintient dans la d\u00e9pendance.<\/p>\n<p style=\"text-align: justify\">Il faudra se souvenir que lorsque les armes sembleront se taire, l&rsquo;occupation continuera. Gaza est toujours soumise \u00e0 un blocus meurtrier ; la Cisjordanie est gangren\u00e9e par les colonies ; les humiliations, la torture, les arrestations font partie du quotidien ; les prisonniers politiques sont les plus nombreux au monde ; les 6 millions de r\u00e9fugi\u00e9s palestiniens attendent toujours de pouvoir rentrer chez eux, sans qu&rsquo;on veuille leur accorder ce droit reconnu par les instances internationales. C&rsquo;est pour cela que la r\u00e9sistance sera toujours l\u00e9gitime et que l&rsquo;occupant n&rsquo;en viendra jamais \u00e0 bout.<\/p>\n<p style=\"text-align: justify\">Il faudra se souvenir qu&rsquo;Isra\u00ebl ne veut pas la paix. Pr\u00e9cis\u00e9ment parce que le projet sioniste est d&rsquo;occuper toute la Palestine et m\u00eame au-del\u00e0, il ne faut pas penser qu&rsquo;un jour les sionistes accepteront de voir appara\u00eetre \u00e0 leur c\u00f4t\u00e9 un \u00c9tat palestinien ind\u00e9pendant et viable. La seule solution est celle qui s&rsquo;est impos\u00e9e \u00e0 l&rsquo;issue de toute occupation coloniale : une Palestine libre, totalement d\u00e9barrass\u00e9e de cet \u00c9tat usurpateur et ill\u00e9gitime qui vole les terres et massacre des innocents.<\/p>\n<p style=\"text-align: justify\">Il faudra enfin se souvenir que contrairement \u00e0 ce que laisse entendre le CRIF et ses complices au pouvoir en France, le v\u00e9ritable racisme r\u00e9side en celui qui d\u00e9fend un \u00c9tat criminel et raciste, qui soutient que l&rsquo;on a la l\u00e9gitimit\u00e9 de fonder un \u00c9tat r\u00e9serv\u00e9 aux juifs, qu&rsquo;ils soient croyants ou qu&rsquo;ils pr\u00e9tendent appartenir \u00e0 un peuple \u00e0 part qui disposerait de droits que les autres n&rsquo;ont pas. Il y a peu de chance que les bouchers de Tel-Aviv soient jug\u00e9s pour crimes contre l&rsquo;Humanit\u00e9. C&rsquo;est pourtant ce qui devrait advenir. Au contraire, ce sont ceux qui combattent le sionisme qui sont criminalis\u00e9s. Plus que jamais, le Comit\u00e9 Action Palestine r\u00e9affirme que l&rsquo;antisionisme est une exigence de justice, et qu&rsquo;il est du devoir de tout homme libre de se d\u00e9marquer des discours sionistes qui ont contamin\u00e9 l&rsquo;ensemble de la soci\u00e9t\u00e9 fran\u00e7aise. Le Comit\u00e9 Action Palestine continuera toujours \u00e0 travailler dans ce sens, il soutiendra toujours la lutte l\u00e9gitime du peuple palestinien, et il invite tous ceux qui ne veulent pas baisser les bras \u00e0 se tenir inform\u00e9s des actions prochaines qu&rsquo;il mettra en \u0153uvre.<\/p>\n<p style=\"text-align: justify\">Palestine vivra. Palestine vaincra.<\/p>\n","protected":false},"excerpt":{"rendered":"<p>Prise de parole du Comit\u00e9 Action Palestine \u00e0 la manifestation du samedi 9 ao\u00fbt 2014Quoi que l&rsquo;on dise, il n&rsquo;y aura jamais de tr\u00eave en Palestine tant que l&rsquo;occupation demeure, tant que le blocus affame le peuple. Les Palestiniens n&rsquo;accepteront jamais de mourir sans combattre et Isra\u00ebl trouvera toujours un pr\u00e9texte pour le massacrer. Car [&hellip;]<\/p>\n","protected":false},"author":2,"featured_media":2202,"comment_status":"closed","ping_status":"closed","sticky":false,"template":"","format":"standard","meta":{"footnotes":""},"categories":[34],"tags":[],"class_list":["post-2201","post","type-post","status-publish","format-standard","has-post-thumbnail","hentry","category-mobilisation-gaza-2014"],"views":2700,"_links":{"self":[{"href":"https:\/\/www.comiteactionpalestine.org\/word\/wp-json\/wp\/v2\/posts\/2201","targetHints":{"allow":["GET"]}}],"collection":[{"href":"https:\/\/www.comiteactionpalestine.org\/word\/wp-json\/wp\/v2\/posts"}],"about":[{"href":"https:\/\/www.comiteactionpalestine.org\/word\/wp-json\/wp\/v2\/types\/post"}],"author":[{"embeddable":true,"href":"https:\/\/www.comiteactionpalestine.org\/word\/wp-json\/wp\/v2\/users\/2"}],"replies":[{"embeddable":true,"href":"https:\/\/www.comiteactionpalestine.org\/word\/wp-json\/wp\/v2\/comments?post=2201"}],"version-history":[{"count":7,"href":"https:\/\/www.comiteactionpalestine.org\/word\/wp-json\/wp\/v2\/posts\/2201\/revisions"}],"predecessor-version":[{"id":2209,"href":"https:\/\/www.comiteactionpalestine.org\/word\/wp-json\/wp\/v2\/posts\/2201\/revisions\/2209"}],"wp:featuredmedia":[{"embeddable":true,"href":"https:\/\/www.comiteactionpalestine.org\/word\/wp-json\/wp\/v2\/media\/2202"}],"wp:attachment":[{"href":"https:\/\/www.comiteactionpalestine.org\/word\/wp-json\/wp\/v2\/media?parent=2201"}],"wp:term":[{"taxonomy":"category","embeddable":true,"href":"https:\/\/www.comiteactionpalestine.org\/word\/wp-json\/wp\/v2\/categories?post=2201"},{"taxonomy":"post_tag","embeddable":true,"href":"https:\/\/www.comiteactionpalestine.org\/word\/wp-json\/wp\/v2\/tags?post=2201"}],"curies":[{"name":"wp","href":"https:\/\/api.w.org\/{rel}","templated":true}]}}