{"id":1979,"date":"2012-04-29T21:45:18","date_gmt":"2012-04-29T20:45:18","guid":{"rendered":"http:\/\/www.comiteactionpalestine.org\/word\/?p=1979"},"modified":"2014-05-08T20:35:38","modified_gmt":"2014-05-08T19:35:38","slug":"la-resistance-ne-semprisonne-pas-la-greve-de-la-dignite","status":"publish","type":"post","link":"https:\/\/www.comiteactionpalestine.org\/word\/la-resistance-ne-semprisonne-pas-la-greve-de-la-dignite\/","title":{"rendered":"La R\u00e9sistance ne s&#8217;emprisonne pas : la gr\u00e8ve de la dignit\u00e9"},"content":{"rendered":"<div class=\"pdfprnt-buttons pdfprnt-buttons-post pdfprnt-top-right\"><a href=\"https:\/\/www.comiteactionpalestine.org\/word\/wp-json\/wp\/v2\/posts\/1979?print=pdf\" class=\"pdfprnt-button pdfprnt-button-pdf\" target=\"_blank\"><img decoding=\"async\" src=\"http:\/\/www.comiteactionpalestine.org\/word\/wp-content\/plugins\/pdf-print\/images\/pdf.png\" alt=\"image_pdf\" title=\"Afficher le PDF\" \/><\/a><a href=\"https:\/\/www.comiteactionpalestine.org\/word\/wp-json\/wp\/v2\/posts\/1979?print=print\" class=\"pdfprnt-button pdfprnt-button-print\" target=\"_blank\"><img decoding=\"async\" src=\"http:\/\/www.comiteactionpalestine.org\/word\/wp-content\/plugins\/pdf-print\/images\/print.png\" alt=\"image_print\" title=\"Contenu imprim\u00e9\" \/><\/a><\/div><p style=\"color: #464646;text-align: justify\">Depuis le 17 avril, plus de la moiti\u00e9 des prisonniers palestiniens ont entam\u00e9 une nouvelle gr\u00e8ve de la faim illimit\u00e9e pour d\u00e9noncer les pratiques barbares de l\u2019occupant sioniste, et notamment la d\u00e9tention administrative, ainsi que toutes les mesures carc\u00e9rales visant \u00e0 briser la d\u00e9termination et la r\u00e9sistance des prisonniers : r\u00e9clusion solitaire, fouilles et rafles nocturnes, lourdes amendes et restrictions.<\/p>\n<div style=\"color: #464646;text-align: justify\">Initi\u00e9 en d\u00e9but d\u2019ann\u00e9e par Khader Adnan, du Jihad islamique, r\u00e9cemment lib\u00e9r\u00e9 de d\u00e9tention administrative suite \u00e0 66 jours de gr\u00e8ve de la faim (la plus longue jamais men\u00e9e par un prisonnier palestinien), puis par la prisonni\u00e8re Hana al-Shalabi (23 ans) qui a je\u00fbn\u00e9 pendant 44 jours avant d\u2019\u00eatre d\u00e9port\u00e9e \u00e0 Gaza, le mouvement prend une ampleur in\u00e9gal\u00e9e. Tous les prisonniers embl\u00e9matiques de toutes les factions palestiniennes se joignent \u00e0 cette gr\u00e8ve de la faim. Plusieurs d\u2019entre eux sont dans une situation m\u00e9dicale critique.<\/div>\n<div style=\"color: #464646;text-align: justify\">Les autorit\u00e9s carc\u00e9rales qui connaissent la force de la r\u00e9sistance des prisonniers et les importantes victoires qu\u2019ils ont remport\u00e9es suite \u00e0 leurs gr\u00e8ves de la faim, redoublent de violence pour r\u00e9primer le mouvement : transferts collectifs de prisonniers afin de briser la gr\u00e8ve, confiscation des objets personnels, y compris v\u00eatements et couvertures, coupure de l\u2019eau chaude dans les cellules et suppression de tous les \u00e9quipements.<\/div>\n<div style=\"color: #464646;text-align: justify\">Mais les prisonniers ne c\u00e8dent pas au chantage et aux pressions. Plus que tous, ils incarnent la R\u00e9sistance du peuple palestinien et sont d\u00e9termin\u00e9s \u00e0 se battre jusqu\u2019\u00e0 la victoire et \u00e0 la lib\u00e9ration.<\/div>\n<div style=\"color: #464646;text-align: justify\">Comme le d\u00e9clarait r\u00e9cemment Khader Adnan, \u00ab\u00a0aucune force dans le monde ne peut briser la volont\u00e9 d\u2019un humain ou d\u2019un peuple, lorsqu\u2019il d\u00e9cide d\u2019aller jusqu\u2019au bout, c\u2019est la victoire ou le martyre, qui est \u00e9galement une victoire encore plus immense\u00a0\u00bb. Telle est la signification profonde du combat men\u00e9 par tous les prisonniers dans les ge\u00f4les sionistes et par l&rsquo;ensemble du peuple palestinien.<\/div>\n<div style=\"color: #464646;text-align: justify\"><\/div>\n<div style=\"color: #464646;text-align: justify\">Il y a actuellement 4700 prisonniers palestiniens et arabes dans les ge\u00f4les sionistes. Leur r\u00e9sistance fait partie int\u00e9grale du mouvement de lib\u00e9ration de la Palestine *.<\/div>\n<div style=\"color: #464646;text-align: justify\"><\/div>\n<div style=\"color: #464646;text-align: justify\">Le Comit\u00e9 Action Palestine apporte tout son soutien \u00e0 la R\u00e9sistance des prisonniers palestiniens et arabes, ainsi qu\u2019\u00e0 leur lib\u00e9ration inconditionnelle, revendication centrale de la cause palestinienne. Il d\u00e9nonce \u00e9galement la supercherie du discours des puissances occidentales qui disent vouloir prot\u00e9ger les peuples en intervenant en Libye, et fort probablement bient\u00f4t en Syrie, et qui soutiennent et collaborent \u00e0 la politique criminelle d&rsquo;Isra\u00ebl envers le peuple palestinien, qualifiant m\u00eame l&rsquo;entit\u00e9 sioniste de \u00ab\u00a0grande d\u00e9mocratie et d&rsquo;Etat de droit\u00a0\u00bb.<\/div>\n<div style=\"color: #464646;text-align: justify\"><\/div>\n<div style=\"color: #464646;text-align: justify\">* La r\u00e9sistance ne s&#8217;emprisonne pas. Calendrier Palestine Libre 2011 du Comit\u00e9 Action Palestine.<a style=\"font-weight: bold;color: #004080\" href=\"http:\/\/www.comiteactionpalestine.org\/word\/?p=119\" target=\"_blank\">www.comiteactionpalestine.org<\/a><\/div>\n","protected":false},"excerpt":{"rendered":"<p>Depuis le 17 avril, plus de la moiti\u00e9 des prisonniers palestiniens ont entam\u00e9 une nouvelle gr\u00e8ve de la faim illimit\u00e9e pour d\u00e9noncer les pratiques barbares de l\u2019occupant sioniste, et notamment la d\u00e9tention administrative, ainsi que toutes les mesures carc\u00e9rales visant \u00e0 briser la d\u00e9termination et la r\u00e9sistance des prisonniers : r\u00e9clusion solitaire, fouilles et rafles [&hellip;]<\/p>\n","protected":false},"author":2,"featured_media":1981,"comment_status":"closed","ping_status":"closed","sticky":false,"template":"","format":"standard","meta":{"footnotes":""},"categories":[30,5,9],"tags":[],"class_list":["post-1979","post","type-post","status-publish","format-standard","has-post-thumbnail","hentry","category-actualites","category-communiques","category-prisonniers"],"views":2483,"_links":{"self":[{"href":"https:\/\/www.comiteactionpalestine.org\/word\/wp-json\/wp\/v2\/posts\/1979","targetHints":{"allow":["GET"]}}],"collection":[{"href":"https:\/\/www.comiteactionpalestine.org\/word\/wp-json\/wp\/v2\/posts"}],"about":[{"href":"https:\/\/www.comiteactionpalestine.org\/word\/wp-json\/wp\/v2\/types\/post"}],"author":[{"embeddable":true,"href":"https:\/\/www.comiteactionpalestine.org\/word\/wp-json\/wp\/v2\/users\/2"}],"replies":[{"embeddable":true,"href":"https:\/\/www.comiteactionpalestine.org\/word\/wp-json\/wp\/v2\/comments?post=1979"}],"version-history":[{"count":2,"href":"https:\/\/www.comiteactionpalestine.org\/word\/wp-json\/wp\/v2\/posts\/1979\/revisions"}],"predecessor-version":[{"id":1983,"href":"https:\/\/www.comiteactionpalestine.org\/word\/wp-json\/wp\/v2\/posts\/1979\/revisions\/1983"}],"wp:featuredmedia":[{"embeddable":true,"href":"https:\/\/www.comiteactionpalestine.org\/word\/wp-json\/wp\/v2\/media\/1981"}],"wp:attachment":[{"href":"https:\/\/www.comiteactionpalestine.org\/word\/wp-json\/wp\/v2\/media?parent=1979"}],"wp:term":[{"taxonomy":"category","embeddable":true,"href":"https:\/\/www.comiteactionpalestine.org\/word\/wp-json\/wp\/v2\/categories?post=1979"},{"taxonomy":"post_tag","embeddable":true,"href":"https:\/\/www.comiteactionpalestine.org\/word\/wp-json\/wp\/v2\/tags?post=1979"}],"curies":[{"name":"wp","href":"https:\/\/api.w.org\/{rel}","templated":true}]}}