{"id":1815,"date":"2009-09-29T21:03:56","date_gmt":"2009-09-29T20:03:56","guid":{"rendered":"http:\/\/www.comiteactionpalestine.org\/word\/?p=1815"},"modified":"2020-09-14T09:57:02","modified_gmt":"2020-09-14T08:57:02","slug":"protestation-contre-la-venue-du-maccabi-haifa-a-bordeaux","status":"publish","type":"post","link":"https:\/\/www.comiteactionpalestine.org\/word\/protestation-contre-la-venue-du-maccabi-haifa-a-bordeaux\/","title":{"rendered":"Protestation contre la venue du Maccabi Ha\u00effa \u00e0 Bordeaux"},"content":{"rendered":"<div class=\"pdfprnt-buttons pdfprnt-buttons-post pdfprnt-top-right\"><a href=\"https:\/\/www.comiteactionpalestine.org\/word\/wp-json\/wp\/v2\/posts\/1815?print=pdf\" class=\"pdfprnt-button pdfprnt-button-pdf\" target=\"_blank\"><img decoding=\"async\" src=\"http:\/\/www.comiteactionpalestine.org\/word\/wp-content\/plugins\/pdf-print\/images\/pdf.png\" alt=\"image_pdf\" title=\"Afficher le PDF\" \/><\/a><a href=\"https:\/\/www.comiteactionpalestine.org\/word\/wp-json\/wp\/v2\/posts\/1815?print=print\" class=\"pdfprnt-button pdfprnt-button-print\" target=\"_blank\"><img decoding=\"async\" src=\"http:\/\/www.comiteactionpalestine.org\/word\/wp-content\/plugins\/pdf-print\/images\/print.png\" alt=\"image_print\" title=\"Contenu imprim\u00e9\" \/><\/a><\/div><p style=\"color: #464646;\" align=\"justify\">Le 30 septembre prochain les Girondins rencontreront l\u2019\u00e9quipe isra\u00e9lienne de Ha\u00effa dans le cadre de la Ligue des Champions.<\/p>\n<p style=\"color: #464646;\" align=\"justify\">Ha\u00effa est une ville palestinienne occup\u00e9e par Isra\u00ebl depuis 1948. En avril 1948, une grande partie de sa population palestinienne a \u00e9t\u00e9 expuls\u00e9e et jet\u00e9e \u00e0 la mer par les milices sionistes avec l&rsquo;aide de la puissance britannique mandataire.<\/p>\n<p style=\"color: #464646;\" align=\"justify\">Ha\u00effa est le symbole de l&rsquo;\u00e9puration ethnique sur laquelle est \u00e9tabli l&rsquo;Etat d\u2019Isra\u00ebl. Aujourd&rsquo;hui les Palestiniens qui y vivent toujours, comme tous les Palestiniens de 48, sont soumis \u00e0 une politique discriminatoire et d&rsquo;apartheid et menac\u00e9s \u00e0 leur tour d&rsquo;expulsion.<\/p>\n<p style=\"color: #464646;\" align=\"justify\">Le Comit\u00e9 Action Palestine d\u00e9nonce tout type de collaboration avec cet Etat colonial et criminel.<\/p>\n<p><a style=\"font-weight: bold; color: #004080;\" href=\"http:\/\/www.comiteactionpalestine.org\/modules\/news\/article.php?storyid=141\">Lire notre tract<\/a>.<\/p>\n<p>image arabicpost.net<\/p>\n<p>(d&rsquo;un autre match en Ecosse ou le public soutient la Palestine)<\/p>\n","protected":false},"excerpt":{"rendered":"<p>Le 30 septembre prochain les Girondins rencontreront l\u2019\u00e9quipe isra\u00e9lienne de Ha\u00effa dans le cadre de la Ligue des Champions. Ha\u00effa est une ville palestinienne occup\u00e9e par Isra\u00ebl depuis 1948. En avril 1948, une grande partie de sa population palestinienne a \u00e9t\u00e9 expuls\u00e9e et jet\u00e9e \u00e0 la mer par les milices sionistes avec l&rsquo;aide de la [&hellip;]<\/p>\n","protected":false},"author":2,"featured_media":0,"comment_status":"closed","ping_status":"closed","sticky":false,"template":"","format":"standard","meta":{"footnotes":""},"categories":[19],"tags":[],"class_list":["post-1815","post","type-post","status-publish","format-standard","hentry","category-actions"],"views":2497,"_links":{"self":[{"href":"https:\/\/www.comiteactionpalestine.org\/word\/wp-json\/wp\/v2\/posts\/1815","targetHints":{"allow":["GET"]}}],"collection":[{"href":"https:\/\/www.comiteactionpalestine.org\/word\/wp-json\/wp\/v2\/posts"}],"about":[{"href":"https:\/\/www.comiteactionpalestine.org\/word\/wp-json\/wp\/v2\/types\/post"}],"author":[{"embeddable":true,"href":"https:\/\/www.comiteactionpalestine.org\/word\/wp-json\/wp\/v2\/users\/2"}],"replies":[{"embeddable":true,"href":"https:\/\/www.comiteactionpalestine.org\/word\/wp-json\/wp\/v2\/comments?post=1815"}],"version-history":[{"count":4,"href":"https:\/\/www.comiteactionpalestine.org\/word\/wp-json\/wp\/v2\/posts\/1815\/revisions"}],"predecessor-version":[{"id":3227,"href":"https:\/\/www.comiteactionpalestine.org\/word\/wp-json\/wp\/v2\/posts\/1815\/revisions\/3227"}],"wp:attachment":[{"href":"https:\/\/www.comiteactionpalestine.org\/word\/wp-json\/wp\/v2\/media?parent=1815"}],"wp:term":[{"taxonomy":"category","embeddable":true,"href":"https:\/\/www.comiteactionpalestine.org\/word\/wp-json\/wp\/v2\/categories?post=1815"},{"taxonomy":"post_tag","embeddable":true,"href":"https:\/\/www.comiteactionpalestine.org\/word\/wp-json\/wp\/v2\/tags?post=1815"}],"curies":[{"name":"wp","href":"https:\/\/api.w.org\/{rel}","templated":true}]}}