{"id":1707,"date":"2006-10-18T11:19:39","date_gmt":"2006-10-18T10:19:39","guid":{"rendered":"http:\/\/www.comiteactionpalestine.org\/word\/?p=1707"},"modified":"2014-05-02T21:22:27","modified_gmt":"2014-05-02T20:22:27","slug":"i-am-with-terrorism","status":"publish","type":"post","link":"https:\/\/www.comiteactionpalestine.org\/word\/i-am-with-terrorism\/","title":{"rendered":"I am with Terrorism"},"content":{"rendered":"<div class=\"pdfprnt-buttons pdfprnt-buttons-post pdfprnt-top-right\"><a href=\"https:\/\/www.comiteactionpalestine.org\/word\/wp-json\/wp\/v2\/posts\/1707?print=pdf\" class=\"pdfprnt-button pdfprnt-button-pdf\" target=\"_blank\"><img decoding=\"async\" src=\"http:\/\/www.comiteactionpalestine.org\/word\/wp-content\/plugins\/pdf-print\/images\/pdf.png\" alt=\"image_pdf\" title=\"Afficher le PDF\" \/><\/a><a href=\"https:\/\/www.comiteactionpalestine.org\/word\/wp-json\/wp\/v2\/posts\/1707?print=print\" class=\"pdfprnt-button pdfprnt-button-print\" target=\"_blank\"><img decoding=\"async\" src=\"http:\/\/www.comiteactionpalestine.org\/word\/wp-content\/plugins\/pdf-print\/images\/print.png\" alt=\"image_print\" title=\"Contenu imprim\u00e9\" \/><\/a><\/div><div class=\"itemBody\">\n<p align=\"justify\"><a href=\"http:\/\/www.comiteactionpalestine.org\/word\/wp-content\/uploads\/2006\/10\/Nizar-Kabani-31.jpg\"><img decoding=\"async\" class=\"alignright  wp-image-1950\" src=\"http:\/\/www.comiteactionpalestine.org\/word\/wp-content\/uploads\/2006\/10\/Nizar-Kabani-31.jpg\" alt=\"Nizar-Kabani-3[1]\" width=\"263\" height=\"182\" \/><\/a>Po\u00e8me de <strong>Nizar Qabbani<\/strong> (1923-1998).<\/p>\n<p align=\"justify\">L&rsquo;auteur \u00e9tait un syrien, po\u00e8te et diplomate. \u00ab\u00a0I am with terrorism\u00a0\u00bb, publi\u00e9 le 15 avril 1997 dans Al-Hayat, est un de ses derniers po\u00e8mes.<\/p>\n<p style=\"text-align: center;\" align=\"center\">\n<p style=\"text-align: center;\" align=\"center\">\n<p style=\"text-align: center;\" align=\"center\">\n<p style=\"text-align: center;\" align=\"center\">\n<p style=\"text-align: center;\" align=\"center\">On nous accuse de terrorisme<br \/>\nquand nous d\u00e9fendons la rose et la femme,<br \/>\nla po\u00e9sie aux vers si puissants et le bleu du ciel.<br \/>\nCette \u00ab autorit\u00e9 \u00bb avec rien dedans :<br \/>\npas d&rsquo;eau, pas d&rsquo;air,<br \/>\npas une tente, pas un chameau,<br \/>\npas m\u00eame de noir caf\u00e9 arabica !!!<\/p>\n<p style=\"text-align: center;\">On nous accuse de terrorisme<br \/>\nquand nous refusons de mourir<br \/>\nsous les bulldozers d&rsquo;Isra\u00ebl<br \/>\nqui d\u00e9chirent notre terre et notre histoire,<br \/>\nnotre Bible et notre Coran,<br \/>\nqui d\u00e9chirent les tombes de nos proph\u00e8tes.<br \/>\nMais quand tel est notre p\u00e9ch\u00e9,<br \/>\nqu&rsquo;il est noble, ce terrorisme !<\/p>\n<p style=\"text-align: center;\">On nous accuse de terrorisme<br \/>\nquand nous refusons d&rsquo;\u00eatre effac\u00e9s<br \/>\nde la main du Mogol, des Juifs et des Barbares,<br \/>\nquand nous jetons des pierres<br \/>\ndans les vitres du Conseil de s\u00e9curit\u00e9<br \/>\napr\u00e8s que le C\u00e9sar des C\u00e9sars s&rsquo;en est empar\u00e9.<\/p>\n<p style=\"text-align: center;\">On nous accuse de terrorisme<br \/>\nquand nous refusons de discuter avec le loup<br \/>\net de serrer la main de la grande putain.<br \/>\nAmrika,<br \/>\nface aux cultures des peuples,<br \/>\ntu n&rsquo;as pas de culture.<br \/>\nFace aux civilisations des civilis\u00e9s,<br \/>\ntu n&rsquo;as pas de civilisation.<br \/>\nAmrika au si puissant \u00e9difice,<br \/>\ntu n&rsquo;as m\u00eame pas de murs !<\/p>\n<p style=\"text-align: center;\">On nous accuse de terrorisme<br \/>\nquand nous refusons cette \u00e9poque<br \/>\no\u00f9 Amrika a mis sa folie,<br \/>\nsa richesse, sa puissance,<br \/>\nau service d&rsquo;Isra\u00ebl.<\/p>\n<p style=\"text-align: center;\">On nous accuse de terrorisme<br \/>\nquand nous jetons une rose<br \/>\nsur Jerusalem,<br \/>\nsur al-Khalil,<br \/>\nsur Gaza,<br \/>\nsur an-Nasirah,<br \/>\nou quand nous apportons pain et eau<br \/>\n\u00e0 Troie assi\u00e9g\u00e9e.<\/p>\n<p style=\"text-align: center;\">On nous accuse de terrorisme<br \/>\npour avoir \u00e9lev\u00e9 la voix<br \/>\ncontre les r\u00e9gionalistes parmi nos dirigeants.<br \/>\nTous ont chang\u00e9 d&rsquo;allure :<br \/>\nde partisans de l&rsquo;union<br \/>\nils sont devenus hommes d&rsquo;affaires.<\/p>\n<p style=\"text-align: center;\">Quand nous commettions cet atroce d\u00e9lit de culture,<br \/>\nquand nous nous r\u00e9voltions contre les ordres du grand calife<br \/>\net contre le si\u00e8ge du califat,<br \/>\nquand nous apprenions la jurisprudence et la politique,<br \/>\nquand nous rappelions Dieu<br \/>\net que nous lisions la sourate al-Fatah<br \/>\n[le chapitre qui parle pr\u00e9cis\u00e9ment de la conqu\u00eate],<br \/>\nquand nous \u00e9coutions le sermon du vendredi,<br \/>\nc&rsquo;est alors que nous \u00e9tions bien impr\u00e9gn\u00e9s<br \/>\nde l&rsquo;art du terrorisme !<\/p>\n<p style=\"text-align: center;\">Nous sommes accus\u00e9s de terrorisme<br \/>\nquand nous d\u00e9fendons la terre<br \/>\net l&rsquo;honneur de la poussi\u00e8re qui la couvre,<br \/>\nquand nous nous r\u00e9voltons contre le viol des peuples<br \/>\net du n\u00f4tre en particulier,<br \/>\nquand nous d\u00e9fendons les derniers palmiers de notre d\u00e9sert,<br \/>\nles derni\u00e8res \u00e9toiles de notre ciel,<br \/>\nles derni\u00e8res syllabes de nos noms,<br \/>\nles derni\u00e8res gouttes de lait du sein de nos m\u00e8res.<br \/>\nMais quand tel est notre p\u00e9ch\u00e9,<br \/>\nqu&rsquo;il est noble, ce terrorisme !<\/p>\n<p style=\"text-align: center;\">Je suis avec le terrorisme<br \/>\nquand il peut me sauver<br \/>\nde ces immigr\u00e9s de Russie,<br \/>\nde Roumanie, de Hongrie, de Pologne.<br \/>\nIls se sont install\u00e9s en Palestine,<br \/>\nont pos\u00e9 les pieds sur nos \u00e9paules<br \/>\npour nous voler les minarets d&rsquo;al-Quds<br \/>\net la porte d&rsquo;Aqsa,<br \/>\npour voler les arabesques et les coupoles.<\/p>\n<p style=\"text-align: center;\">Je suis avec le terrorisme<br \/>\nquand il veut lib\u00e9rer le Messie, J\u00e9sus de Nazareth,<br \/>\net la vierge, Meriam Betula, et la cit\u00e9 sainte<br \/>\ndes ambassadeurs de la mort et de la d\u00e9solation.<\/p>\n<p style=\"text-align: center;\">Nagu\u00e8re encore,<br \/>\nla rue nationaliste \u00e9tait ardente<br \/>\ncomme un cheval sauvage,<br \/>\nles rivi\u00e8res abondaient de l&rsquo;esprit de la jeunesse.<\/p>\n<p style=\"text-align: center;\">Mais apr\u00e8s Oslo,<br \/>\nnous n&rsquo;avions plus de dents :<br \/>\naujourd&rsquo;hui, nous sommes un peuple aveugle et perdu.<\/p>\n<p style=\"text-align: center;\">On nous accuse de terrorisme<br \/>\nquand nous d\u00e9fendons de toutes nos forces<br \/>\nnotre h\u00e9ritage po\u00e9tique,<br \/>\nle rempart de notre nation,<br \/>\nnotre civilisation rose,<br \/>\nla culture des fl\u00fbtes de nos montagnes<br \/>\net les miroirs refl\u00e9tant des yeux noircis.<\/p>\n<p style=\"text-align: center;\">On nous accuse de terrorisme<br \/>\nquand nous d\u00e9fendons nos \u00e9crits,<br \/>\nl&rsquo;azur de notre mer<br \/>\net l&rsquo;ar\u00f4me de l&rsquo;encre, .<br \/>\nquand nous d\u00e9fendons la libert\u00e9 du mot<br \/>\net la saintet\u00e9 des livres.<\/p>\n<p style=\"text-align: center;\">Je suis avec le terrorisme<br \/>\nquand il est capable de lib\u00e9rer un peuple<br \/>\ndes tyrans et de la tyrannie,<br \/>\nquand il est capable de sauver l&rsquo;homme<br \/>\nde la cruaut\u00e9 m\u00eame de l&rsquo;homme,<br \/>\nde rendre les citronniers, les oliviers<br \/>\net les oiseaux au Sud du Liban,<br \/>\nde rendre son sourire au Golan.<\/p>\n<p style=\"text-align: center;\">Je suis avec le terrorisme<br \/>\ns&rsquo;il peut me d\u00e9livrer<br \/>\ndu C\u00e9sar de la Jud\u00e9e<br \/>\net du C\u00e9sar de Rome.<\/p>\n<p style=\"text-align: center;\">Je suis avec le terrorisme<br \/>\naussi longtemps que ce nouvel ordre mondial<br \/>\nsera partag\u00e9 en parts \u00e9gales<br \/>\nentre Arrika et Isra\u00ebl.<\/p>\n<p style=\"text-align: center;\">Je suis avec le terrorisme<br \/>\navec toute ma po\u00e9sie,<br \/>\navec tous mes mots<br \/>\net avec mes dents<br \/>\naussi longtemps que ce nouveau monde<br \/>\nsera aux mains d&rsquo;un boucher.<\/p>\n<p style=\"text-align: center;\">Je suis avec le terrorisme<br \/>\nsi le s\u00e9nat am\u00e9ricain<br \/>\napplique ses jugements, ses d\u00e9crets,<br \/>\nses r\u00e9compenses, ses ch\u00e2timents.<\/p>\n<p style=\"text-align: center;\">Je suis avec l&rsquo;irhab (le terrorisme)<br \/>\naussi longtemps que ce nouvel ordre mondial<br \/>\nd\u00e9testera l&rsquo;odeur des Arabes.<\/p>\n<p style=\"text-align: center;\">Je suis avec le terrorisme<br \/>\naussi longtemps que le nouvel ordre mondial<br \/>\nvoudra massacrer ma prog\u00e9niture<br \/>\net la donner en p\u00e2ture aux chiens.<\/p>\n<p style=\"text-align: center;\">Pour tout ceci,<br \/>\nje le crie de toute ma voix :<br \/>\nJe suis avec le terrorisme<br \/>\nje suis avec le terrorisme<br \/>\nje suis avec le terrorisme !!!<\/p>\n<p style=\"text-align: center;\" align=\"center\">Nizar Qabbani<br \/>\nLondres, 15 Avril 1997<\/p>\n<p>Traduit et adapt\u00e9 de l&rsquo;anglais par J.M. Fl\u00e9mal<\/p>\n<p>&nbsp;<\/p>\n<\/div>\n<p>&nbsp;<\/p>\n<p>&nbsp;<\/p>\n<p>&nbsp;<\/p>\n","protected":false},"excerpt":{"rendered":"<p>Po\u00e8me de Nizar Qabbani (1923-1998). L&rsquo;auteur \u00e9tait un syrien, po\u00e8te et diplomate. \u00ab\u00a0I am with terrorism\u00a0\u00bb, publi\u00e9 le 15 avril 1997 dans Al-Hayat, est un de ses derniers po\u00e8mes. On nous accuse de terrorisme quand nous d\u00e9fendons la rose et la femme, la po\u00e9sie aux vers si puissants et le bleu du ciel. Cette \u00ab [&hellip;]<\/p>\n","protected":false},"author":1,"featured_media":0,"comment_status":"closed","ping_status":"closed","sticky":false,"template":"","format":"standard","meta":{"footnotes":""},"categories":[15],"tags":[],"class_list":["post-1707","post","type-post","status-publish","format-standard","hentry","category-sionisme-dans-le-monde"],"views":2322,"_links":{"self":[{"href":"https:\/\/www.comiteactionpalestine.org\/word\/wp-json\/wp\/v2\/posts\/1707","targetHints":{"allow":["GET"]}}],"collection":[{"href":"https:\/\/www.comiteactionpalestine.org\/word\/wp-json\/wp\/v2\/posts"}],"about":[{"href":"https:\/\/www.comiteactionpalestine.org\/word\/wp-json\/wp\/v2\/types\/post"}],"author":[{"embeddable":true,"href":"https:\/\/www.comiteactionpalestine.org\/word\/wp-json\/wp\/v2\/users\/1"}],"replies":[{"embeddable":true,"href":"https:\/\/www.comiteactionpalestine.org\/word\/wp-json\/wp\/v2\/comments?post=1707"}],"version-history":[{"count":4,"href":"https:\/\/www.comiteactionpalestine.org\/word\/wp-json\/wp\/v2\/posts\/1707\/revisions"}],"predecessor-version":[{"id":1954,"href":"https:\/\/www.comiteactionpalestine.org\/word\/wp-json\/wp\/v2\/posts\/1707\/revisions\/1954"}],"wp:attachment":[{"href":"https:\/\/www.comiteactionpalestine.org\/word\/wp-json\/wp\/v2\/media?parent=1707"}],"wp:term":[{"taxonomy":"category","embeddable":true,"href":"https:\/\/www.comiteactionpalestine.org\/word\/wp-json\/wp\/v2\/categories?post=1707"},{"taxonomy":"post_tag","embeddable":true,"href":"https:\/\/www.comiteactionpalestine.org\/word\/wp-json\/wp\/v2\/tags?post=1707"}],"curies":[{"name":"wp","href":"https:\/\/api.w.org\/{rel}","templated":true}]}}