{"id":1693,"date":"2007-05-07T11:15:55","date_gmt":"2007-05-07T10:15:55","guid":{"rendered":"http:\/\/www.comiteactionpalestine.org\/word\/?p=1693"},"modified":"2014-05-02T21:43:59","modified_gmt":"2014-05-02T20:43:59","slug":"election-presidentielle-en-france-et-la-palestine","status":"publish","type":"post","link":"https:\/\/www.comiteactionpalestine.org\/word\/election-presidentielle-en-france-et-la-palestine\/","title":{"rendered":"Election pr\u00e9sidentielle en France : Et la Palestine ?"},"content":{"rendered":"<div class=\"pdfprnt-buttons pdfprnt-buttons-post pdfprnt-top-right\"><a href=\"https:\/\/www.comiteactionpalestine.org\/word\/wp-json\/wp\/v2\/posts\/1693?print=pdf\" class=\"pdfprnt-button pdfprnt-button-pdf\" target=\"_blank\"><img decoding=\"async\" src=\"http:\/\/www.comiteactionpalestine.org\/word\/wp-content\/plugins\/pdf-print\/images\/pdf.png\" alt=\"image_pdf\" title=\"Afficher le PDF\" \/><\/a><a href=\"https:\/\/www.comiteactionpalestine.org\/word\/wp-json\/wp\/v2\/posts\/1693?print=print\" class=\"pdfprnt-button pdfprnt-button-print\" target=\"_blank\"><img decoding=\"async\" src=\"http:\/\/www.comiteactionpalestine.org\/word\/wp-content\/plugins\/pdf-print\/images\/print.png\" alt=\"image_print\" title=\"Contenu imprim\u00e9\" \/><\/a><\/div><p align=\"justify\"><a href=\"http:\/\/www.comiteactionpalestine.org\/word\/wp-content\/uploads\/2007\/05\/crif-diner011.jpg\"><img fetchpriority=\"high\" decoding=\"async\" class=\"alignright  wp-image-1808\" src=\"http:\/\/www.comiteactionpalestine.org\/word\/wp-content\/uploads\/2007\/05\/crif-diner011.jpg\" alt=\"crif-diner01[1]\" width=\"425\" height=\"239\" \/><\/a>Tract et analyse du CAP de <strong>mai 2007<\/strong> qui d\u00e9nonce le positionnement des candidats \u00e0 propos de\u00a0la cause palestinienne. Tous ont entretenu un flou qui dissimule en fait leur soutien \u00e0 l&rsquo;Etat d&rsquo;Isra\u00ebl.<\/p>\n<p>Ainsi, pour tous les candidats : il y a des <strong>Apartheid<\/strong> plus l\u00e9gitimes que d&rsquo;autres, des <strong>fascismes<\/strong> plus tol\u00e9rables que d&rsquo;autres puisqu&rsquo;ils ne s&rsquo;\u00e9l\u00e8vent pas contre l&rsquo;Etat isra\u00e9lien.<\/p>\n<p align=\"justify\">Le sacro-saint principe de <strong>la\u00efcit\u00e9 <\/strong>ne semble pas, lui non plus, devoir s&rsquo;appliquer \u00e0 <strong>l&rsquo;\u00e9tat juif<\/strong>.<\/p>\n<p align=\"justify\">Enfin, les <strong>\u00e9lections d\u00e9mocratiques<\/strong> en Palestine ne semblent pas avoir la m\u00eame valeur qu&rsquo;ailleurs : certains peuples ont-ils le droit de choisir leurs dirigeants et d&rsquo;autres non ?<\/p>\n<p align=\"justify\">Il est temps de mettre ces questions en avant : les \u00e9ch\u00e9ances \u00e9lectorales sont encore nombreuses et les candidats devront un jour ou l&rsquo;autre r\u00e9pondre de leur soutien \u00e0 Isra\u00ebl.<\/p>\n<hr \/>\n<p>&nbsp;<\/p>\n<p>Saisissant l\u2019occasion de l&rsquo;\u00e9lection pr\u00e9sidentielle et consid\u00e9rant que le domaine des relations internationales en est un \u00e9l\u00e9ment capital, le Comit\u00e9 Action Palestine a d\u00e9cid\u00e9 d\u2019intervenir dans cette campagne pour informer les \u00e9lecteurs au sujet du positionnement des candidats sur la cause du peuple palestinien.<\/p>\n<p align=\"justify\">Dans ce domaine, la majorit\u00e9 des candidats entretiennent un <strong>flou qui dissimule en fait un soutien objectif \u00e0 l\u2019Etat d\u2019Isra\u00ebl<\/strong> .<\/p>\n<p align=\"justify\">Au-del\u00e0 des bonnes intentions qui en appellent vaguement au droit international, aucun candidat ne dit ou n\u2019ose dire la v\u00e9rit\u00e9 sur la nature de cet Etat colonial. Ils se prononcent tous en France pour la d\u00e9fense de la la\u00efcit\u00e9, mais <strong>jamais ne remettent en cause la l\u00e9gitimit\u00e9 religieuse dont se drape l\u2019Etat d\u2019Isra\u00ebl<\/strong> . Ils savent pourtant que la \u00ab D\u00e9claration d\u2019Ind\u00e9pendance \u00bb de cet Etat fait explicitement r\u00e9f\u00e9rence \u00e0 la Bible. L\u2019exigence de la\u00efcit\u00e9 est-elle \u00e0 g\u00e9om\u00e9trie variable ?<\/p>\n<p align=\"justify\">Quand tous pr\u00e9tendent lutter contre toutes les formes de racisme, <strong>ils acceptent<\/strong> <strong>voire ils d\u00e9fendent un Etat qui, en son sein m\u00eame, pratique ouvertement le racisme<\/strong> et la discrimination : l\u2019acc\u00e8s diff\u00e9rentiel \u00e0 la citoyennet\u00e9 pour les juifs (automatique) et pour les Arabes (conditionnel), la discrimination dans l\u2019acc\u00e8s \u00e0 l\u2019emploi, dans le b\u00e9n\u00e9fice des droits sociaux, etc. Un d\u00e9tour par l\u2019Histoire montre que l\u2019ONU a vot\u00e9 en 1975 une r\u00e9solution condamnant le sionisme en tant qu&rsquo;id\u00e9ologie raciste et que la conf\u00e9rence de Durban en Afrique du Sud en 2001 a prononc\u00e9 le m\u00eame verdict. <strong>Cet Apartheid qui dure depuis soixante ans est-il plus l\u00e9gitime qu\u2019un autre ?<\/strong><\/p>\n<p align=\"justify\">Le mur du racisme, comme le nomment les Palestiniens, \u00e9difi\u00e9 pour les spolier davantage de leurs terres, ne fait pas partie des sujets d\u2019indignation des postulants \u00e0 l\u2019\u00e9lection pr\u00e9sidentielle, certains le trouvent m\u00eame justifi\u00e9. Ils ne d\u00e9noncent pas fermement non plus la colonisation commenc\u00e9e \u00e0 la fin du 19\u00e8 si\u00e8cle, qui s\u2019est acc\u00e9l\u00e9r\u00e9e avec la cr\u00e9ation en 1948 de l\u2019Etat d\u2019Isra\u00ebl et qui continue encore en Cisjordanie, dans la vall\u00e9e du Jourdain et au Naqab notamment. Pas un mot non plus sur la juda\u00efsation de J\u00e9rusalem et d\u2019autres villes palestiniennes. <strong>Pourtant certains historiens comme l\u2019isra\u00e9lien Ilan Papp\u00e9 d\u00e9signent ce processus comme une forme d\u2019\u00e9puration ethnique. Existe-t-il alors des indignations s\u00e9lectives<\/strong> ?<\/p>\n<p align=\"justify\">Quand tous ces candidats n\u2019ont que le mot de d\u00e9mocratie \u00e0 la bouche, il n\u2019y en a aucun pour qualifier de terrorisme d\u2019Etat le kidnapping de plus de 60 ministres et d\u00e9put\u00e9s palestiniens. Ils ne sont pas non plus mobilis\u00e9s pour s&rsquo;opposer au blocus politique et \u00e9conomique occidental contre le peuple palestinien, puni pour avoir donn\u00e9 la majorit\u00e9 au Hamas lors des derni\u00e8res \u00e9lections l\u00e9gislatives. <strong>Faut-il croire alors que certains peuples ont le droit de choisir leurs dirigeants et d\u2019autres pas<\/strong> ?<\/p>\n<p align=\"justify\">En bref, <strong>ils ne condamnent pas clairement et sans appel un Etat sioniste<\/strong> qui, d\u00e9s le d\u00e9part, r\u00e9unit des caract\u00e9ristiques pourtant propres au fascisme dans ses discours et ses pratiques. Dans ses discours : le sionisme m\u00eale id\u00e9ologies nationaliste et socialiste pour l\u00e9gitimer sa nature coloniale ; il accr\u00e9dite l&rsquo;id\u00e9e religieuse de \u00ab peuple \u00e9lu \u00bb mobilisable pour s&#8217;emparer de la \u00ab Terre promise \u00bb, et qui aurait des droits sup\u00e9rieurs.<\/p>\n<p align=\"justify\">Dans ses pratiques : la surmilitarisation et le fait que la plupart des dirigeants sont issus des corps d&rsquo;\u00e9lite de l&rsquo;arm\u00e9e ; la conqu\u00eate permanente, la torture, le terrorisme d&rsquo;Etat et l&rsquo;\u00e9puration ethnique constituent son mode d&rsquo;existence. <strong>Existe-t-il donc des formes de fascisme plus tol\u00e9rables que d&rsquo;autres<\/strong> ?<\/p>\n<p align=\"justify\">De plus ils soutiennent des gouvernements isra\u00e9liens compos\u00e9s \u00e0 la fois de ministres de gauche et de ministres issus de la droite et de l\u2019extr\u00eame droite qui pr\u00f4nent des m\u00e9thodes directes et radicales : le transfert de populations et \u00e0 terme la disparition des Palestiniens en tant que peuple.<\/p>\n<p align=\"justify\">Que faut-il penser des <strong>candidats qui se pr\u00e9cipitent au d\u00eener annuel du Conseil Repr\u00e9sentatif des Institutions Juives de France<\/strong> (le CRIF) ? Il faut rappeler que cette organisation a pour leitmotiv la d\u00e9fense de l&rsquo;Etat d&rsquo;Isra\u00ebl et, qu&rsquo;\u00e0 ce titre, elle est la nouvelle Inquisition, cr\u00e9ant un amalgame criminel entre antis\u00e9mitisme et critique du sionisme, et d\u00e9finissant l\u2019axe du bien et celui du mal.<br \/>\nLes citoyens doivent profiter de cette \u00e9ch\u00e9ance \u00e9lectorale pour se demander quel r\u00f4le doit jouer la France au niveau international. Serait-il acceptable qu\u2019un futur pr\u00e9sident ait d&rsquo;ores et d\u00e9j\u00e0 d\u00e9montr\u00e9 son soutien complice \u00e0 un tel Etat ?<\/p>\n<p align=\"justify\">Quant \u00e0 nous, membres du Comit\u00e9 Action Palestine, <strong>nous nous battons pour la justice<\/strong> , pour qu\u2019enfin soit reconnu le <strong>droit au retour des r\u00e9fugi\u00e9s<\/strong> et que le peuple palestinien acc\u00e8de \u00e0 son autod\u00e9termination sur l\u2019ensemble de sa terre.<\/p>\n","protected":false},"excerpt":{"rendered":"<p>Tract et analyse du CAP de mai 2007 qui d\u00e9nonce le positionnement des candidats \u00e0 propos de\u00a0la cause palestinienne. Tous ont entretenu un flou qui dissimule en fait leur soutien \u00e0 l&rsquo;Etat d&rsquo;Isra\u00ebl. Ainsi, pour tous les candidats : il y a des Apartheid plus l\u00e9gitimes que d&rsquo;autres, des fascismes plus tol\u00e9rables que d&rsquo;autres puisqu&rsquo;ils [&hellip;]<\/p>\n","protected":false},"author":1,"featured_media":0,"comment_status":"closed","ping_status":"closed","sticky":false,"template":"","format":"standard","meta":{"footnotes":""},"categories":[28],"tags":[],"class_list":["post-1693","post","type-post","status-publish","format-standard","hentry","category-sionisme-en-france"],"views":2342,"_links":{"self":[{"href":"https:\/\/www.comiteactionpalestine.org\/word\/wp-json\/wp\/v2\/posts\/1693","targetHints":{"allow":["GET"]}}],"collection":[{"href":"https:\/\/www.comiteactionpalestine.org\/word\/wp-json\/wp\/v2\/posts"}],"about":[{"href":"https:\/\/www.comiteactionpalestine.org\/word\/wp-json\/wp\/v2\/types\/post"}],"author":[{"embeddable":true,"href":"https:\/\/www.comiteactionpalestine.org\/word\/wp-json\/wp\/v2\/users\/1"}],"replies":[{"embeddable":true,"href":"https:\/\/www.comiteactionpalestine.org\/word\/wp-json\/wp\/v2\/comments?post=1693"}],"version-history":[{"count":3,"href":"https:\/\/www.comiteactionpalestine.org\/word\/wp-json\/wp\/v2\/posts\/1693\/revisions"}],"predecessor-version":[{"id":1809,"href":"https:\/\/www.comiteactionpalestine.org\/word\/wp-json\/wp\/v2\/posts\/1693\/revisions\/1809"}],"wp:attachment":[{"href":"https:\/\/www.comiteactionpalestine.org\/word\/wp-json\/wp\/v2\/media?parent=1693"}],"wp:term":[{"taxonomy":"category","embeddable":true,"href":"https:\/\/www.comiteactionpalestine.org\/word\/wp-json\/wp\/v2\/categories?post=1693"},{"taxonomy":"post_tag","embeddable":true,"href":"https:\/\/www.comiteactionpalestine.org\/word\/wp-json\/wp\/v2\/tags?post=1693"}],"curies":[{"name":"wp","href":"https:\/\/api.w.org\/{rel}","templated":true}]}}