{"id":1590,"date":"2009-05-26T22:34:10","date_gmt":"2009-05-26T21:34:10","guid":{"rendered":"http:\/\/www.comiteactionpalestine.org\/word\/?p=1590"},"modified":"2014-04-21T22:47:26","modified_gmt":"2014-04-21T21:47:26","slug":"forum-palestine-presentation-et-programme","status":"publish","type":"post","link":"https:\/\/www.comiteactionpalestine.org\/word\/forum-palestine-presentation-et-programme\/","title":{"rendered":"Forum Palestine : Pr\u00e9sentation et programme"},"content":{"rendered":"<div class=\"pdfprnt-buttons pdfprnt-buttons-post pdfprnt-top-right\"><a href=\"https:\/\/www.comiteactionpalestine.org\/word\/wp-json\/wp\/v2\/posts\/1590?print=pdf\" class=\"pdfprnt-button pdfprnt-button-pdf\" target=\"_blank\"><img decoding=\"async\" src=\"http:\/\/www.comiteactionpalestine.org\/word\/wp-content\/plugins\/pdf-print\/images\/pdf.png\" alt=\"image_pdf\" title=\"Afficher le PDF\" \/><\/a><a href=\"https:\/\/www.comiteactionpalestine.org\/word\/wp-json\/wp\/v2\/posts\/1590?print=print\" class=\"pdfprnt-button pdfprnt-button-print\" target=\"_blank\"><img decoding=\"async\" src=\"http:\/\/www.comiteactionpalestine.org\/word\/wp-content\/plugins\/pdf-print\/images\/print.png\" alt=\"image_print\" title=\"Contenu imprim\u00e9\" \/><\/a><\/div><table style=\"color: #464646\" border=\"0\" width=\"100%\" cellspacing=\"0\" cellpadding=\"0\">\n<tbody>\n<tr>\n<td>\n<table border=\"0\" width=\"100%\" cellspacing=\"0\" cellpadding=\"0\">\n<tbody>\n<tr>\n<td class=\"style2\" align=\"left\" valign=\"top\" width=\"75%\"><b>Publi\u00e9:<\/b>\u00a0Tue, 26-May-2009<\/td>\n<td class=\"style3\" align=\"right\" valign=\"top\" width=\"25%\"><b>Vues:\u00a0<\/b>4510 fois<\/td>\n<\/tr>\n<\/tbody>\n<\/table>\n<\/td>\n<\/tr>\n<\/tbody>\n<\/table>\n<div style=\"color: #464646\" align=\"right\"><\/div>\n<table style=\"color: #464646\" border=\"0\" width=\"100%\" cellspacing=\"5\" cellpadding=\"0\">\n<tbody>\n<tr>\n<td align=\"left\" valign=\"top\" width=\"100%\">\n<div class=\"style10\">\n<p align=\"center\"><strong><span style=\"font-size: x-large\">FORUM\u00a0<span style=\"color: #009900\">PALESTINE<\/span><\/span><\/strong><\/p>\n<p align=\"center\"><strong><span style=\"font-size: medium\"><span style=\"color: #ff0000\">DU 13 AU 20 JUIN<\/span>\u00a0<span style=\"color: #ff0000\">2009<\/span><\/span><\/strong><\/p>\n<p>Le Comit\u00e9 Action Palestine propose une semaine de d\u00e9bats autour du th\u00e8me de la Palestine et du fait colonial en g\u00e9n\u00e9ral. Du\u00a0<strong>13 au 20 juin 2009<\/strong>\u00a0, le CAP organisera chaque soir, en lien avec d\u2019autres associations, des moments de r\u00e9flexion ouverts au public, avec des personnalit\u00e9s qui militent en faveur de l\u2019autod\u00e9termination du peuple palestinien et contre toutes les formes de colonialisme.<\/p>\n<p align=\"justify\">S\u2019il n\u2019existe pas de savoir neutre (m\u00eame le savoir le plus \u00ab objectif \u00bb en apparence contient une vision politique), il ne peut non plus exister \u00e0 notre sens un engagement militant qui ne soit port\u00e9 par une r\u00e9flexion th\u00e9orique sur l\u2019oppression en g\u00e9n\u00e9ral et l\u2019oppression coloniale et n\u00e9ocoloniale en particulier.<\/p>\n<p align=\"justify\">Ce Forum sur la Palestine sera l\u2019occasion de traiter diff\u00e9rents th\u00e8mes\u00a0: le colonialisme\u00a0; la nature du sionisme et ses objectifs\u00a0; le lien entre le sionisme et l\u2019imp\u00e9rialisme occidental\u00a0; l\u2019\u00e9volution de la r\u00e9sistance palestinienne\u00a0; la nature de la soci\u00e9t\u00e9 coloniale juive;\u00a0la mobilisation en France des minorit\u00e9s issues de la colonisation en faveur de la cause de la r\u00e9sistance palestinienne, l\u2019exp\u00e9rience \u00ab\u00a0chaviste\u00a0\u00bb, au titre de son combat contre l&rsquo;imp\u00e9rialisme et du soutien du Venezuela \u00e0 la cause du peuple palestinien.<\/p>\n<p align=\"justify\">Pour cl\u00f4turer cette semaine de d\u00e9bats sur la cause du peuple palestinien, le Comit\u00e9 Action Palestine propose un concert de soutien \u00e0 l\u2019autod\u00e9termination et \u00e0 la r\u00e9sistance palestinienne avec le groupe de rap \u00ab Minist\u00e8re des Affaires Populaires \u00bb (MAP).<\/p>\n<p align=\"justify\">Le CAP consid\u00e8re qu\u2019il est aujourd\u2019hui plus que jamais n\u00e9cessaire de multiplier les initiatives de ce type pour \u00e9largir la connaissance des m\u00e9canismes de l\u2019oppression coloniale et n\u00e9ocoloniale au-del\u00e0 du petit cercle de militants. Il consid\u00e8re surtout que le combat politique en faveur de la cause du peuple palestinien est un combat qui se m\u00e8ne \u00e9galement ici en France. Sur un double front : la d\u00e9nonciation du sionisme fran\u00e7ais et une activit\u00e9 d\u2019information qui renforce la prise de conscience. Parce que le faire et le comprendre, l\u2019action et la th\u00e9orie sont intimement li\u00e9s, le forum sur la Palestine n\u2019a d\u2019autres imp\u00e9ratifs que de fournir des outils de compr\u00e9hension des enjeux \u00e0 tous ceux qui militent en faveur de l\u2019\u00e9mancipation des peuples, ici ou l\u00e0-bas.<\/p>\n<p align=\"center\"><strong><span style=\"font-size: large\">PROGRAMME<\/span><\/strong><\/p>\n<p align=\"justify\"><span style=\"color: #ff0000\"><span style=\"text-decoration: underline\"><strong><a href=\"http:\/\/www.comiteactionpalestine.org\/word\/wp-content\/uploads\/2009\/05\/images.jpg\"><img fetchpriority=\"high\" decoding=\"async\" class=\"alignright size-full wp-image-1594\" src=\"http:\/\/www.comiteactionpalestine.org\/word\/wp-content\/uploads\/2009\/05\/images.jpg\" alt=\"images\" width=\"187\" height=\"269\" \/><\/a>Samedi 13 juin<\/strong><\/span><\/span><\/p>\n<blockquote><p>19h00 : \u00ab\u00a0<strong>Chavez, les m\u00e9dias et nous \u00bb<\/strong>\u00a0<strong>avec Michel Collon,<\/strong>\u00a0journaliste politique et et\u00a0<strong>Dardo Scavino<\/strong>\u00a0, enseignant-chercheur \u00e0 Versailles<\/p>\n<p>21h00 : projection du film \u00ab\u00a0<strong><em>Le passage des Andes \u00bb<\/em><\/strong><\/p>\n<p><span style=\"text-decoration: underline\"><strong>Lieu<\/strong>\u00a0<\/span>: au cin\u00e9ma Jean Eustache, \u00e0 Pessac (Tram B arr\u00eat Gare de Pessac).<\/p>\n<p><em>En lien avec France Am\u00e9rique Latine (<a style=\"font-weight: bold;color: #004080\" href=\"http:\/\/www.fal33.org\/index.php\" target=\"_blank\">http:\/\/www.fal33.org\/index.php<\/a>\u00a0)<\/em><\/p><\/blockquote>\n<p dir=\"ltr\"><span style=\"color: #ff0000\"><span style=\"text-decoration: underline\"><strong>Lundi 15 juin \u00e0 19h00<\/strong><\/span><\/span><\/p>\n<blockquote><p>\u00ab\u00a0<strong>Moyen-Orient : quel est le jeu des Puissances Occidentales ?\u00bb avec Michel Collon,<\/strong><\/p>\n<p><strong><span style=\"text-decoration: underline\">Lieu<\/span>\u00a0:\u00a0<\/strong>Universit\u00e9 de Bordeaux II, amphi Pitres, place de la Victoire, Bordeaux (Tram B arr\u00eat Victoire).<\/p>\n<p><em>En lien avec France Am\u00e9rique Latine et le Cercle des Universitaires et Artistes Alg\u00e9riens de Bordeaux<br \/>\n<\/em><\/p><\/blockquote>\n<p><span style=\"color: #ff0000\"><strong><span style=\"text-decoration: underline\">Mardi 16 juin \u00e0 19h30<\/span><\/strong><\/span><\/p>\n<blockquote><p><strong>\u00ab L\u2019histoire de la R\u00e9sistance Palestinienne \u00bb\u00a0<\/strong><strong>avec Raghida Ousseiran<\/strong>\u00a0, palestinienne, militante et chercheur<\/p>\n<p><strong><span style=\"text-decoration: underline\">Lieu<\/span>\u00a0:\u00a0<\/strong>Centre Social de Saige \u00e0 Pessac (tram B, arr\u00eat Saige).<\/p><\/blockquote>\n<p><span style=\"color: #ff0000\"><strong><span style=\"text-decoration: underline\">Mercredi 17 juin \u00e0 19h30<\/span><\/strong><\/span><\/p>\n<blockquote><p><strong>\u00ab\u00a0<\/strong><strong>La nature de la soci\u00e9t\u00e9 coloniale isra\u00e9lienne \u00bb avec Fida Abu Ata\u00a0<\/strong>palestinienne, membre de ITTIJAH,<\/p>\n<p><strong><span style=\"text-decoration: underline\">Lieu<\/span>\u00a0<\/strong>: Ath\u00e9n\u00e9e municipal (place St Christoly, Bordeaux, Tram A et B, arr\u00eat H\u00f4tel de ville).<\/p>\n<p><em>En lien avec\u00a0<a style=\"font-weight: bold;color: #004080\" href=\"http:\/\/www.ittijah.org\/?intLanguage=2\" target=\"_blank\">ITTIJAH\u00a0<\/a><\/em><\/p><\/blockquote>\n<p><span style=\"color: #ff0000\"><strong><span style=\"text-decoration: underline\">Jeudi 18 juin \u00e0 19h30<\/span><\/strong><\/span><\/p>\n<blockquote><p><strong>\u00ab Q<\/strong>\u00a0<strong>u\u2019est ce que le colonialisme ? \u00bb avec Mohamed Tahar Bensaada,\u00a0<\/strong>enseignant chercheur \u00e0 Bruxelles et\u00a0<strong>Nadine Rosa Rosso<\/strong>\u00a0, enseignante-chercheur.<\/p>\n<p><strong><span style=\"text-decoration: underline\">Lieu<\/span>\u00a0:\u00a0<\/strong>Ath\u00e9n\u00e9e municipal, place St Christoly, Bordeaux.<\/p>\n<p><em>En lien avec\u00a0<a style=\"font-weight: bold;color: #004080\" href=\"http:\/\/www.ism-france.org\/news\" target=\"_blank\">ISM-France<\/a>\u00a0\u00a0et\u00a0<a style=\"font-weight: bold;color: #004080\" href=\"http:\/\/survie.org\/\" target=\"_blank\">Survie<\/a>\u00a0<\/em><\/p><\/blockquote>\n<p><span style=\"color: #ff0000\"><strong><span style=\"text-decoration: underline\">Vendredi 19 juin \u00e0 19h30<\/span><\/strong><\/span><\/p>\n<blockquote><p><strong>\u00ab La France : minorit\u00e9s issues des anciennes colonies et soutien \u00e0 la cause palestinienne \u00bb avec Sa\u00efd Bouamama,\u00a0<\/strong>sociologue et militant, membre fondateur des Indig\u00e8nes de la R\u00e9publique<\/p>\n<p><strong><span style=\"text-decoration: underline\">Lieu<\/span>\u00a0<\/strong>: Salle Paul Langevin 129 bis, Rue Lauriol,\u00a0<strong>B\u00e8gles.<\/strong><\/p>\n<p><em>En lien avec\u00a0<a style=\"font-weight: bold;color: #004080\" href=\"http:\/\/delaba-dissi.over-blog.fr\/\" target=\"_blank\">Delaba&amp;Dissi<\/a>\u00a0<\/em><\/p><\/blockquote>\n<p><span style=\"color: #ff0000\"><strong><span style=\"text-decoration: underline\">Samedi 20 juin \u00e0 10h00<\/span><\/strong><\/span><\/p>\n<blockquote><p>10 H : Blablabrunch\u00a0<strong>\u00ab Les effets de la colonisation sur la soci\u00e9t\u00e9 fran\u00e7aise.\u00a0<\/strong>La France, soci\u00e9t\u00e9 n\u00e9ocoloniale ?<strong>\u00a0\u00bb avec Sadri Khiari ,\u00a0<\/strong>docteur en sciences politique et \u00e9crivain, Mouvement des Indig\u00e8nes de la R\u00e9publique.<\/p>\n<p><strong><span style=\"text-decoration: underline\">Lieu<\/span>\u00a0<\/strong>: Centre social G\u00e9nicart (4 place de la R\u00e9volution fran\u00e7aise, Lormont, tram A, arr\u00eat Gravi\u00e8res).<\/p>\n<p><em>En lien avec l\u2019association Did\u00e9e<br \/>\n<\/em><\/p>\n<p><strong>20 H :\u00a0CONCERT<\/strong>\u00a0\u00a0\u00a0(<a style=\"font-weight: bold;color: #004080\" href=\"http:\/\/www.comiteactionpalestine.org\/modules\/wfsection\/article.php?articleid=58\">voir la pr\u00e9sentation<\/a>\u00a0)<\/p>\n<p align=\"center\"><span style=\"color: #ff0000;font-size: large\"><strong>MINISTERE DES AFFAIRES POPULAIRES<\/strong><\/span><\/p>\n<p align=\"center\">et le groupe bordelais \u00ab\u00a0<strong>FILS DU BETON + KHALIFRAT\u00bb<\/strong><\/p>\n<p align=\"center\">Rock School Barbey , 18 cours Barbey, Bordeaux<\/p>\n<p align=\"center\">Entr\u00e9e : 10\u20ac (groupe &gt; 10 personnes 8\u20ac)<\/p>\n<p align=\"center\">Location \u00e0 la FNAC, ou CAP par mail\u00a0<a style=\"font-weight: bold;color: #004080\" href=\"mailto:actionpalestine@hotmail.com\">actionpalestine@hotmail.com<\/a><\/p>\n<\/blockquote>\n<\/div>\n<\/td>\n<\/tr>\n<\/tbody>\n<\/table>\n","protected":false},"excerpt":{"rendered":"<p>Publi\u00e9:\u00a0Tue, 26-May-2009 Vues:\u00a04510 fois FORUM\u00a0PALESTINE DU 13 AU 20 JUIN\u00a02009 Le Comit\u00e9 Action Palestine propose une semaine de d\u00e9bats autour du th\u00e8me de la Palestine et du fait colonial en g\u00e9n\u00e9ral. Du\u00a013 au 20 juin 2009\u00a0, le CAP organisera chaque soir, en lien avec d\u2019autres associations, des moments de r\u00e9flexion ouverts au public, avec des [&hellip;]<\/p>\n","protected":false},"author":2,"featured_media":1175,"comment_status":"closed","ping_status":"closed","sticky":false,"template":"","format":"standard","meta":{"footnotes":""},"categories":[5,23],"tags":[],"class_list":["post-1590","post","type-post","status-publish","format-standard","has-post-thumbnail","hentry","category-communiques","category-forum-palestine"],"views":3027,"_links":{"self":[{"href":"https:\/\/www.comiteactionpalestine.org\/word\/wp-json\/wp\/v2\/posts\/1590","targetHints":{"allow":["GET"]}}],"collection":[{"href":"https:\/\/www.comiteactionpalestine.org\/word\/wp-json\/wp\/v2\/posts"}],"about":[{"href":"https:\/\/www.comiteactionpalestine.org\/word\/wp-json\/wp\/v2\/types\/post"}],"author":[{"embeddable":true,"href":"https:\/\/www.comiteactionpalestine.org\/word\/wp-json\/wp\/v2\/users\/2"}],"replies":[{"embeddable":true,"href":"https:\/\/www.comiteactionpalestine.org\/word\/wp-json\/wp\/v2\/comments?post=1590"}],"version-history":[{"count":4,"href":"https:\/\/www.comiteactionpalestine.org\/word\/wp-json\/wp\/v2\/posts\/1590\/revisions"}],"predecessor-version":[{"id":1595,"href":"https:\/\/www.comiteactionpalestine.org\/word\/wp-json\/wp\/v2\/posts\/1590\/revisions\/1595"}],"wp:featuredmedia":[{"embeddable":true,"href":"https:\/\/www.comiteactionpalestine.org\/word\/wp-json\/wp\/v2\/media\/1175"}],"wp:attachment":[{"href":"https:\/\/www.comiteactionpalestine.org\/word\/wp-json\/wp\/v2\/media?parent=1590"}],"wp:term":[{"taxonomy":"category","embeddable":true,"href":"https:\/\/www.comiteactionpalestine.org\/word\/wp-json\/wp\/v2\/categories?post=1590"},{"taxonomy":"post_tag","embeddable":true,"href":"https:\/\/www.comiteactionpalestine.org\/word\/wp-json\/wp\/v2\/tags?post=1590"}],"curies":[{"name":"wp","href":"https:\/\/api.w.org\/{rel}","templated":true}]}}