{"id":1392,"date":"2006-03-27T15:31:30","date_gmt":"2006-03-27T14:31:30","guid":{"rendered":"http:\/\/www.comiteactionpalestine.org\/word\/?p=1392"},"modified":"2014-04-20T15:35:14","modified_gmt":"2014-04-20T14:35:14","slug":"la-journee-de-la-terre-30-ans-apres","status":"publish","type":"post","link":"https:\/\/www.comiteactionpalestine.org\/word\/la-journee-de-la-terre-30-ans-apres\/","title":{"rendered":"La journ\u00e9e de la terre, 30 ans apr\u00e8s"},"content":{"rendered":"<div class=\"pdfprnt-buttons pdfprnt-buttons-post pdfprnt-top-right\"><a href=\"https:\/\/www.comiteactionpalestine.org\/word\/wp-json\/wp\/v2\/posts\/1392?print=pdf\" class=\"pdfprnt-button pdfprnt-button-pdf\" target=\"_blank\"><img decoding=\"async\" src=\"http:\/\/www.comiteactionpalestine.org\/word\/wp-content\/plugins\/pdf-print\/images\/pdf.png\" alt=\"image_pdf\" title=\"Afficher le PDF\" \/><\/a><a href=\"https:\/\/www.comiteactionpalestine.org\/word\/wp-json\/wp\/v2\/posts\/1392?print=print\" class=\"pdfprnt-button pdfprnt-button-print\" target=\"_blank\"><img decoding=\"async\" src=\"http:\/\/www.comiteactionpalestine.org\/word\/wp-content\/plugins\/pdf-print\/images\/print.png\" alt=\"image_print\" title=\"Contenu imprim\u00e9\" \/><\/a><\/div><p style=\"color: #0d0d0d\" align=\"justify\">Tract distribu\u00e9 \u00e0 l&rsquo;occasion du 30 \u00e8me anniversaire de la journ\u00e9e de la terre.<br \/>\nVoir la\u00a0<a style=\"font-weight: bold;color: #004080\" href=\"http:\/\/www.comiteactionpalestine.org\/modules\/wfsection\/article.php?articleid=9\">pr\u00e9sentation de la soir\u00e9e\u00a0<\/a>organis\u00e9e \u00e0 cette occasion.<\/p>\n<p><em>Le 30 mars 1976, six Palestiniens de l\u2019int\u00e9rieur (c&rsquo;est-\u00e0-dire ceux qui ont pu rester en 1948 apr\u00e8s la cr\u00e9ation par la force de l\u2019\u00e9tat d\u2019Isra\u00ebl) \u00e9taient abattus par l\u2019arm\u00e9e d\u2019occupation d\u2019Isra\u00ebl, 96 bless\u00e9s et 300 autres \u00e9taient arr\u00eat\u00e9s. Leur crime ? Avoir manifest\u00e9 contre l\u2019\u00c9tat sioniste qui avait confisqu\u00e9 et d\u00e9clar\u00e9 \u201c zone militaire \u201d 1700 hectares appartenant \u00e0 des villages palestiniens.<\/em><\/p>\n<p><br style=\"color: #0d0d0d\" \/><br style=\"color: #0d0d0d\" \/><\/p>\n<p style=\"color: #0d0d0d\" align=\"justify\">Depuis, tous les 30 mars, la \u201c Journ\u00e9e de la Terre \u201d comm\u00e9more cet \u00e9v\u00e9nement partout dans le monde o\u00f9 se trouvent les d\u00e9fenseurs des droits du peuple palestinien.<\/p>\n<p style=\"color: #0d0d0d\" align=\"justify\">Cette journ\u00e9e est avant tout symbolique. Rappelons qu\u2019en 1948, l\u2019Etat juif avait expuls\u00e9 pr\u00e8s d\u2019un million de Palestiniens et d\u00e9truit plus de 400 villages. La majeure partie des terres palestiniennes avait \u00e9t\u00e9 confisqu\u00e9e dans la perspective de fonder le \u201c Grand Isra\u00ebl \u201d. D\u00e8s lors, cette politique de confiscation des terres en vue de juda\u00efser la Palestine (c\u2019est-\u00e0-dire voler des terres aux Palestiniens pour les donner aux juifs), s\u2019est poursuivie sans rel\u00e2che et s\u2019intensifie, accumulant crimes de masses, assassinats de leaders politiques et emprisonnements de r\u00e9sistants :\u00a0<strong>la colonisation de toute la Palestine est inscrite au c\u0153ur du projet sioniste. Avec la construction du mur qui vole chaque jour plus de terre aux Palestiniens et la juda\u00efsation actuelle de la vall\u00e9e du Jourdain, du Naqab et de J\u00e9rusalem, rien ne semble arr\u00eater cette machine \u00e0 tuer et \u00e0 coloniser.<\/strong><\/p>\n<p style=\"color: #0d0d0d\" align=\"justify\">Pourtant, depuis la cr\u00e9ation de l\u2019Etat d\u2019Isra\u00ebl, le peuple palestinien a toujours r\u00e9sist\u00e9 \u00e0 cette formidable entreprise de destruction de sa soci\u00e9t\u00e9, soutenue par les pays occidentaux et en particulier les Etats-Unis et la France. M\u00eame si les difficult\u00e9s furent \u00e9normes, il a r\u00e9ussi \u00e0 contrecarrer la volont\u00e9 expansionniste d\u2019Isra\u00ebl : l\u2019\u00e9vacuation de Gaza, si elle est pens\u00e9e par les dirigeants criminels d\u2019Isra\u00ebl comme un retrait tactique, n\u2019en constitue pas moins pour eux un \u00e9chec.<\/p>\n<p style=\"color: #0d0d0d\" align=\"justify\"><strong>En effet, la colonisation de ce territoire a \u00e9t\u00e9 rendue impossible gr\u00e2ce \u00e0 la r\u00e9sistance du peuple palestinien auquel les dirigeants-terroristes d\u2019Isra\u00ebl veulent infliger une punition en l\u2019affamant par le contr\u00f4le des fronti\u00e8res.<\/strong><\/p>\n<p style=\"color: #0d0d0d\" align=\"justify\">Ce n\u2019est pas la seule d\u00e9faite des sionistes dans la r\u00e9gion, car apr\u00e8s 20 ans d&rsquo;occupation, l\u2019arm\u00e9e isra\u00e9lienne a d\u00fb aussi se retirer du Sud-Liban face \u00e0 la d\u00e9termination de la r\u00e9sistance libanaise sous la direction du Hezbollah. L\u2019invincibilit\u00e9 de l\u2019Etat sioniste n\u2019est plus qu\u2019un mythe, malgr\u00e9 le discours des m\u00e9dias qui s\u2019ing\u00e9nient \u00e0 nous pr\u00e9senter ces \u00e9checs comme des gestes de bonne volont\u00e9 et de paix. Cette \u00ab paix \u00bb, toujours promise jamais r\u00e9alis\u00e9e en raison de la nature guerri\u00e8re et coloniale de l\u2019Etat isra\u00e9lien, ne fait plus recette aupr\u00e8s du peuple palestinien qui a \u00e9lu le Hamas aux plus hautes fonctions dans le but de continuer la lutte de lib\u00e9ration nationale. Ces \u00e9lections furent aussi une d\u00e9faite pour l\u2019Etat terroriste d\u2019Isra\u00ebl qui comptait sur une Autorit\u00e9 palestinienne conciliante pour mener \u00e0 bien sa politique coloniale.<\/p>\n<p style=\"color: #0d0d0d\" align=\"justify\">Confront\u00e9 \u00e0 ces \u00e9checs successifs et les \u00e9lections l\u00e9gislatives approchant, l\u2019Etat isra\u00e9lien cherche \u00e0 donner des gages de puissance \u00e0 sa soci\u00e9t\u00e9 coloniale : il entreprend des actions de force comme le kidnapping des prisonniers politiques dans la prison de J\u00e9richo (avec les complicit\u00e9s am\u00e9ricaine et anglaise) ou comme les incursions meurtri\u00e8res \u00e0 Tulkarem ou \u00e0 J\u00e9nine. Mais l\u2019enjeu principal est surtout de pousser le Hamas et toute la r\u00e9sistance \u00e0 r\u00e9agir pour justifier ensuite une politique de r\u00e9pression d\u2019envergure contre le peuple palestinien. Celui-ci ne fait pas seulement face \u00e0 l\u2019Etat colonial, mais aussi \u00e0 cette soci\u00e9t\u00e9 isra\u00e9lienne dans son ensemble qui continue \u00e0 nier son existence.<\/p>\n<p style=\"color: #0d0d0d\" align=\"justify\">Plus largement, ces \u00e9checs sont ceux des Etats occidentaux qui, dans leur tentative de soumettre tout le Moyen-Orient \u00e0 la domination d\u2019Isra\u00ebl et donc \u00e0 la leur, n\u2019ont pas r\u00e9ussi \u00e0 vaincre la r\u00e9sistance du peuple irakien ni \u00e0 d\u00e9sarmer (avec la r\u00e9solution 1559 de l\u2019O.N.U.) les forces de lib\u00e9ration nationale au Liban. Une nouvelle d\u00e9convenue attend les arm\u00e9es sionistes et imp\u00e9rialistes : c\u2019est la guerre qui se pr\u00e9pare contre le peuple iranien au nom de la lutte contre la prolif\u00e9ration nucl\u00e9aire alors que l\u2019Etat colonial d\u2019Isra\u00ebl poss\u00e8de plus de 200 t\u00eates nucl\u00e9aires. Mais cette justification (utilis\u00e9e pour envahir l\u2019Irak) de la nouvelle guerre qui s\u2019annonce ne doit tromper personne, car s\u2019il devait y avoir d\u00e9sarmement nucl\u00e9aire il devrait commencer d\u2019abord par les Etats-Unis, Isra\u00ebl et leurs alli\u00e9s occidentaux.<\/p>\n<p style=\"color: #0d0d0d\"><strong>En Palestine occup\u00e9e, le peuple Palestinien est toujours debout, uni depuis plus de soixante ans contre l\u2019infernale machine de guerre coloniale isra\u00e9lienne. Il nous indique la voie \u00e0 suivre.<\/strong><\/p>\n","protected":false},"excerpt":{"rendered":"<p>Tract distribu\u00e9 \u00e0 l&rsquo;occasion du 30 \u00e8me anniversaire de la journ\u00e9e de la terre. Voir la\u00a0pr\u00e9sentation de la soir\u00e9e\u00a0organis\u00e9e \u00e0 cette occasion. Le 30 mars 1976, six Palestiniens de l\u2019int\u00e9rieur (c&rsquo;est-\u00e0-dire ceux qui ont pu rester en 1948 apr\u00e8s la cr\u00e9ation par la force de l\u2019\u00e9tat d\u2019Isra\u00ebl) \u00e9taient abattus par l\u2019arm\u00e9e d\u2019occupation d\u2019Isra\u00ebl, 96 bless\u00e9s [&hellip;]<\/p>\n","protected":false},"author":2,"featured_media":0,"comment_status":"closed","ping_status":"closed","sticky":false,"template":"","format":"standard","meta":{"footnotes":""},"categories":[10],"tags":[],"class_list":["post-1392","post","type-post","status-publish","format-standard","hentry","category-histoire-et-colonisation-de-la-palestine"],"views":2414,"_links":{"self":[{"href":"https:\/\/www.comiteactionpalestine.org\/word\/wp-json\/wp\/v2\/posts\/1392","targetHints":{"allow":["GET"]}}],"collection":[{"href":"https:\/\/www.comiteactionpalestine.org\/word\/wp-json\/wp\/v2\/posts"}],"about":[{"href":"https:\/\/www.comiteactionpalestine.org\/word\/wp-json\/wp\/v2\/types\/post"}],"author":[{"embeddable":true,"href":"https:\/\/www.comiteactionpalestine.org\/word\/wp-json\/wp\/v2\/users\/2"}],"replies":[{"embeddable":true,"href":"https:\/\/www.comiteactionpalestine.org\/word\/wp-json\/wp\/v2\/comments?post=1392"}],"version-history":[{"count":1,"href":"https:\/\/www.comiteactionpalestine.org\/word\/wp-json\/wp\/v2\/posts\/1392\/revisions"}],"predecessor-version":[{"id":1394,"href":"https:\/\/www.comiteactionpalestine.org\/word\/wp-json\/wp\/v2\/posts\/1392\/revisions\/1394"}],"wp:attachment":[{"href":"https:\/\/www.comiteactionpalestine.org\/word\/wp-json\/wp\/v2\/media?parent=1392"}],"wp:term":[{"taxonomy":"category","embeddable":true,"href":"https:\/\/www.comiteactionpalestine.org\/word\/wp-json\/wp\/v2\/categories?post=1392"},{"taxonomy":"post_tag","embeddable":true,"href":"https:\/\/www.comiteactionpalestine.org\/word\/wp-json\/wp\/v2\/tags?post=1392"}],"curies":[{"name":"wp","href":"https:\/\/api.w.org\/{rel}","templated":true}]}}