{"id":1374,"date":"2008-01-20T14:51:02","date_gmt":"2008-01-20T13:51:02","guid":{"rendered":"http:\/\/www.comiteactionpalestine.org\/word\/?p=1374"},"modified":"2014-04-20T14:55:01","modified_gmt":"2014-04-20T13:55:01","slug":"la-purification-ethnique-continue-et-israel-veut-vous-la-faire-accepter","status":"publish","type":"post","link":"https:\/\/www.comiteactionpalestine.org\/word\/la-purification-ethnique-continue-et-israel-veut-vous-la-faire-accepter\/","title":{"rendered":"La purification ethnique continue et Isra\u00ebl veut vous la faire accepter"},"content":{"rendered":"<div class=\"pdfprnt-buttons pdfprnt-buttons-post pdfprnt-top-right\"><a href=\"https:\/\/www.comiteactionpalestine.org\/word\/wp-json\/wp\/v2\/posts\/1374?print=pdf\" class=\"pdfprnt-button pdfprnt-button-pdf\" target=\"_blank\"><img decoding=\"async\" src=\"http:\/\/www.comiteactionpalestine.org\/word\/wp-content\/plugins\/pdf-print\/images\/pdf.png\" alt=\"image_pdf\" title=\"Afficher le PDF\" \/><\/a><a href=\"https:\/\/www.comiteactionpalestine.org\/word\/wp-json\/wp\/v2\/posts\/1374?print=print\" class=\"pdfprnt-button pdfprnt-button-print\" target=\"_blank\"><img decoding=\"async\" src=\"http:\/\/www.comiteactionpalestine.org\/word\/wp-content\/plugins\/pdf-print\/images\/print.png\" alt=\"image_print\" title=\"Contenu imprim\u00e9\" \/><\/a><\/div><p style=\"text-align: justify\"><strong>Interview d&rsquo;Ilan Papp\u00e9 r\u00e9alis\u00e9e par Emanuela Irace et publi\u00e9e dans Il Manifesto, le 23 d\u00e9cembre 2007.<\/strong><\/p>\n<p style=\"text-align: justify\">Apr\u00e8s 60 ans, de plus en plus de voix s\u2019\u00e9l\u00e8vent pour affirmer que les fondements de l\u2019Etat d\u2019Isra\u00ebl reposent sur un processus d\u2019\u00e9puration ethnique des Palestiniens. Ces d\u00e9clarations sont fond\u00e9es sur des faits scientifiquement \u00e9tablis.<\/p>\n<p style=\"text-align: justify\">Ilan Papp\u00e9, historien juif, n\u00e9 en Isra\u00ebl, est l\u2019une de ces voix. Il d\u00e9clare notamment : \u00ab\u00a0Isra\u00ebl est un projet colonial qui pratiqua l\u2019\u00e9puration ethnique, en affrontant de fa\u00e7on anticip\u00e9e le probl\u00e8me d\u00e9mographique\u00a0\u00bb et \u00ab\u00a0l\u2019\u00e9puration ethnique continue aujourd\u2019hui avec des syst\u00e8mes plus propres et plus pr\u00e9sentables\u00a0\u00bb.<\/p>\n<p style=\"text-align: justify\">Bien que le Comit\u00e9 Action Palestine ne partage pas la perspective de l\u2019auteur de cet article \u00ab\u00a0d\u2019un Etat pour deux peuples\u00a0\u00bb, puisque la question est d\u2019abord celle de la lib\u00e9ration de cette terre du joug colonial, et de l\u2019autod\u00e9termination du peuple autochtone, il nous semble important, en cette ann\u00e9e du soixanti\u00e8me anniversaire de la Nakba, de rapporter les propos de ceux qui disent clairement les faits.<\/p>\n<hr \/>\n<p style=\"text-align: justify\">\n<p style=\"text-align: justify\"><strong>Professeur Papp\u00e9, vous d\u00e9crivez l\u2019\u00e9puration ethnique comme moment constitutif, en 1948, de l\u2019Etat d\u2019Isra\u00ebl. Vous brisez de cette fa\u00e7on le topos de l\u2019exode volontaire des Palestiniens.<\/strong><\/p>\n<p style=\"text-align: justify\">En 47-48, les Palestiniens ont \u00e9t\u00e9 expuls\u00e9s, m\u00eame si l\u2019historiographie officielle parle de pressions des leaders arabes qui les auraient persuad\u00e9s de s\u2019enfuir. L\u2019id\u00e9e de trouver un refuge pour la communaut\u00e9 juive, pers\u00e9cut\u00e9e en Europe et an\u00e9antie par le nazisme, se heurta \u00e0 une population autochtone qui \u00e9tait en phase de red\u00e9finition. Projet colonial qui pratiqua l\u2019\u00e9puration ethnique, en affrontant de fa\u00e7on anticip\u00e9e le probl\u00e8me d\u00e9mographique : l\u2019existence de 600.000 juifs contre un million de Palestiniens. Avant que les arabes ne d\u00e9cident en f\u00e9vrier 1948 de s\u2019y opposer militairement, les Isra\u00e9liens avaient d\u00e9j\u00e0 chass\u00e9 plus de 300.000 autochtones.<\/p>\n<p style=\"text-align: justify\"><strong>Comment se r\u00e9alisa la purification ethnique et pourquoi tout le monde s\u2019est-il tu ?<\/strong><\/p>\n<p style=\"text-align: justify\">Cela eut lieu en l\u2019espace de huit mois, et ce n\u2019est qu\u2019en octobre 48 que les Palestiniens commenc\u00e8rent vraiment \u00e0 se d\u00e9fendre. La riposte des sionistes fut les massacres dans la province de Galil\u00e9e, la confiscation des maisons, des comptes bancaires, de la terre. Les Isra\u00e9liens effac\u00e8rent un peuple et sa culture. Personne ne d\u00e9non\u00e7a ce qui se passait parce que la Guerre \u00e9tait finie depuis peu. Les Nations Unies ne pouvaient pas admettre qu\u2019une de leurs r\u00e9solutions (la 181, sur la partition de la Palestine, NDR) se conclut avec une \u00e9puration ethnique. La Croix-Rouge avait d\u00e9j\u00e0 \u00e9t\u00e9 accus\u00e9e de n\u2019avoir pas rapport\u00e9 avec objectivit\u00e9 ce qui se passait dans les camps de concentration nazis, et les principaux m\u00e9dias ne voulaient pas avoir d\u2019affrontement avec les juifs.<\/p>\n<p style=\"text-align: justify\"><strong>Un sentiment de culpabilit\u00e9 et une \u00ab diplomatie \u00bb, dans l\u2019action des gouvernements, avec quelles cons\u00e9quences ?<\/strong><\/p>\n<p style=\"text-align: justify\">Pendant l\u2019Holocauste, les pays qui aujourd\u2019hui condamnent Isra\u00ebl, ou \u00e9taient connivents, ou sont rest\u00e9s silencieux. C\u2019est pour ces motifs que la communaut\u00e9 internationale a abdiqu\u00e9 devant son droit de nous juger. On lui fait endosser une faute \u00e0 laquelle elle ne peut plus rem\u00e9dier. En perdant ainsi, aujourd\u2019hui encore, le droit de critiquer le gouvernement d\u2019Isra\u00ebl. La cons\u00e9quence est que quand naquit l\u2019Etat, personne ne lui reprocha l\u2019\u00e9puration ethnique sur laquelle il s\u2019\u00e9tait fond\u00e9, un crime contre l\u2019humanit\u00e9 commis par ceux qui la planifi\u00e8rent et la r\u00e9alis\u00e8rent. D\u00e8s ce moment-l\u00e0, l\u2019\u00e9puration ethnique devint une id\u00e9ologie, un ornement infrastructurel de l\u2019Etat. Discours toujours valide aujourd\u2019hui, parce que le premier objectif reste d\u00e9mographique : obtenir la plus grande quantit\u00e9 de terre avec le plus petit nombre d\u2019arabes.<\/p>\n<p style=\"text-align: justify\"><strong>Sous quelles formes et par quels moyens l\u2019\u00e9puration ethnique continue-t-elle ?<\/strong><\/p>\n<p style=\"text-align: justify\">Avec des syst\u00e8mes plus \u00ab propres et pr\u00e9sentables \u00bb. Depuis un mois le Ministre de la Justice essaie de l\u00e9gitimer les implantations ill\u00e9gales des colons en laissant intacts les avant-postes. Nous savons que la Haute Cour de Justice est en train de d\u00e9cider si elle doit autoriser le gouvernement \u00e0 r\u00e9duire les stocks de carburant, en supprimant l\u2019\u00e9nergie \u00e9lectrique \u00e0 Gaza, o\u00f9 vivent un million de Palestiniens qui se retrouveraient sans possibilit\u00e9 de boire de l\u2019eau, parce que la nappe phr\u00e9atique est pollu\u00e9e par les \u00e9gouts, et que seul un syst\u00e8me de d\u00e9puration \u00e9lectrique peut la rendre potable. Mais de ces exemples pour an\u00e9antir les Palestiniens il y en a des dizaines, \u00e0 commencer par le mur, qui est accept\u00e9 par les Usa et l\u2019Union Europ\u00e9enne.<\/p>\n<p style=\"text-align: justify\"><strong>Qu\u2019est-ce qu\u2019Isra\u00ebl demande \u00e0 ses alli\u00e9s ?<\/strong><\/p>\n<p style=\"text-align: justify\">Que son mod\u00e8le soit accept\u00e9 tel quel. Pendant la guerre de 1967, 300 000 Palestiniens ont \u00e9t\u00e9 expuls\u00e9s de Cisjordanie ; pendant ces sept derni\u00e8res ann\u00e9es, la purification ethnique est devenue \u00ab construction du mur \u00bb, qui repousse les Palestiniens vers le d\u00e9sert, hors de la zone assign\u00e9e du Grand J\u00e9rusalem. Le probl\u00e8me est que les dirigeant isra\u00e9liens con\u00e7oivent leur Etat en termes ethniques, raciaux, et sont donc des racistes \u00e0 tous points de vue. Et cela est per\u00e7u par les Palestiniens ; et c\u2019est le plus grand obstacle sur la voie d\u2019une paix entre la Palestine et Isra\u00ebl. Ce qui est appel\u00e9 \u00ab processus de paix \u00bb se r\u00e9duit \u00e0 : quelle part de la Palestine faut-il de nouveau annexer \u00e0 Isra\u00ebl et quelle part, tr\u00e8s petite, peut-on, \u00e9ventuellement, donner au peuple palestinien.<\/p>\n<p style=\"text-align: justify\"><strong>Que peut-on faire pour inverser ce processus ?<\/strong><\/p>\n<p style=\"text-align: justify\">Avant tout changer notre langage. Il ne s\u2019agit pas d\u2019un affrontement entre juifs et Palestiniens. C\u2019est du colonialisme. Et c\u2019est incroyable qu\u2019au 21\u00e8me si\u00e8cle on puisse encore accepter une politique coloniale. Il faut imposer \u00e0 Isra\u00ebl les m\u00eames mesures qu\u2019on avait employ\u00e9es contre le gouvernement raciste de l\u2019Afrique du Sud, dans les ann\u00e9es 60-70. Il existe aujourd\u2019hui des mouvements d\u2019opinion de jeunes juifs, en Europe et aux Usa, qui d\u00e9noncent la politique colonialiste et critiquent Isra\u00ebl en tant qu\u2019\u00e9tat colonialiste et raciste, pas en tant qu\u2019\u00e9tat fond\u00e9 par des juifs.<\/p>\n<p style=\"text-align: justify\">La l\u00e9gislation fran\u00e7aise (et d\u2019autres pays europ\u00e9ens) met des restrictions au droit d\u2019exprimer des opinions \u00ab r\u00e9visionnistes \u00bb \u00e0 l\u2019\u00e9gard d\u2019Isra\u00ebl, mais ne prend pas position pour l\u2019application syst\u00e9matique des r\u00e9solutions de l\u2019Onu.<\/p>\n<p style=\"text-align: justify\">J\u2019ai eu une exp\u00e9rience de ce genre il y a deux ans environ. Ma conf\u00e9rence fut interrompue par un groupe d\u2019extr\u00e9mistes, juifs comme moi, qui m\u2019emp\u00each\u00e8rent de continuer. La police arriva, pour me prot\u00e9ger d\u2019eux, pas pour m\u2019accuser. Quant au silence, il est beaucoup plus commode pour les gens de penser de fa\u00e7on conventionnelle. Il faut avoir beaucoup d\u2019\u00e9nergie et d\u2019originalit\u00e9 pour agir autrement. La R\u00e9solution 194, par exemple, \u00e9tablit que les r\u00e9fugi\u00e9s palestiniens ont le droit de retourner sur leurs terres. Mais c\u2019est plus facile de ne rien faire et de continuer \u00e0 penser avec les m\u00eames formules.<\/p>\n<p style=\"text-align: justify\"><strong>Est-ce que ce sont pour les m\u00eames raisons que la gauche italienne continue \u00e0 proposer le mod\u00e8le \u00ab deux peuples deux \u00e9tats \u00bb ?<\/strong><\/p>\n<p style=\"text-align: justify\">Il est certain que la gauche italienne n\u2019est pas courageuse. Mais elle devra changer, par force, parce que la situation sur le terrain devient catastrophique. Si Isra\u00ebl envahit Gaza, comme c\u2019est dans l\u2019ordre actuel des choses, ils tueront \u00e9norm\u00e9ment de Palestiniens et pourtant ils ne changeront pas la r\u00e9alit\u00e9. Gaza est une grande prison, et il arrivera ce qui se passe dans les r\u00e9voltes des prisons : l\u2019arm\u00e9e r\u00e9tablira \u00ab ordre et propret\u00e9 \u00bb, avec des coups et des tueries. Ce sera un massacre mais, quand ils repartiront, la situation sera toujours la m\u00eame.<\/p>\n<p style=\"text-align: justify\"><strong>Quels r\u00e9sultats pourraient par contre donner la solution des deux peuples \u00e0 l\u2019int\u00e9rieur d\u2019un \u00e9tat unique ?<\/strong><\/p>\n<p style=\"text-align: justify\">Il est n\u00e9cessaire que les populations s\u2019acceptent, que les juifs reconnaissent leurs fr\u00e8res et voisins arabes et vice versa. Apr\u00e8s avoir reconnu l\u2019histoire pour ce qu\u2019elle est et apr\u00e8s avoir assum\u00e9 chacun ses propres responsabilit\u00e9s. Reconnaissance, responsabilit\u00e9 et acceptation. En suivant cette voie on pourra arriver \u00e0 un \u00e9tat unique, o\u00f9 compte le principe \u00ab un homme une voix \u00bb et o\u00f9 les citoyens, m\u00eame s\u2019ils ne s\u2019aiment pas, pourront cohabiter. C\u2019est un projet qu\u2019on peut atteindre si on continue \u00e0 critiquer et \u00e0 emp\u00eacher les crimes qui continuent \u00e0 \u00eatre commis par Isra\u00ebl, et si l\u2019on poursuit la campagne de d\u00e9sinvestissement (BDS : Boycott, D\u00e9sinvestissement, Sanctions, NdT), comme \u00e7a a \u00e9t\u00e9 le cas en Afrique du Sud.<\/p>\n<p style=\"text-align: justify\"><strong>Ilan Papp\u00e9<\/strong><\/p>\n<p style=\"text-align: justify\">Interview r\u00e9alis\u00e9e par Emanuela Irace.<br \/>\nTraduit de l\u2019italien par Marie-Ange Patrizio et publi\u00e9 sur info-palestine.net<\/p>\n<p style=\"text-align: justify\">\n<p style=\"text-align: justify\">PS:\u00a0<em>Ilan Papp\u00e9 est arriv\u00e9 en Italie sans tambours ni trompettes. H\u00f4te de l\u2019Iesmavo (Master Enrico Mattei per il Medio Oriente , NdT), au si\u00e8ge de l\u2019Isiao de Rome (Institut italien pour l\u2019Afrique et l\u2019Orient http:\/\/www.isiao.it\/, NdT) pour une conf\u00e9rence sur \u00ab Isra\u00ebl-Palestine, une terre deux peuples \u00bb. Apr\u00e8s avoir d\u00e9nonc\u00e9 ces derniers mois l\u2019impossibilit\u00e9 de travailler sereinement dans une atmosph\u00e8re hostile, celle de son universit\u00e9 de Ha\u00effa, Papp\u00e9 est parti en Grande-Bretagne, o\u00f9 il enseigne maintenant \u00e0 l\u2019universit\u00e9 d\u2019Exeter. Historien du non consensus, \u00ab r\u00e9visionniste \u00bb, il est n\u00e9 en Isra\u00ebl en 1954, de parents juifs qui avaient fui l\u2019Allemagne des ann\u00e9es 30 ; il a publi\u00e9 une demi-douzaine de livres. Parmi les plus r\u00e9cents, \u00ab The ethnic cleansing of Palestine \u00bb, non encore traduit en italien. Au centre de l\u2019analyse du grand historien, la politique sioniste de d\u00e9portations et d&rsquo;expulsions de palestiniens r\u00e9alis\u00e9es pendant et apr\u00e8s la guerre de 1948, quand environ 400 villages furent vid\u00e9s, effac\u00e9s et d\u00e9truits au cours des cinq ann\u00e9es qui suivirent.<\/em><\/p>\n","protected":false},"excerpt":{"rendered":"<p>Interview d&rsquo;Ilan Papp\u00e9 r\u00e9alis\u00e9e par Emanuela Irace et publi\u00e9e dans Il Manifesto, le 23 d\u00e9cembre 2007. Apr\u00e8s 60 ans, de plus en plus de voix s\u2019\u00e9l\u00e8vent pour affirmer que les fondements de l\u2019Etat d\u2019Isra\u00ebl reposent sur un processus d\u2019\u00e9puration ethnique des Palestiniens. Ces d\u00e9clarations sont fond\u00e9es sur des faits scientifiquement \u00e9tablis. Ilan Papp\u00e9, historien juif, [&hellip;]<\/p>\n","protected":false},"author":2,"featured_media":715,"comment_status":"closed","ping_status":"closed","sticky":false,"template":"","format":"standard","meta":{"footnotes":""},"categories":[10],"tags":[],"class_list":["post-1374","post","type-post","status-publish","format-standard","has-post-thumbnail","hentry","category-histoire-et-colonisation-de-la-palestine"],"views":2319,"_links":{"self":[{"href":"https:\/\/www.comiteactionpalestine.org\/word\/wp-json\/wp\/v2\/posts\/1374","targetHints":{"allow":["GET"]}}],"collection":[{"href":"https:\/\/www.comiteactionpalestine.org\/word\/wp-json\/wp\/v2\/posts"}],"about":[{"href":"https:\/\/www.comiteactionpalestine.org\/word\/wp-json\/wp\/v2\/types\/post"}],"author":[{"embeddable":true,"href":"https:\/\/www.comiteactionpalestine.org\/word\/wp-json\/wp\/v2\/users\/2"}],"replies":[{"embeddable":true,"href":"https:\/\/www.comiteactionpalestine.org\/word\/wp-json\/wp\/v2\/comments?post=1374"}],"version-history":[{"count":1,"href":"https:\/\/www.comiteactionpalestine.org\/word\/wp-json\/wp\/v2\/posts\/1374\/revisions"}],"predecessor-version":[{"id":1375,"href":"https:\/\/www.comiteactionpalestine.org\/word\/wp-json\/wp\/v2\/posts\/1374\/revisions\/1375"}],"wp:featuredmedia":[{"embeddable":true,"href":"https:\/\/www.comiteactionpalestine.org\/word\/wp-json\/wp\/v2\/media\/715"}],"wp:attachment":[{"href":"https:\/\/www.comiteactionpalestine.org\/word\/wp-json\/wp\/v2\/media?parent=1374"}],"wp:term":[{"taxonomy":"category","embeddable":true,"href":"https:\/\/www.comiteactionpalestine.org\/word\/wp-json\/wp\/v2\/categories?post=1374"},{"taxonomy":"post_tag","embeddable":true,"href":"https:\/\/www.comiteactionpalestine.org\/word\/wp-json\/wp\/v2\/tags?post=1374"}],"curies":[{"name":"wp","href":"https:\/\/api.w.org\/{rel}","templated":true}]}}