{"id":1364,"date":"2008-05-25T14:29:49","date_gmt":"2008-05-25T13:29:49","guid":{"rendered":"http:\/\/www.comiteactionpalestine.org\/word\/?p=1364"},"modified":"2014-04-20T14:33:45","modified_gmt":"2014-04-20T13:33:45","slug":"palestine-194748-la-responsabilite-francaise","status":"publish","type":"post","link":"https:\/\/www.comiteactionpalestine.org\/word\/palestine-194748-la-responsabilite-francaise\/","title":{"rendered":"Palestine 1947\/48 : la responsabilit\u00e9 fran\u00e7aise"},"content":{"rendered":"<div class=\"pdfprnt-buttons pdfprnt-buttons-post pdfprnt-top-right\"><a href=\"https:\/\/www.comiteactionpalestine.org\/word\/wp-json\/wp\/v2\/posts\/1364?print=pdf\" class=\"pdfprnt-button pdfprnt-button-pdf\" target=\"_blank\"><img decoding=\"async\" src=\"http:\/\/www.comiteactionpalestine.org\/word\/wp-content\/plugins\/pdf-print\/images\/pdf.png\" alt=\"image_pdf\" title=\"Afficher le PDF\" \/><\/a><a href=\"https:\/\/www.comiteactionpalestine.org\/word\/wp-json\/wp\/v2\/posts\/1364?print=print\" class=\"pdfprnt-button pdfprnt-button-print\" target=\"_blank\"><img decoding=\"async\" src=\"http:\/\/www.comiteactionpalestine.org\/word\/wp-content\/plugins\/pdf-print\/images\/print.png\" alt=\"image_print\" title=\"Contenu imprim\u00e9\" \/><\/a><\/div><p style=\"text-align: justify\">Article de Youssef Boussoumah publi\u00e9 sur le site du Mouvement des Indig\u00e8nes de la R\u00e9publique le 15 mai 2008.<\/p>\n<p style=\"text-align: justify\">La France est le pays qui porte la responsabilit\u00e9 de la partition de la Palestine et in fine de la cr\u00e9ation de l\u2019Etat coloniale d\u2019Isra\u00ebl. C\u2019est la th\u00e8se d\u00e9fendue par Youssef Boussoumah dans ce texte \u00e0 la fois clair et concis. Car c\u2019est la France &#8211; et les pays catholiques qui votent traditionnellement comme elle dans les Assembl\u00e9es g\u00e9n\u00e9rales de l\u2019ONU &#8211; qui a fait basculer le vote onusien en faveur du \u00ab plan de partage \u00bb de la Palestine ce 29 novembre 1947.<\/p>\n<p style=\"text-align: justify\">Ce soutien apport\u00e9 \u00e0 la cr\u00e9ation d\u2019Isra\u00ebl par les socialistes fran\u00e7ais s\u2019explique en partie par la peur politique que suscitent les juifs rescap\u00e9s en France et en Europe. Mais le facteur d\u00e9cisif du choix fran\u00e7ais est \u00e0 rechercher du c\u00f4t\u00e9 de la question coloniale : la France se sent menac\u00e9e dans son empire colonial et per\u00e7oit le futur Etat isra\u00e9lien comme un alli\u00e9 strat\u00e9gique dans son combat contre la Ligue arabe et les mouvements nationalistes. L\u2019ensemble des partis politiques ainsi que la grande majorit\u00e9 des intellectuels fran\u00e7ais se sont aussi fortement mobilis\u00e9s pour d\u00e9fendre les int\u00e9r\u00eats de l\u2019Etat sioniste en formation.<\/p>\n<p style=\"text-align: justify\">\n<hr \/>\n<p style=\"text-align: justify\">\n<p style=\"text-align: justify\">Le 29 novembre 1947, l\u2019assembl\u00e9e g\u00e9n\u00e9rale de l\u2019Onu \u00e0 New York, \u00ab recommande \u00bb, le partage de la Palestine encore sous mandat britannique, en deux Etats ind\u00e9pendants et h\u00e9t\u00e9rog\u00e8nes. La majorit\u00e9 des d\u00e9l\u00e9gu\u00e9s a ignor\u00e9 le refus du peuple palestinien. Cette d\u00e9cision fondamentale va ouvrir la voie \u00e0 la proclamation unilat\u00e9rale de l\u2019Etat d\u2019Isra\u00ebl par David Ben Gourion, le 15 mai suivant.<\/p>\n<p style=\"text-align: justify\">De nombreux Etats, (notamment la Belgique ou certains pays d\u2019Am\u00e9rique centrale) de tradition catholique votaient usuellement comme la France, protectrice des chr\u00e9tiens d\u2019Orient. Le vote de la \u00ab fille a\u00een\u00e9e de l\u2019Eglise \u00bb \u00e9tait donc attendu avec impatience ; il s\u2019av\u00e9ra d\u00e9terminant pour l\u2019avenir de la Palestine.<\/p>\n<p style=\"text-align: justify\">Comment interpr\u00e9ter la d\u00e9cision fran\u00e7aise dans une France encore taraud\u00e9e en 1945 par plus de 5 ann\u00e9es d\u2019un virulent antis\u00e9mitisme d\u2019Etat et o\u00f9, y compris pour de nombreux patriotes, les juifs constituent, au mieux, un peuple \u00e0 part devant \u00ab retourner chez lui \u00bb en Palestine, au pire, un corps \u00e9tranger ? Cette d\u00e9cision est \u00e9videmment \u00e0 chercher en dehors de tout sentiment de compassion \u00e0 l\u2019\u00e9gard des victimes du g\u00e9nocide commis par le nazisme. Si le fait qu\u2019en 1947 il reste dans les camps de personnes d\u00e9plac\u00e9es (D.P.) 250 000 juifs rescap\u00e9s des camps de la mort inqui\u00e8te au plus haut point les gouvernements europ\u00e9ens, ce n\u2019est pas en raison de leurs conditions de vie d\u00e9plorables mais par peur des troubles sociaux et politiques qu\u2019ils pourraient engendrer s\u2019ils \u00e9taient libres de leurs mouvements. Aussi, la seule question qui vaille aux yeux des gouvernements europ\u00e9ens est celle de trouver une terre d\u2019accueil pour ces personnes d\u00e9plac\u00e9es. Cette pr\u00e9occupation est d\u2019autant plus obs\u00e9dante que les Etats Unis leur ont ferm\u00e9 leurs portes.<\/p>\n<p style=\"text-align: justify\">C\u2019est dans ce contexte qu\u2019il faut interpr\u00e9ter le vote fran\u00e7ais en faveur de la cr\u00e9ation d\u2019un Etat juif. C\u2019est aussi dans celui d\u2019un empire colonial en d\u00e9clin.<\/p>\n<p style=\"text-align: justify\">A l\u2019ONU, lors du 1er tour de scrutin, la France, par la voix de son repr\u00e9sentant \u00e0 New York, Alexandre Parodi, et sur instruction expresse du ministre des Affaires \u00e9trang\u00e8res et ministre des colonies, Georges Bidault, s\u2019est prononc\u00e9e pour l\u2019abstention. Le ministre est alors tr\u00e8s inquiet des r\u00e9actions que la d\u00e9cision fran\u00e7aise pourrait entra\u00eener chez les musulmans d\u2019Afrique du Nord. Il craint surtout la possible relance d\u2019une agitation nationaliste end\u00e9mique qui, malgr\u00e9 la r\u00e9pression, ne faiblit pas. Une position de la France, \u00ab puissance musulmane \u00bb \u00ab trop en fl\u00e8che \u00bb sur le dossier palestinien, c\u2019est-\u00e0-dire en faveur du projet sioniste, ne risquerait-elle pas de raviver les braises des \u00ab \u00e9v\u00e9nements \u00bb de S\u00e9tif et Guelma en Alg\u00e9rie (1945) ou celles des troubles r\u00e9currents du Maroc interroge Bidault ? Face \u00e0 lui, des personnalit\u00e9s comme le ministre de l\u2019int\u00e9rieur socialiste Edouard Depreux, Daniel Mayer pr\u00e9sident de la ligue des droits de l\u2019Homme mais surtout L\u00e9on Blum, leader socialiste v\u00e9n\u00e9r\u00e9, ancien pr\u00e9sident du conseil et militant sioniste de longue date, sont partisans du partage. Afin de calmer l\u2019agitation nationaliste au Maghreb, il faut, pensent-ils, que soit \u00e9cras\u00e9e en Orient la toute nouvelle Ligue des Etats arabes. Celle-ci est devenue dans la vie politique fran\u00e7aise une obsession ; on la fantasme dot\u00e9e d\u2019une puissance qu\u2019elle n\u2019a pas ; on croit deviner son ombre derri\u00e8re le moindre mouvement de protestation indig\u00e8ne.<\/p>\n<p style=\"text-align: justify\">L\u2019Etat d\u2019Isra\u00ebl pour casser la r\u00e9sistance arabe<\/p>\n<p style=\"text-align: justify\">Les timides remontrances de la Ligue arabe \u00e0 l\u2019encontre de la violence coloniale en Afrique du Nord lui valent de faire l\u2019unanimit\u00e9 contre elle en France &#8211; du PCF \u00e0 la droite la plus anti communiste &#8211; et d\u2019\u00eatre qualifi\u00e9e par tous de \u00ab machine de guerre anti-fran\u00e7aise \u00bb. Contenir et mettre en \u00e9chec la Ligue arabe en Palestine, afin de faire pi\u00e8ce \u00e0 son action en Afrique du Nord, c\u2019est l\u00e0 tout le sens de la strat\u00e9gie que pr\u00e9conise L\u00e9on Blum. Dans la nuit du 28 au 29 novembre, r\u00e9veillant Vincent Auriol ( pr\u00e9sident de la R\u00e9publique) afin qu\u2019il fasse pression sur A.Parodi \u00e0 l\u2019ONU, il lance un vibrant appel o\u00f9 il lie les deux situations, Maghreb et Machrek : \u00ab Rien ne serait plus dommageable pour notre domaine d\u2019Afrique du Nord \u00bb dit-il, \u00ab qu\u2019une marque de d\u00e9bilit\u00e9 de notre part en Palestine. Il faut briser la r\u00e9sistance arabe \u00bb. Il est entendu. La France s\u2019exprime, au second tour, pour le partage entra\u00eenant dans son sillage plusieurs votes identiques. Compte tenu du rapport de force \u00e0 peu pr\u00e9s \u00e9gal avant cette d\u00e9cision, le vote fran\u00e7ais fit pencher la balance.<\/p>\n<p style=\"text-align: justify\">Le coup de fil de L\u00e9on Blum ne fut pas forc\u00e9ment d\u00e9cisif ; la d\u00e9cision de changer la position fran\u00e7aise et de contourner Bidault apr\u00e8s le 1er tour avait d\u00e9j\u00e0 \u00e9t\u00e9 prise. Mais cet appel au pr\u00e9sident n\u2019en apporte pas moins un \u00e9clairage remarquable sur l\u2019\u00e9tat d\u2019esprit qui fait alors consensus et sur les motivations de la d\u00e9cision fran\u00e7aise : la question coloniale. Donn\u00e9e fondamentale pour ce pays confront\u00e9 \u00e0 l\u2019effondrement de sa puissance d\u2019avant guerre et qui doit au m\u00eame moment faire face \u00e0 des r\u00e9voltes indig\u00e8nes de plus en plus fr\u00e9quentes : Indochine, Madagascar, Afrique du Nord.<\/p>\n<p style=\"text-align: justify\">En fait, une coalition h\u00e9t\u00e9roclite de partis, de mouvements et d\u2019individus s\u2019est mise en place, d\u00e9s 1946, apportant son soutien \u00e0 la cr\u00e9ation de l\u2019Etat d\u2019Isra\u00ebl. Un engouement d\u2019autant plus suspect qu\u2019il rassemble dans une m\u00eame ferveur vrais r\u00e9sistants et authentiques collaborateurs. Tous r\u00e9unis contre \u00ab les f\u00e9odaux arabes \u00bb. (A l\u2019exception notable de certains milieux chr\u00e9tiens, dont le remarquable hebdo \u00ab T\u00e9moignage chr\u00e9tien \u00bb : celui-ci sut exceller dans la d\u00e9fense du peuple palestinien de la m\u00eame fa\u00e7on qu\u2019il sut avec courage combattre l\u2019antis\u00e9mitisme de Vichy.) Les sionistes ont tr\u00e8s t\u00f4t re\u00e7u une aide politique et mat\u00e9rielle consid\u00e9rable. Ils ont pu installer leur logistique au su et au vu de la police fran\u00e7aise. Station de radio \u00e9mettant en direction de la Palestine, camps d\u2019entra\u00eenement \u00e0 l\u2019\u00e9migration et aux armes. Bases d\u2019embarquement vers la Palestine (le transport l\u2019Exodus partira en 1947 de Port de Bouc), d\u00e9p\u00f4ts d\u2019armes (dont beaucoup proviennent de stocks ayant appartenu \u00e0 la r\u00e9sistance y compris la r\u00e9sistance communiste des FTP ) et convoyage de celles ci vers la Palestine (\u00e0 partir d\u2019Ajaccio, entre autres, gr\u00e2ce \u00e0 Maurice Papon, pr\u00e9fet de Corse en 1947). Le sud de la France s\u2019est trouv\u00e9 rapidement transform\u00e9 en base arri\u00e8re de la guerre contre les Arabes de Palestine. En contrepartie, des accords furent conclus avec les sionistes qui s\u2019engageaient \u00e0 aider la France contre les men\u00e9es \u00ab anti-fran\u00e7aises \u00bb des nationalistes du Maghreb et des\u2026 Anglais.<\/p>\n<p style=\"text-align: justify\">Les intellectuels aux c\u00f4t\u00e9s d\u2019Isra\u00ebl<\/p>\n<p style=\"text-align: justify\">La tr\u00e8s grande majorit\u00e9 des intellectuels fran\u00e7ais, Jean Paul Sartre et Simone de Beauvoir en t\u00eate (ils militent tous deux dans un groupe sioniste extr\u00e9miste \u00ab le comit\u00e9 h\u00e9breu de lib\u00e9ration nationale \u00bb) mais aussi Albert Camus, (directeur de Combat), Jules Romain o\u00f9 Sacha Guitry (ayant quelques \u00ab faiblesses \u00bb Vichyssoises \u00e0 se faire pardonner ) s\u2019engagent aux c\u00f4t\u00e9s du mouvement sioniste. La fille du ministre socialiste de l\u2019int\u00e9rieur, E.Depreux, milite \u00e0 l\u2019Irgoun, un groupe terroriste dirig\u00e9 par Menahem Begin. Des \u00e9crivains comme Arthur Koestler ou Joseph Kessel partent aux c\u00f4t\u00e9s de la Haganah de Ben Gourion. Le 18 mai 1945, quelques jours apr\u00e8s la proclamation de l\u2019Etat d\u2019Isra\u00ebl, un meeting \u00ab \u00e9mouvant \u00bb regroupe au Vel\u2019 d\u2019Hiv\u2019 &#8211; terrible ironie de l\u2019Histoire &#8211; les partis communiste et socialiste qui ont fait taire pour l\u2019occasion tous leurs diff\u00e9rends. \u00ab Deux mille ans apr\u00e8s la perte de son ind\u00e9pendance nationale, l\u2019Etat juif est n\u00e9 \u00bb titre sans rire la presse communiste, pour qui cet Etat sera assur\u00e9ment un alli\u00e9 de l\u2019URSS dans la guerre froide. Dans le m\u00eame temps, l\u2019expulsion des deux tiers du peuple palestinien de ses villes et villages &#8211; d\u00e9s le 9 avril 1947 avec le massacre du village de Deir Yassin &#8211; ne rencontre que m\u00e9pris ou indiff\u00e9rence, hormis chez quelques rares intellectuels comme l\u2019islamologue Louis Massignon N\u2019est-il pas temps de revenir sur cette responsabilit\u00e9 fran\u00e7aise ?<\/p>\n<p style=\"text-align: justify\">\nYoussef Boussoumah<\/p>\n<p style=\"text-align: justify\">Source : http:\/\/indigenes-republique.org<\/p>\n","protected":false},"excerpt":{"rendered":"<p>Article de Youssef Boussoumah publi\u00e9 sur le site du Mouvement des Indig\u00e8nes de la R\u00e9publique le 15 mai 2008. La France est le pays qui porte la responsabilit\u00e9 de la partition de la Palestine et in fine de la cr\u00e9ation de l\u2019Etat coloniale d\u2019Isra\u00ebl. C\u2019est la th\u00e8se d\u00e9fendue par Youssef Boussoumah dans ce texte \u00e0 [&hellip;]<\/p>\n","protected":false},"author":2,"featured_media":1365,"comment_status":"closed","ping_status":"closed","sticky":false,"template":"","format":"standard","meta":{"footnotes":""},"categories":[10],"tags":[],"class_list":["post-1364","post","type-post","status-publish","format-standard","has-post-thumbnail","hentry","category-histoire-et-colonisation-de-la-palestine"],"views":2586,"_links":{"self":[{"href":"https:\/\/www.comiteactionpalestine.org\/word\/wp-json\/wp\/v2\/posts\/1364","targetHints":{"allow":["GET"]}}],"collection":[{"href":"https:\/\/www.comiteactionpalestine.org\/word\/wp-json\/wp\/v2\/posts"}],"about":[{"href":"https:\/\/www.comiteactionpalestine.org\/word\/wp-json\/wp\/v2\/types\/post"}],"author":[{"embeddable":true,"href":"https:\/\/www.comiteactionpalestine.org\/word\/wp-json\/wp\/v2\/users\/2"}],"replies":[{"embeddable":true,"href":"https:\/\/www.comiteactionpalestine.org\/word\/wp-json\/wp\/v2\/comments?post=1364"}],"version-history":[{"count":1,"href":"https:\/\/www.comiteactionpalestine.org\/word\/wp-json\/wp\/v2\/posts\/1364\/revisions"}],"predecessor-version":[{"id":1366,"href":"https:\/\/www.comiteactionpalestine.org\/word\/wp-json\/wp\/v2\/posts\/1364\/revisions\/1366"}],"wp:featuredmedia":[{"embeddable":true,"href":"https:\/\/www.comiteactionpalestine.org\/word\/wp-json\/wp\/v2\/media\/1365"}],"wp:attachment":[{"href":"https:\/\/www.comiteactionpalestine.org\/word\/wp-json\/wp\/v2\/media?parent=1364"}],"wp:term":[{"taxonomy":"category","embeddable":true,"href":"https:\/\/www.comiteactionpalestine.org\/word\/wp-json\/wp\/v2\/categories?post=1364"},{"taxonomy":"post_tag","embeddable":true,"href":"https:\/\/www.comiteactionpalestine.org\/word\/wp-json\/wp\/v2\/tags?post=1364"}],"curies":[{"name":"wp","href":"https:\/\/api.w.org\/{rel}","templated":true}]}}