{"id":1348,"date":"2009-11-29T21:39:58","date_gmt":"2009-11-29T20:39:58","guid":{"rendered":"http:\/\/www.comiteactionpalestine.org\/word\/?p=1348"},"modified":"2021-02-17T10:26:40","modified_gmt":"2021-02-17T09:26:40","slug":"nitsirit-ilit-une-colonie-pretendument-legale","status":"publish","type":"post","link":"https:\/\/www.comiteactionpalestine.org\/word\/nitsirit-ilit-une-colonie-pretendument-legale\/","title":{"rendered":"Nitsirit Ilit, une colonie pr\u00e9tendument l\u00e9gale"},"content":{"rendered":"<div class=\"pdfprnt-buttons pdfprnt-buttons-post pdfprnt-top-right\"><a href=\"https:\/\/www.comiteactionpalestine.org\/word\/wp-json\/wp\/v2\/posts\/1348?print=pdf\" class=\"pdfprnt-button pdfprnt-button-pdf\" target=\"_blank\"><img decoding=\"async\" src=\"http:\/\/www.comiteactionpalestine.org\/word\/wp-content\/plugins\/pdf-print\/images\/pdf.png\" alt=\"image_pdf\" title=\"Afficher le PDF\" \/><\/a><a href=\"https:\/\/www.comiteactionpalestine.org\/word\/wp-json\/wp\/v2\/posts\/1348?print=print\" class=\"pdfprnt-button pdfprnt-button-print\" target=\"_blank\"><img decoding=\"async\" src=\"http:\/\/www.comiteactionpalestine.org\/word\/wp-content\/plugins\/pdf-print\/images\/print.png\" alt=\"image_print\" title=\"Contenu imprim\u00e9\" \/><\/a><\/div><p style=\"color: #0d0d0d;text-align: justify\" align=\"justify\">Article de&nbsp;<strong>Ameer Makhoul<\/strong>, directeur g\u00e9n\u00e9ral d\u2019Ittijah et pr\u00e9sident de la commission des libert\u00e9s (Palestine 48) du&nbsp;<strong>11 novembre 2009<\/strong>.<\/p>\n<p style=\"color: #0d0d0d;text-align: justify\" align=\"justify\">En se basant sur l\u2019exemple de Nitsirit Ilit, une colonie juive \u00e9tablie en Palestine de 48 et dont la municipalit\u00e9 d\u00e9veloppe actuellement des mesures racistes pour contrer l\u2019accroissement de la population palestinienne, Ameer Makhoul, directeur de Ittijah, collectif d\u2019ONG palestiniennes en Palestine de 48, analyse la nature coloniale et raciste du projet sioniste de ses d\u00e9buts jusqu\u2019\u00e0 aujourd\u2019hui. Il rappelle notamment qu\u2019il n\u2019y a aucune diff\u00e9rence entre les colonies \u00e9tablies initialement en Palestine de 48 et celles qui sont construites aujourd\u2019hui en Cisjordanie. \u00ab&nbsp;<em>Chaque m\u00e8tre carr\u00e9 de leurs terres<\/em>&nbsp;[celles des colonies]<em>&nbsp;est une terre arabe palestinienne confisqu\u00e9e et vol\u00e9e par Isra\u00ebl<\/em>&nbsp;\u00bb \u00e9crit-il.<\/p>\n<p style=\"color: #0d0d0d;text-align: justify\" align=\"justify\">Dans ce projet colonial, le racisme est partout, il anime aussi bien la soci\u00e9t\u00e9 juive que le r\u00e9gime isra\u00e9lien. Mais comme l\u2019illustre Nitsirit, ce projet est en crise. La perte des illusions envers le r\u00e9gime isra\u00e9lien et la l\u00e9gitimit\u00e9 de leur pr\u00e9sence rendent les masses palestiniennes dans les territoires de 48 plus fortes que jamais.<\/p>\n<p style=\"color: #0d0d0d;text-align: justify\" align=\"justify\">Pour relever le d\u00e9fi, Ameer Makhoul insiste sur l\u2019unit\u00e9, tant \u00e0 l\u2019int\u00e9rieur des territoires de 48 qu\u2019avec l\u2019ensemble des composantes de la nation palestinienne. Pour lui, il est primordial de sortir du cadre de la lutte pour la citoyennet\u00e9 pour contribuer \u00e0 l\u2019\u00e9laboration du projet de lib\u00e9ration de toute la Palestine.<\/p>\n<hr>\n<p style=\"color: #0d0d0d;text-align: justify\" align=\"justify\">\n<p style=\"text-align: justify\" align=\"justify\">Le 10 novembre 2009, Shimon Gafso, pr\u00e9sident de la municipalit\u00e9 de Nitsirit Ilit a annonc\u00e9 son plan de re-juda\u00efsation de la ville, suite \u00e0 l\u2019accroissement manifeste de la pr\u00e9sence arabe (plus du quart de la population), au moment o\u00f9 les juifs, et notamment les jeunes, refusent de plus en plus d\u2019y vivre.<\/p>\n<p style=\"text-align: justify\" align=\"justify\">Les axes de son plan se compl\u00e8tent, l\u2019un garantit une immigration \u00ab qualitative \u00bb des juifs, et le second constitue un message clair aux Arabes de la ville, qui y ont immigr\u00e9, individuellement, \u00e0 la recherche d\u2019une solution individuelle \u00e0 la crise du logement ou du travail qu\u2019ils rencontrent dans les villes arabes de la r\u00e9gion. Il leur a propos\u00e9 \u00e0 rechercher \u00ab une autre maison \u00bb, selon l\u2019expression du site NRG (ou GRN).<\/p>\n<p style=\"text-align: justify\" align=\"justify\">L\u2019ex\u00e9cution pratique du plan consiste \u00e0 faire venir les colons de Gosh Qtayf, des anciennes colonies de Gaza, la construction du projet \u00ab Har Yona 3 \u00bb, qui est une ville des religieux (Haridim) et la construction d\u2019un centre spirituel juif r\u00e9gional, et faire venir des groupes appel\u00e9s \u00ab les noyaux durs sionistes \u00bb qui sont des militaires religieux nationalistes, \u00e0 partir des blocs de colonisation et des \u00e9coles religieuses militaires, qui ont assur\u00e9 la formation des terroristes juifs.<\/p>\n<p style=\"text-align: justify\" align=\"justify\">Ces groupes enr\u00f4l\u00e9s sont des groupes para-militaires qu\u2019ils avaient d\u00e9j\u00e0 amen\u00e9s et install\u00e9s \u00e0 Akka, dans le cadre du plan de \u00ab d\u00e9veloppement \u00bb (juda\u00efsation) du Naqab et de la Galil\u00e9e \u00bb que Sharon avait pr\u00e9sid\u00e9 et qui faisait partie du plan de d\u00e9sengagement avec Gaza, en 2005. De m\u00eame, le plan de Gafso inclut l\u2019invasion de la ville par des banni\u00e8res et symboles juifs et sionistes.<\/p>\n<p style=\"text-align: justify\" align=\"justify\">En r\u00e9alit\u00e9, Gafso menace la pr\u00e9sence arabe dans \u00ab Nitsirit Ilit \u00bb \u00e0 la mani\u00e8re de Akka \u00e0 l\u2019automne 2008, lorsque les groupes juifs racistes ont attaqu\u00e9 la pr\u00e9sence arabe dans la ville, et lorsque le racisme de la rue s\u2019est abrit\u00e9 derri\u00e8re le racisme du r\u00e9gime isra\u00e9lien, dans un partage de r\u00f4le assum\u00e9.<\/p>\n<p style=\"text-align: justify\" align=\"justify\">En r\u00e9alit\u00e9, Shimon Gafso n\u2019apporte rien de nouveau, sinon secouer les illusions, car il nous ram\u00e8ne aux racines du projet sioniste, aux ann\u00e9es 50 du si\u00e8cle dernier lorsque Nitsirit Ilit a \u00e9t\u00e9 construit, en tant que r\u00eave colonial et raciste de Ben Gourion, tout comme Gafso n\u2019est pas \u00ab meilleur \u00bb dans l\u2019application et l\u2019ex\u00e9cution de ce projet que le collaborateur de Ben Gourion, Shimon P\u00e9r\u00e8s.<\/p>\n<p style=\"text-align: justify\" align=\"justify\">Le r\u00eave de Ben Gourion parlait de \u00ab la fondation d\u2019une ville juive au c\u0153ur de la Galil\u00e9e, pour d\u00e9manteler la continuit\u00e9 g\u00e9ographique et d\u00e9mographique arabe dans la r\u00e9gion \u00bb. Il fait partie du vaste projet sioniste colonial et colonialiste bas\u00e9 sur le nettoyage ethnique.<\/p>\n<p style=\"text-align: justify\" align=\"justify\">De m\u00eame, le but de Nitsirit Ilit, de sa fondation comme de son extension, est un but colonial et colonialiste qui ne diff\u00e8re en rien au texte ou \u00e0 l\u2019essence des colonies isra\u00e9liennes en Cisjordanie et dans al-Quds, apr\u00e8s leur occupation en 1967 jusqu\u2019\u00e0 aujourd\u2019hui. Si nous comparons entre les objectifs de Nitsirit Ilit, de Maale Adomim, de Gosh Atsion, de Hereel ou Karmael, nous trouvons qu\u2019il s\u2019agit du m\u00eame objectif, la d\u00e9cision de les construire est la m\u00eame, leur planification rel\u00e8ve du m\u00eame esprit et m\u00eame la loi sur laquelle leur construction est bas\u00e9e est la m\u00eame.<\/p>\n<p style=\"text-align: justify\" align=\"justify\">Si nous comparons entre la mani\u00e8re dont Shimon P\u00e9r\u00e8s a agi dans la construction de Nitsirit Ilit en 1956 et entre la construction des colonies en Cisjordanie, chaque m\u00e8tre carr\u00e9 de leurs terres est une terre arabe palestinienne confisqu\u00e9e et vol\u00e9e par Isra\u00ebl, l\u2019ann\u00e9e de la Nakba et du nettoyage ethnique en 1948, ou bien confisqu\u00e9e en s\u2019appuyant sur la loi de d\u00e9racinement colonial qui s\u00e9vit de 1948 \u00e0 aujourd\u2019hui, en vue de changer sa nature d\u00e9mographique et juda\u00efser la patrie palestinienne.<\/p>\n<p style=\"text-align: justify\" align=\"justify\">Le plan de Gafso et toute l\u2019existence de Nitsirit Ilit refl\u00e8tent l\u2019essence de la pr\u00e9sence isra\u00e9lienne, en tant que pr\u00e9sence coloniale. Mais c\u2019est un projet en crise, et l\u2019exacerbation de sa crise d\u00e9voile son essence. Isra\u00ebl a toujours essay\u00e9 de cacher cette essence dans une tentative d\u2019acqu\u00e9rir une l\u00e9gitimit\u00e9. Mais la force des masses de notre peuple palestinien, leur capacit\u00e9 de lutte, leur pr\u00e9sence de plus en plus massive \u00e0 arborer leur identit\u00e9 nationale, une identit\u00e9 s\u00fbre de son droit et de sa patrie, et en tant que propri\u00e9taire du pays, tout cela a mis le r\u00e9gime isra\u00e9lien dans son ensemble dans une situation de r\u00e9action. C\u2019est un changement strat\u00e9gique que nous avons aper\u00e7u dans les r\u00e9centes lois racistes, dans la campagne de vengeance au cours et apr\u00e8s le soul\u00e8vement de la col\u00e8re et de la protestation en Palestine 48 contre les crimes isra\u00e9liens \u00e0 Gaza, et avant, contre l\u2019agression isra\u00e9lienne sur le Liban en 2006 et dans toute la politique des poursuites politiques terrorisantes.<\/p>\n<p style=\"text-align: justify\" align=\"justify\">Ce changement est accompagn\u00e9 d\u2019une autre donn\u00e9e, la chute des illusions dans les milieux de notre peuple envers le r\u00e9gime isra\u00e9lien et la certitude de plus en plus que l\u2019institution religieuse, juridique, acad\u00e9mique, s\u00e9curitaire et de la planification participe dans son ensemble \u00e0 ce crime historique qui n\u2019a pas cess\u00e9 depuis la Nakba, cherchant \u00e0 voler et \u00e0 juda\u00efser ce qui reste encore.<\/p>\n<p style=\"text-align: justify\" align=\"justify\">Le plan du pr\u00e9sident de la municipalit\u00e9 de Nitsirit Ilit refl\u00e8te, que nous le voulons ou non, l\u2019aspect sanguinaire de la politique et du r\u00e9gime en Isra\u00ebl, ainsi que l\u2019\u00e9tat d\u2019affrontement impos\u00e9 aux masses de notre peuple \u00e0 l\u2019int\u00e9rieur. La bataille de la pr\u00e9sence l\u00e9gitime nous est impos\u00e9e, et nous ne pouvons l\u2019ignorer. Dans cette bataille de la l\u00e9gitimit\u00e9, nous sommes les plus forts, et non le r\u00e9gime colonial et raciste et ses manifestations \u00e0 Nitsirit Ilit, Kiriat Arbaa et Maale Adomim.<\/p>\n<p style=\"text-align: justify\" align=\"justify\">La nature du d\u00e9fi exige de maintenir \u00e9lev\u00e9e notre disposition \u00e0 la lutte dans l\u2019unit\u00e9, la construction de nos directions locales et l\u2019accumulation de nos acquis, et il exige en m\u00eame temps, que nos masses \u00e0 l\u2019int\u00e9rieur agissent en tant que partie int\u00e9grante de la cause palestinienne, et non limiter leur r\u00f4le au cadre de la citoyennet\u00e9, d\u2019agir avec elles-m\u00eames en tant que propri\u00e9taires du droit et avec responsabilit\u00e9 dans l\u2019\u00e9laboration du large projet palestinien de lib\u00e9ration et l\u2019\u00e9dification de sa direction.<\/p>\n<p style=\"text-align: justify\" align=\"justify\">Le plan de la municipalit\u00e9 de Nitsirit Ilit, qui n\u2019est en rien diff\u00e9rente de tout autre pouvoir municipal ou central, confirme \u00e9galement que le mouvement de lutte contre la normalisation arabe et r\u00e9gionale et le mouvement international de boycott d\u2019Isra\u00ebl sont des outils qui doivent \u00eatre amplifi\u00e9s, tout en agissant pour briser le blocus structurel contre notre peuple, dont la source n\u2019est que l\u2019essence d\u2019Isra\u00ebl lui-m\u00eame.<\/p>\n<p style=\"text-align: justify\" align=\"right\"><strong>Ameer Makhoul<\/strong><\/p>\n<p style=\"text-align: justify\" align=\"justify\"><span style=\"text-decoration: underline\">Traduction<\/span>&nbsp;: CIREPAL (Centre d\u2019Information sur la R\u00e9sistance en Palestine)<\/p>\n","protected":false},"excerpt":{"rendered":"<p>Article de&nbsp;Ameer Makhoul, directeur g\u00e9n\u00e9ral d\u2019Ittijah et pr\u00e9sident de la commission des libert\u00e9s (Palestine 48) du&nbsp;11 novembre 2009. En se basant sur l\u2019exemple de Nitsirit Ilit, une colonie juive \u00e9tablie en Palestine de 48 et dont la municipalit\u00e9 d\u00e9veloppe actuellement des mesures racistes pour contrer l\u2019accroissement de la population palestinienne, Ameer Makhoul, directeur de Ittijah, [&hellip;]<\/p>\n","protected":false},"author":2,"featured_media":0,"comment_status":"closed","ping_status":"closed","sticky":false,"template":"","format":"standard","meta":{"footnotes":""},"categories":[10],"tags":[],"class_list":["post-1348","post","type-post","status-publish","format-standard","hentry","category-histoire-et-colonisation-de-la-palestine"],"views":2396,"_links":{"self":[{"href":"https:\/\/www.comiteactionpalestine.org\/word\/wp-json\/wp\/v2\/posts\/1348","targetHints":{"allow":["GET"]}}],"collection":[{"href":"https:\/\/www.comiteactionpalestine.org\/word\/wp-json\/wp\/v2\/posts"}],"about":[{"href":"https:\/\/www.comiteactionpalestine.org\/word\/wp-json\/wp\/v2\/types\/post"}],"author":[{"embeddable":true,"href":"https:\/\/www.comiteactionpalestine.org\/word\/wp-json\/wp\/v2\/users\/2"}],"replies":[{"embeddable":true,"href":"https:\/\/www.comiteactionpalestine.org\/word\/wp-json\/wp\/v2\/comments?post=1348"}],"version-history":[{"count":2,"href":"https:\/\/www.comiteactionpalestine.org\/word\/wp-json\/wp\/v2\/posts\/1348\/revisions"}],"predecessor-version":[{"id":3322,"href":"https:\/\/www.comiteactionpalestine.org\/word\/wp-json\/wp\/v2\/posts\/1348\/revisions\/3322"}],"wp:attachment":[{"href":"https:\/\/www.comiteactionpalestine.org\/word\/wp-json\/wp\/v2\/media?parent=1348"}],"wp:term":[{"taxonomy":"category","embeddable":true,"href":"https:\/\/www.comiteactionpalestine.org\/word\/wp-json\/wp\/v2\/categories?post=1348"},{"taxonomy":"post_tag","embeddable":true,"href":"https:\/\/www.comiteactionpalestine.org\/word\/wp-json\/wp\/v2\/tags?post=1348"}],"curies":[{"name":"wp","href":"https:\/\/api.w.org\/{rel}","templated":true}]}}