{"id":1337,"date":"2011-09-16T20:13:27","date_gmt":"2011-09-16T19:13:27","guid":{"rendered":"http:\/\/www.comiteactionpalestine.org\/word\/?p=1337"},"modified":"2014-04-19T20:18:56","modified_gmt":"2014-04-19T19:18:56","slug":"les-droits-des-palestiniens-ne-sont-pas-negociables","status":"publish","type":"post","link":"https:\/\/www.comiteactionpalestine.org\/word\/les-droits-des-palestiniens-ne-sont-pas-negociables\/","title":{"rendered":"Les droits des Palestiniens ne sont pas n\u00e9gociables"},"content":{"rendered":"<div class=\"pdfprnt-buttons pdfprnt-buttons-post pdfprnt-top-right\"><a href=\"https:\/\/www.comiteactionpalestine.org\/word\/wp-json\/wp\/v2\/posts\/1337?print=pdf\" class=\"pdfprnt-button pdfprnt-button-pdf\" target=\"_blank\"><img decoding=\"async\" src=\"http:\/\/www.comiteactionpalestine.org\/word\/wp-content\/plugins\/pdf-print\/images\/pdf.png\" alt=\"image_pdf\" title=\"Afficher le PDF\" \/><\/a><a href=\"https:\/\/www.comiteactionpalestine.org\/word\/wp-json\/wp\/v2\/posts\/1337?print=print\" class=\"pdfprnt-button pdfprnt-button-print\" target=\"_blank\"><img decoding=\"async\" src=\"http:\/\/www.comiteactionpalestine.org\/word\/wp-content\/plugins\/pdf-print\/images\/print.png\" alt=\"image_print\" title=\"Contenu imprim\u00e9\" \/><\/a><\/div><p style=\"text-align: justify\"><strong style=\"color: #0d0d0d\">L\u2019histoire de l\u2019entit\u00e9 coloniale nomm\u00e9e Isra\u00ebl n\u2019a \u00e9t\u00e9 qu\u2019une longue et sombre histoire de guerres, de massacres et de spoliation\u00a0<\/strong><span style=\"color: #0d0d0d\">. Du 15 septembre au 18 septembre 1982, les habitants palestiniens et libanais des camps de r\u00e9fugi\u00e9s de\u00a0<\/span><strong style=\"color: #0d0d0d\">Sabra et Chatila<\/strong><span style=\"color: #0d0d0d\">\u00a0dans la partie occidentale de Beyrouth sont encercl\u00e9s et m\u00e9thodiquement massacr\u00e9s par l\u2019arm\u00e9e isra\u00e9lienne sous commandement d\u2019Ariel Sharon et les milices chr\u00e9tiennes libanaises. On parle alors de 3000 victimes mais les chiffres, faute d\u2019enqu\u00eate ind\u00e9pendante, apparaissent tr\u00e8s en de\u00e7\u00e0 de la r\u00e9alit\u00e9. Comme \u00e0 leur habitude, les sionistes couvrent l\u2019histoire de leur voile de mensonges. L\u2019intervention dans les camps de Sabra et Chatila aurait eu pour objectif de d\u00e9manteler les structures op\u00e9rationnelles de L\u2019OLP. Mais d\u00e8s le 1<\/span><sup style=\"color: #0d0d0d\">er<\/sup><span style=\"color: #0d0d0d\">\u00a0septembre 1982, les 11 000 combattants de l\u2019OLP avaient quitt\u00e9 Beyrouth. L\u2019objectif inavou\u00e9, av\u00e9r\u00e9, du bain de sang pr\u00e9m\u00e9dit\u00e9 et perp\u00e9tr\u00e9 par les sionistes et les phalangistes est de terroriser les r\u00e9fugi\u00e9s palestiniens pour les \u00e9loigner davantage de la terre de Palestine, pour emp\u00eacher tout retour r\u00e9el dans leur patrie et faire du droit au retour un droit totalement illusoire.<\/span><\/p>\n<hr \/>\n<p style=\"text-align: justify\">\n<p style=\"text-align: justify\">Sabra et Chatila n\u2019est malheureusement qu\u2019un \u00e9pisode dans le plan sioniste d\u2019annexion et de juda\u00efsation de toute la Palestine. L\u2019\u00e8re des massacres commence d\u00e8s la cr\u00e9ation de l&rsquo;Etat d&rsquo;Isra\u00ebl . Pour ne citer que les plus importants, il y eut celui de Deir Yassine (1948), de Qibia (1954), de Jenine (2002) ou de Gaza (2009). L\u2019Etat d\u2019Isra\u00ebl a \u00e9t\u00e9 \u00e9difi\u00e9 sur la Nakba ou \u00ab grande catastrophe \u00bb pour les Palestiniens : 500 villages furent ras\u00e9s de la carte, les terres expropri\u00e9es et 800000 Palestiniens forc\u00e9s \u00e0 l\u2019exil. Le massacre de Deir Yassine, au cours duquel p\u00e9rirent 254 personnes, s\u2019inscrit ainsi dans la logique sioniste de purification ethnique : il a pr\u00e9cipit\u00e9 le d\u00e9part des populations palestiniennes vers l\u2019exil. Aujourd\u2019hui, les r\u00e9fugi\u00e9s palestiniens, au nombre de 6 millions, attendent toujours l\u2019application de la r\u00e9solution 194 de l\u2019ONU sur le droit au retour vot\u00e9 en 1948 !<\/p>\n<p style=\"text-align: justify\">Mais au grand d\u00e9sespoir des dirigeants sionistes, la situation politique a radicalement chang\u00e9 et les co\u00fbts des massacres surpassent aujourd\u2019hui les b\u00e9n\u00e9fices politiques qu\u2019ils peuvent en retirer. Parce que la r\u00e9sistance populaire est plus forte, l\u2019exil massif des Palestiniens n\u2019est plus une option envisageable pour les sionistes. Malgr\u00e9 le d\u00e9luge de feu qui s\u2019est abattu sur Gaza en d\u00e9cembre 2008 et janvier 2009 faisant plus de 1500 morts et 5000 bless\u00e9s, Gaza n\u2019est pas tomb\u00e9e, Gaza est rest\u00e9e libre. Malgr\u00e9 la tuerie, \u00ab Isra\u00ebl \u00bb a connu la d\u00e9faite sur le plan militaire et sur le plan politique. Au niveau militaire, l\u2019arm\u00e9e d\u2019occupation n\u2019a atteint aucun de ses objectifs strat\u00e9giques, en particulier le d\u00e9mant\u00e8lement du Hamas. Apr\u00e8s la d\u00e9faite au Liban en juillet 2006, c\u2019est un nouveau coup tr\u00e8s dur que vient d\u2019encaisser cette arm\u00e9e \u00ab isra\u00e9lienne \u00bb qui, il n\u2019y a pas si longtemps encore, se pr\u00e9tendait invincible. Au niveau politique, l\u2019attaque de Gaza a \u00e9t\u00e9 tout aussi contre-productive : elle renforc\u00e9 la mobilisation pro-palestinienne \u00e0 travers le monde et a remis fortement en question la l\u00e9gitimit\u00e9 de l\u2019Etat sioniste \u00e0 travers le monde.<\/p>\n<p style=\"text-align: justify\">L\u2019ann\u00e9e 2011 a \u00e9t\u00e9 marqu\u00e9e par des changements politiques au Moyen-Orient, accentuant l\u2019isolement et l\u2019affaiblissement de l\u2019entit\u00e9 sioniste\u2026En Egypte, le mouvement populaire est clairement antisioniste et exige l\u2019arr\u00eat de toute collaboration avec \u00ab Isra\u00ebl \u00bb. De son c\u00f4t\u00e9, la Turquie semble remettre en question les relations anciennes avec cet Etat en annon\u00e7ant l\u2019arr\u00eat de sa coop\u00e9ration \u00e9conomique et militaire. Le peuple jordanien appelle lui aussi \u00e0 rompre tout lien avec l\u2019entit\u00e9 sioniste.<\/p>\n<p style=\"text-align: justify\">Face \u00e0 ces mouvements populaires arabes, qui contestent la domination imp\u00e9rialiste et sioniste, les puissances occidentales n\u2019ont pas h\u00e9sit\u00e9 \u00e0 profiter de l\u2019\u00e9lan r\u00e9volutionnaire dans le monde arabe pour fomenter un coup d\u2019Etat en Libye : l\u2019enjeu est de mettre en place un r\u00e9gime aux ordres et de faire main basse sur le p\u00e9trole. La Syrie subit aujourd\u2019hui cet interventionnisme occidental, alors que l\u2019Alg\u00e9rie et l\u2019Iran ont \u00e9t\u00e9 menac\u00e9s de vivre le m\u00eame sort\u2026Le plan non avou\u00e9 de l\u2019Occident est de faire chuter les r\u00e9gimes contestant sa domination et de contrer les r\u00e9volutions populaires dans le monde arabe et musulman. L\u2019objectif primordial est de maintenir par tous les moyens la survie de l\u2019entit\u00e9 sioniste et garantir ainsi ses int\u00e9r\u00eats \u00e9conomiques dans le monde arabe. Cette politique tous azimuts de l\u2019occident est bien le signe de l\u2019essoufflement de sa domination dans cette r\u00e9gion du monde ; ce que semblent montrer les \u00e9checs en Palestine, au Liban, en Irak, en Afghanistan et bient\u00f4t en Libye.<\/p>\n<p style=\"text-align: justify\">En Palestine, ce nouveau contexte politique dans le monde arabe a pouss\u00e9 l\u2019 \u00ab Autorit\u00e9 palestinienne \u00bb \u00e0 changer de tactique. Elle a d\u2019abord fait croire \u00e0 la mise en \u0153uvre d\u2019un processus de r\u00e9conciliation avec le Hamas et les autres factions attach\u00e9es \u00e0 la r\u00e9sistance. Mais ce processus n\u2019est pas all\u00e9 plus loin que les beaux discours. La coop\u00e9ration s\u00e9curitaire avec l\u2019arm\u00e9e occupante n\u2019a jamais cess\u00e9. Les arrestations et les assassinats de responsables de la r\u00e9sistance sont toujours aussi nombreux. Gaza est toujours sous blocus contrairement aux annonces faites par les nouvelles autorit\u00e9s \u00e9gyptiennes. La derni\u00e8re trouvaille insens\u00e9e de l\u2019Autorit\u00e9 est de faire reconna\u00eetre par l\u2019ONU un Etat palestinien sur les fronti\u00e8res de 67. Une telle reconnaissance signerait l\u2019acte de capitulation du peuple palestinien. Ce dernier perdrait alors officiellement tous les droits pour lesquels il s\u2019est battu jusqu\u2019alors : autod\u00e9termination, retour des r\u00e9fugi\u00e9s dans leurs foyers. Dans ce contexte, la r\u00e9sistance sous toutes ces formes est toujours active : op\u00e9rations militaires, manifestations de masse en Palestine de 48 et aux fronti\u00e8res de l\u2019entit\u00e9 occupante au moment de l\u2019anniversaire de la Naqba et de la Naksa. Quelles que soient les menaces de l\u2019occupant et les initiatives des dirigeants de l\u2019Autorit\u00e9, les Palestiniens n\u2019abandonneront jamais leurs droits.<\/p>\n<p style=\"text-align: justify\">En Palestine occup\u00e9e, le peuple Palestinien est toujours debout, uni et r\u00e9sistant depuis plus de soixante ans contre l\u2019infernale machine de guerre coloniale isra\u00e9lienne. Il nous indique la voie \u00e0 suivre. Nous, membres du CAP, nous sommes \u00e0 ses c\u00f4t\u00e9s sur ce chemin pour r\u00e9affirmer que la Palestine est arabe, et soutenir sa lutte jusqu\u2019\u00e0 la victoire de la r\u00e9sistance et la satisfaction des revendications l\u00e9gitimes :<\/p>\n<p style=\"text-align: justify\">* La condamnation du sionisme comme mouvement politique colonialiste et raciste.<\/p>\n<p style=\"text-align: justify\">* Le soutien inconditionnel \u00e0 la r\u00e9sistance du peuple palestinien et \u00e0 son combat pour son autod\u00e9termination et son ind\u00e9pendance nationale.<\/p>\n<p style=\"text-align: justify\">* La reconnaissance du droit inali\u00e9nable au retour de tous les r\u00e9fugi\u00e9s chez eux.<\/p>\n<p style=\"text-align: justify\">* La lib\u00e9ration de tous les r\u00e9sistants emprisonn\u00e9s.<\/p>\n<p style=\"text-align: justify\">Comit\u00e9 Action Palestine<\/p>\n","protected":false},"excerpt":{"rendered":"<p>L\u2019histoire de l\u2019entit\u00e9 coloniale nomm\u00e9e Isra\u00ebl n\u2019a \u00e9t\u00e9 qu\u2019une longue et sombre histoire de guerres, de massacres et de spoliation\u00a0. Du 15 septembre au 18 septembre 1982, les habitants palestiniens et libanais des camps de r\u00e9fugi\u00e9s de\u00a0Sabra et Chatila\u00a0dans la partie occidentale de Beyrouth sont encercl\u00e9s et m\u00e9thodiquement massacr\u00e9s par l\u2019arm\u00e9e isra\u00e9lienne sous commandement d\u2019Ariel [&hellip;]<\/p>\n","protected":false},"author":2,"featured_media":1338,"comment_status":"closed","ping_status":"closed","sticky":false,"template":"","format":"standard","meta":{"footnotes":""},"categories":[10],"tags":[],"class_list":["post-1337","post","type-post","status-publish","format-standard","has-post-thumbnail","hentry","category-histoire-et-colonisation-de-la-palestine"],"views":2324,"_links":{"self":[{"href":"https:\/\/www.comiteactionpalestine.org\/word\/wp-json\/wp\/v2\/posts\/1337","targetHints":{"allow":["GET"]}}],"collection":[{"href":"https:\/\/www.comiteactionpalestine.org\/word\/wp-json\/wp\/v2\/posts"}],"about":[{"href":"https:\/\/www.comiteactionpalestine.org\/word\/wp-json\/wp\/v2\/types\/post"}],"author":[{"embeddable":true,"href":"https:\/\/www.comiteactionpalestine.org\/word\/wp-json\/wp\/v2\/users\/2"}],"replies":[{"embeddable":true,"href":"https:\/\/www.comiteactionpalestine.org\/word\/wp-json\/wp\/v2\/comments?post=1337"}],"version-history":[{"count":1,"href":"https:\/\/www.comiteactionpalestine.org\/word\/wp-json\/wp\/v2\/posts\/1337\/revisions"}],"predecessor-version":[{"id":1339,"href":"https:\/\/www.comiteactionpalestine.org\/word\/wp-json\/wp\/v2\/posts\/1337\/revisions\/1339"}],"wp:featuredmedia":[{"embeddable":true,"href":"https:\/\/www.comiteactionpalestine.org\/word\/wp-json\/wp\/v2\/media\/1338"}],"wp:attachment":[{"href":"https:\/\/www.comiteactionpalestine.org\/word\/wp-json\/wp\/v2\/media?parent=1337"}],"wp:term":[{"taxonomy":"category","embeddable":true,"href":"https:\/\/www.comiteactionpalestine.org\/word\/wp-json\/wp\/v2\/categories?post=1337"},{"taxonomy":"post_tag","embeddable":true,"href":"https:\/\/www.comiteactionpalestine.org\/word\/wp-json\/wp\/v2\/tags?post=1337"}],"curies":[{"name":"wp","href":"https:\/\/api.w.org\/{rel}","templated":true}]}}