{"id":1268,"date":"2013-04-30T22:00:00","date_gmt":"2013-04-30T21:00:00","guid":{"rendered":"http:\/\/www.comiteactionpalestine.org\/word\/?p=1268"},"modified":"2014-04-18T22:00:26","modified_gmt":"2014-04-18T21:00:26","slug":"du-deni-dexistence-au-projet-depuration-ethnique","status":"publish","type":"post","link":"https:\/\/www.comiteactionpalestine.org\/word\/du-deni-dexistence-au-projet-depuration-ethnique\/","title":{"rendered":"Du d\u00e9ni d\u2019existence au projet d\u2019\u00e9puration ethnique"},"content":{"rendered":"<div class=\"pdfprnt-buttons pdfprnt-buttons-post pdfprnt-top-right\"><a href=\"https:\/\/www.comiteactionpalestine.org\/word\/wp-json\/wp\/v2\/posts\/1268?print=pdf\" class=\"pdfprnt-button pdfprnt-button-pdf\" target=\"_blank\"><img decoding=\"async\" src=\"http:\/\/www.comiteactionpalestine.org\/word\/wp-content\/plugins\/pdf-print\/images\/pdf.png\" alt=\"image_pdf\" title=\"Afficher le PDF\" \/><\/a><a href=\"https:\/\/www.comiteactionpalestine.org\/word\/wp-json\/wp\/v2\/posts\/1268?print=print\" class=\"pdfprnt-button pdfprnt-button-print\" target=\"_blank\"><img decoding=\"async\" src=\"http:\/\/www.comiteactionpalestine.org\/word\/wp-content\/plugins\/pdf-print\/images\/print.png\" alt=\"image_print\" title=\"Contenu imprim\u00e9\" \/><\/a><\/div><p style=\"text-align: justify\">Le Comit\u00e9 Action Palestine \u00e9dite chaque ann\u00e9e un calendrier\u00a0rassemblant articles et photos sur un th\u00e8me particulier ; il a \u00e9t\u00e9 consacr\u00e9 en 2013 \u00e0 \u00ab\u00a0La Palestine arabe\u00a0\u00bb. Nous publierons\u00a0mois apr\u00e8s mois les articles de ce calendrier. Le premier texte traite :\u00a0\u00bb\u00a0Du d\u00e9ni d\u2019existence de la Palestine au projet d\u2019\u00e9puration ethnique\u00a0\u00bb.<\/p>\n<p style=\"text-align: justify\">\u00ab\u00a0<em>La grande victoire du sionisme, c\u2019est d\u2019avoir transform\u00e9 le \u2018probl\u00e8me juif\u2019 en \u2018question arabe\u2019<\/em>\u00a0\u00bb (Ben Gourion)<\/p>\n<p style=\"text-align: justify\">N\u00e9 au XIX\u00e8me si\u00e8cle en Europe centrale, le sionisme a d\u2019abord \u00e9t\u00e9 la r\u00e9action nationaliste d\u2019une petite-bourgeoisie juive en butte \u00e0 l\u2019antis\u00e9mitisme engendr\u00e9 par un capitalisme en crise. Longtemps priv\u00e9 de moyens \u00e9conomiques cons\u00e9quents et de structuration politique, il va gagner en puissance en s\u2019inscrivant dans la logique coloniale. En 1897, sous l\u2019impulsion de Herzl, est cr\u00e9\u00e9e l\u2019Organisation Sioniste Mondiale, qui vise \u00e0 coordonner l\u2019action politique sioniste au niveau mondial, et dont l\u2019objectif prioritaire est la cr\u00e9ation d\u2019un Etat \u00ab exclusivement juif \u00bb en Palestine, cens\u00e9 r\u00e9gler de fa\u00e7on efficace le \u00ab probl\u00e8me juif \u00bb. Les marchandages avec le sultan de l\u2019Empire ottoman ayant \u00e9chou\u00e9 (1), l\u2019OSM va chercher des soutiens aupr\u00e8s de l\u2019imp\u00e9rialisme occidental. Cette d\u00e9marche s\u2019av\u00e8re rapidement efficace. La Grande-Bretagne et la France s\u2019int\u00e9ressent en effet au sionisme dans lequel elles voient un instrument pour imposer leur propre domination au Proche-Orient. Les accords Sykes-Picot de 1916 par lesquels se trouve planifi\u00e9 dans le plus grand secret le d\u00e9pe\u00e7age de l\u2019Empire ottoman, puis la D\u00e9claration Balfour de 1917 montrent clairement la convergence des int\u00e9r\u00eats, et L\u00e9on Blum peut d\u00e9clarer en 1924 que \u00ab\u00a0<em>c\u2019est \u00e0 Sion que la France doit aujourd\u2019hui d\u2019avoir la Syrie. C\u2019est par l\u2019effort du sionisme que ce but a pu \u00eatre<\/em><em>atteint<\/em>. \u00bb Et c\u2019est avec la b\u00e9n\u00e9diction de la France et du Royaume-Uni que la grande bourgeoisie juive commence \u00e0 soutenir le sionisme en finan\u00e7ant la colonisation juive en Palestine. A cet effet est cr\u00e9\u00e9 en 1901, lors du 4<sup>\u00e8me<\/sup>\u00a0Congr\u00e8s sioniste de Londres, le Fonds national juif. Les bases \u00e9conomiques du futur Etat sioniste sont d\u00e9sormais pos\u00e9es.<\/p>\n<p style=\"text-align: justify\">Ainsi, c\u2019est par cette jonction de l\u2019imp\u00e9rialisme et de la finance juive que peut s\u2019op\u00e9rer la m\u00e9tamorphose du \u00ab probl\u00e8me juif \u00bb en \u00ab question arabe \u00bb. Totalement absents des calculs d\u2019\u00e9piciers de la Grande-Bretagne et de la France, inexistants dans l\u2019embl\u00e9matique ouvrage de Herzl qui ne les nomme jamais, les Arabes palestiniens vont appara\u00eetre dans la r\u00e9alisation effective du plan comme l\u2019obstacle \u00e0 \u00e9liminer, les emp\u00eacheurs de coloniser en rond. R\u00e9actionnaire par essence, le sionisme exprime de fa\u00e7on spectaculaire l\u2019arrogance propre au racisme occidental : les Arabes ne m\u00e9ritent pas qu\u2019on se soucie d\u2019eux, sauf quand il s\u2019agit de savoir comment s\u2019en d\u00e9barrasser. A la suite du projet de partition propos\u00e9 par la Commission Peel en 1937, l\u2019Agence juive, organe ex\u00e9cutif de l\u2019OSM, nomme un \u00ab comit\u00e9 de transfert de la population \u00bb destin\u00e9 \u00e0 organiser le nettoyage ethnique de la Palestine. Weitz, directeur du Fonds National Juif, qui travaille avec le comit\u00e9 de transfert, d\u00e9clare en 1940 \u00ab\u00a0<em>Jusqu\u2019ici l\u2019entreprise sioniste a fait du bon travail en pr\u00e9parant la cr\u00e9ation de l\u2019Etat h\u00e9breu. Jusqu\u2019ici on pouvait se contenter d\u2019acqu\u00e9rir des terres, mais ce n\u2019est pas cela qui fondera l\u2019Etat d\u2019Isra\u00ebl. Cela doit se faire d\u2019un seul coup, comme la R\u00e9demption. Et il n\u2019y a pas d\u2019autre moyen que de transf\u00e9rer les Arabes d\u2019ici vers les pays voisins. Nous n\u2019atteindrons pas notre but s\u2019il y a des Arabes dans ce petit pays. Il n\u2019y a pas d\u2019autre issue que de transf\u00e9rer les Palestiniens d\u2019ici dans les pays avoisinants, de les transf\u00e9rer tous. Il ne doit pas rester un seul village, une seule tribu \u00bb.\u00a0<\/em>Il est clair que l\u2019expulsion manu militari \u2013gentiment appel\u00e9e transfert- des Palestiniens doit permettre d\u2019\u00e9vacuer la terre cultiv\u00e9e par eux et la \u00ab lib\u00e9rer \u00bb pour la colonisation juive. Ce qui implique de faire venir des juifs des quatre coins du monde, non seulement pour peupler le futur Etat, mais pour constituer une r\u00e9serve militaire capable de faire face \u00e0 la \u00ab menace arabe \u00bb. Le crit\u00e8re de la puret\u00e9 ethnique, mis en avant par les sionistes au nom de la \u00ab souffrance juive \u00bb sert en r\u00e9alit\u00e9 \u00e0 justifier une n\u00e9gation typiquement coloniale : celle de l\u2019existence des Palestiniens en tant que peuple arabe vivant en Palestine. L\u2019usage du terrorisme pour faire main basse sur la Palestine et qui conduira \u00e0 la Naqba en 1948 s\u2019accompagne ainsi de toute une mythologie pr\u00e9sentant la cr\u00e9ation de l\u2019Etat sioniste comme une cr\u00e9ation ex nihilo, sur une terre vide de civilisation, \u00ab une terre sans peuple pour un peuple sans terre \u00bb.<\/p>\n<p style=\"text-align: justify\">Puissant instrument du mouvement sioniste en ce qu\u2019il donne au vol continu\u00e9 de la terre palestinienne et au racisme anti-arabe une forme l\u00e9gale, expression exacerb\u00e9e de l\u2019imp\u00e9rialisme occidental, l\u2019Etat d\u2019Isra\u00ebl s\u2019est ainsi construit sur une d\u00e9possession programm\u00e9e. Mais son acharnement \u00e0 effacer de l\u2019histoire ses origines criminelles est un aveu d\u2019\u00e9chec implicite. L\u2019entit\u00e9 sioniste n\u2019a aucun avenir dans la r\u00e9gion.<\/p>\n<p style=\"text-align: justify\"><sub>(1)\u00a0<\/sub><sub>Herzl avait propos\u00e9 au sultan de racheter les dettes de l\u2019empire ottoman en \u00e9change de la cession de la Palestine.<\/sub><\/p>\n","protected":false},"excerpt":{"rendered":"<p>Le Comit\u00e9 Action Palestine \u00e9dite chaque ann\u00e9e un calendrier\u00a0rassemblant articles et photos sur un th\u00e8me particulier ; il a \u00e9t\u00e9 consacr\u00e9 en 2013 \u00e0 \u00ab\u00a0La Palestine arabe\u00a0\u00bb. Nous publierons\u00a0mois apr\u00e8s mois les articles de ce calendrier. Le premier texte traite :\u00a0\u00bb\u00a0Du d\u00e9ni d\u2019existence de la Palestine au projet d\u2019\u00e9puration ethnique\u00a0\u00bb. \u00ab\u00a0La grande victoire du sionisme, [&hellip;]<\/p>\n","protected":false},"author":2,"featured_media":1269,"comment_status":"closed","ping_status":"closed","sticky":false,"template":"","format":"standard","meta":{"footnotes":""},"categories":[10],"tags":[],"class_list":["post-1268","post","type-post","status-publish","format-standard","has-post-thumbnail","hentry","category-histoire-et-colonisation-de-la-palestine"],"views":2360,"_links":{"self":[{"href":"https:\/\/www.comiteactionpalestine.org\/word\/wp-json\/wp\/v2\/posts\/1268","targetHints":{"allow":["GET"]}}],"collection":[{"href":"https:\/\/www.comiteactionpalestine.org\/word\/wp-json\/wp\/v2\/posts"}],"about":[{"href":"https:\/\/www.comiteactionpalestine.org\/word\/wp-json\/wp\/v2\/types\/post"}],"author":[{"embeddable":true,"href":"https:\/\/www.comiteactionpalestine.org\/word\/wp-json\/wp\/v2\/users\/2"}],"replies":[{"embeddable":true,"href":"https:\/\/www.comiteactionpalestine.org\/word\/wp-json\/wp\/v2\/comments?post=1268"}],"version-history":[{"count":2,"href":"https:\/\/www.comiteactionpalestine.org\/word\/wp-json\/wp\/v2\/posts\/1268\/revisions"}],"predecessor-version":[{"id":1271,"href":"https:\/\/www.comiteactionpalestine.org\/word\/wp-json\/wp\/v2\/posts\/1268\/revisions\/1271"}],"wp:featuredmedia":[{"embeddable":true,"href":"https:\/\/www.comiteactionpalestine.org\/word\/wp-json\/wp\/v2\/media\/1269"}],"wp:attachment":[{"href":"https:\/\/www.comiteactionpalestine.org\/word\/wp-json\/wp\/v2\/media?parent=1268"}],"wp:term":[{"taxonomy":"category","embeddable":true,"href":"https:\/\/www.comiteactionpalestine.org\/word\/wp-json\/wp\/v2\/categories?post=1268"},{"taxonomy":"post_tag","embeddable":true,"href":"https:\/\/www.comiteactionpalestine.org\/word\/wp-json\/wp\/v2\/tags?post=1268"}],"curies":[{"name":"wp","href":"https:\/\/api.w.org\/{rel}","templated":true}]}}