{"id":1256,"date":"2013-04-30T21:41:03","date_gmt":"2013-04-30T20:41:03","guid":{"rendered":"http:\/\/www.comiteactionpalestine.org\/word\/?p=1256"},"modified":"2014-04-18T21:50:14","modified_gmt":"2014-04-18T20:50:14","slug":"aux-origines-du-nationalisme-palestinien","status":"publish","type":"post","link":"https:\/\/www.comiteactionpalestine.org\/word\/aux-origines-du-nationalisme-palestinien\/","title":{"rendered":"Aux origines du nationalisme palestinien"},"content":{"rendered":"<div class=\"pdfprnt-buttons pdfprnt-buttons-post pdfprnt-top-right\"><a href=\"https:\/\/www.comiteactionpalestine.org\/word\/wp-json\/wp\/v2\/posts\/1256?print=pdf\" class=\"pdfprnt-button pdfprnt-button-pdf\" target=\"_blank\"><img decoding=\"async\" src=\"http:\/\/www.comiteactionpalestine.org\/word\/wp-content\/plugins\/pdf-print\/images\/pdf.png\" alt=\"image_pdf\" title=\"Afficher le PDF\" \/><\/a><a href=\"https:\/\/www.comiteactionpalestine.org\/word\/wp-json\/wp\/v2\/posts\/1256?print=print\" class=\"pdfprnt-button pdfprnt-button-print\" target=\"_blank\"><img decoding=\"async\" src=\"http:\/\/www.comiteactionpalestine.org\/word\/wp-content\/plugins\/pdf-print\/images\/print.png\" alt=\"image_print\" title=\"Contenu imprim\u00e9\" \/><\/a><\/div><p class=\"itemText\" style=\"color: #0d0d0d;text-align: justify\"><span style=\"color: #0d0d0d\">Le \u00a0Comit\u00e9 Action Palestine \u00e9dite chaque ann\u00e9e un calendrier<\/span><span style=\"color: #0d0d0d\">\u00a0rassemblant articles et photos sur un th\u00e8me particulier ; il a \u00e9t\u00e9 consacr\u00e9 en 2013 \u00e0 \u00ab\u00a0La Palestine arabe\u00a0\u00bb<\/span><span style=\"color: #0d0d0d\">. Nous publierons\u00a0mois apr\u00e8s mois les articles de ce calendrier. Le deuxi\u00e8me texte est consacr\u00e9 :\u00a0\u00bb<\/span><span style=\"color: #0d0d0d;font-family: verdana, geneva, arial, helvetica, sans-serif\">Aux origines du nationalisme palestinien\u00a0\u00bb.<\/span><\/p>\n<hr style=\"color: #0d0d0d\" \/>\n<p style=\"color: #0d0d0d;text-align: justify\">Les premi\u00e8res expressions du nationalisme arabe apparurent au Moyen Orient apr\u00e8s 1850. Elles furent d\u2019origine lib\u00e9rale ou religieuse, la revendication d\u2019autonomie se construisit d\u2019abord en opposition \u00e0 la domination turque, puis \u00e0 la domination coloniale occidentale. En Syrie, dont la Palestine formait la r\u00e9gion Sud, ces mouvements revendiquaient l\u2019ind\u00e9pendance et le respect de l\u2019unit\u00e9 avec le Liban, la reconnaissance de l\u2019arabe en tant que langue officielle, ainsi que la lev\u00e9e de la censure et le respect de la libert\u00e9 d\u2019expression. En Palestine ce nationalisme prit d\u00e8s 1880 et bien avant la d\u00e9claration Balfour de 1917, une connotation anti-sioniste, D\u00e8s lors, l\u2019opposition arabe au sionisme devint g\u00e9n\u00e9rale, au del\u00e0 des fronti\u00e8res de la Palestine.<\/p>\n<p style=\"color: #0d0d0d;text-align: justify\">Le nationalisme palestinien se mat\u00e9rialisa d\u2019abord par la r\u00e9sistance des paysans palestiniens, les fellahin, contre l\u2019implantation des colonies agricoles juives, la vente des terres et l\u2018expropriation. Tr\u00e8s vite, ces r\u00e9voltes paysannes furent un \u00e9l\u00e9ment de sensibilisation contre les dangers du mouvement sioniste pour les autres parties de la soci\u00e9t\u00e9 palestinienne. Petits entrepreneurs, commer\u00e7ants et professions lib\u00e9rales redoutaient alors la concurrence \u00e9conomique \u00e0 venir. La presse palestinienne et arabe joua un grand r\u00f4le dans cette mobilisation en Palestine et dans tout le monde arabe. Les journaux informaient sur les avanc\u00e9es de la colonisation, mais aussi sur les objectifs et la port\u00e9e du sionisme en g\u00e9n\u00e9ral. Parmi ces journaux, al-Karmil, publi\u00e9 \u00e0 Ha\u00effa, fut l\u2019outil essentiel de la longue campagne contre la colonisation sioniste en Palestine. Il fut \u00e0 l\u2019origine d\u2019une Soci\u00e9t\u00e9 anti-sioniste qui mena l\u2019agitation et organisa les luttes contre la vente des terres et pour la pr\u00e9servation des droits des paysans.<\/p>\n<p style=\"color: #0d0d0d;text-align: justify\">Les hommes politiques arabes ne furent pas dupes des enjeux d\u2019un tel projet et se mobilis\u00e8rent d\u00e8s la fin du XIX\u00e8me pour en d\u00e9noncer les dangers. Yussuf Diya al-Khalidi, \u00e9lu palestinien au parlement ottoman et maire de J\u00e9rusalem \u00e9crivit \u00e0 Herzl en 1899 : \u00ab\u00a0<em>L\u2019argent ne peut acheter la Palestine, qui ne peut \u00eatre prise que par la force des canons\u2026\/\u2026 jamais les sionistes ne seront maitres de ce pays<\/em>\u2026\u00bb. Apr\u00e8s 1908, les notables palestiniens trouv\u00e8rent dans le cadre du nouveau parlement ottoman issu de la R\u00e9volution une possibilit\u00e9 de formuler leur opposition au sionisme et de r\u00e9clamer des mesures gouvernementales contre l\u2019immigration juive et les achats de terre. En 1911, le parti national ottoman constitua la premi\u00e8re forme d\u2019organisation politique oppos\u00e9e au sionisme. Pourtant malgr\u00e9 une participation palestinienne au premier congr\u00e8s arabe de 1913, aucune r\u00e9solution ne f\u00fbt vot\u00e9e sur la question du danger sioniste. L\u2019immigration juive galopante, l\u2019intensification de la vente des terres et le d\u00e9veloppement d\u2019une \u00e9conomie juive parall\u00e8le juste avant la premi\u00e8re guerre mondiale entrain\u00e8rent une forte mobilisation antisioniste en Palestine. De nombreuses organisations politiques furent cr\u00e9\u00e9es pour d\u00e9noncer la colonisation, encourager le d\u00e9veloppement de l\u2019\u00e9conomie palestinienne et critiquer l\u2019immobilisme du gouvernement. Le sentiment que les nationaux turcs et les sionistes \u00e9taient alli\u00e9s, motiva un important soutien et une implication palestinienne \u00e0 la r\u00e9volte arabe contre les Turcs \u00e0 la fin de la premi\u00e8re guerre mondiale.<\/p>\n<p style=\"color: #0d0d0d;text-align: justify\">Mais bien que les Arabes aient combattu aux c\u00f4t\u00e9s des Britanniques, la victoire des alli\u00e9s se solda par une nouvelle occupation de la Palestine par une puissance qui avait, au travers de la D\u00e9claration Balfour en 1917, fait sien le projet sioniste. Le nationalisme palestinien et arabe allait alors entrer dans une nouvelle \u00e8re et affronter toute la violence de l\u2019imp\u00e9rialisme occidental. Pourtant la lutte nationale palestinienne resterait toujours marqu\u00e9e par ses origines, centr\u00e9e sur la d\u00e9fense de la terre et aliment\u00e9e par une dynamique souvent venue de la base.<\/p>\n","protected":false},"excerpt":{"rendered":"<p>Le \u00a0Comit\u00e9 Action Palestine \u00e9dite chaque ann\u00e9e un calendrier\u00a0rassemblant articles et photos sur un th\u00e8me particulier ; il a \u00e9t\u00e9 consacr\u00e9 en 2013 \u00e0 \u00ab\u00a0La Palestine arabe\u00a0\u00bb. Nous publierons\u00a0mois apr\u00e8s mois les articles de ce calendrier. Le deuxi\u00e8me texte est consacr\u00e9 :\u00a0\u00bbAux origines du nationalisme palestinien\u00a0\u00bb. Les premi\u00e8res expressions du nationalisme arabe apparurent au Moyen [&hellip;]<\/p>\n","protected":false},"author":2,"featured_media":0,"comment_status":"closed","ping_status":"closed","sticky":false,"template":"","format":"standard","meta":{"footnotes":""},"categories":[10],"tags":[],"class_list":["post-1256","post","type-post","status-publish","format-standard","hentry","category-histoire-et-colonisation-de-la-palestine"],"views":2710,"_links":{"self":[{"href":"https:\/\/www.comiteactionpalestine.org\/word\/wp-json\/wp\/v2\/posts\/1256","targetHints":{"allow":["GET"]}}],"collection":[{"href":"https:\/\/www.comiteactionpalestine.org\/word\/wp-json\/wp\/v2\/posts"}],"about":[{"href":"https:\/\/www.comiteactionpalestine.org\/word\/wp-json\/wp\/v2\/types\/post"}],"author":[{"embeddable":true,"href":"https:\/\/www.comiteactionpalestine.org\/word\/wp-json\/wp\/v2\/users\/2"}],"replies":[{"embeddable":true,"href":"https:\/\/www.comiteactionpalestine.org\/word\/wp-json\/wp\/v2\/comments?post=1256"}],"version-history":[{"count":3,"href":"https:\/\/www.comiteactionpalestine.org\/word\/wp-json\/wp\/v2\/posts\/1256\/revisions"}],"predecessor-version":[{"id":1262,"href":"https:\/\/www.comiteactionpalestine.org\/word\/wp-json\/wp\/v2\/posts\/1256\/revisions\/1262"}],"wp:attachment":[{"href":"https:\/\/www.comiteactionpalestine.org\/word\/wp-json\/wp\/v2\/media?parent=1256"}],"wp:term":[{"taxonomy":"category","embeddable":true,"href":"https:\/\/www.comiteactionpalestine.org\/word\/wp-json\/wp\/v2\/categories?post=1256"},{"taxonomy":"post_tag","embeddable":true,"href":"https:\/\/www.comiteactionpalestine.org\/word\/wp-json\/wp\/v2\/tags?post=1256"}],"curies":[{"name":"wp","href":"https:\/\/api.w.org\/{rel}","templated":true}]}}