{"id":119,"date":"2010-11-15T14:01:21","date_gmt":"2010-11-15T13:01:21","guid":{"rendered":"http:\/\/www.comiteactionpalestine.org\/word\/?p=119"},"modified":"2014-04-20T23:59:20","modified_gmt":"2014-04-20T22:59:20","slug":"le-calendrier-2011-palestine-libre-est-maintenant-disponible","status":"publish","type":"post","link":"https:\/\/www.comiteactionpalestine.org\/word\/le-calendrier-2011-palestine-libre-est-maintenant-disponible\/","title":{"rendered":"Le calendrier 2011 Palestine Libre est maintenant disponible"},"content":{"rendered":"<div class=\"pdfprnt-buttons pdfprnt-buttons-post pdfprnt-top-right\"><a href=\"https:\/\/www.comiteactionpalestine.org\/word\/wp-json\/wp\/v2\/posts\/119?print=pdf\" class=\"pdfprnt-button pdfprnt-button-pdf\" target=\"_blank\"><img decoding=\"async\" src=\"http:\/\/www.comiteactionpalestine.org\/word\/wp-content\/plugins\/pdf-print\/images\/pdf.png\" alt=\"image_pdf\" title=\"Afficher le PDF\" \/><\/a><a href=\"https:\/\/www.comiteactionpalestine.org\/word\/wp-json\/wp\/v2\/posts\/119?print=print\" class=\"pdfprnt-button pdfprnt-button-print\" target=\"_blank\"><img decoding=\"async\" src=\"http:\/\/www.comiteactionpalestine.org\/word\/wp-content\/plugins\/pdf-print\/images\/print.png\" alt=\"image_print\" title=\"Contenu imprim\u00e9\" \/><\/a><\/div><p align=\"center\"><strong><span style=\"font-size: large;\">Les prisonniers, combattant de la libert\u00e9 !<\/span><\/strong><\/p>\n<p>&nbsp;<\/p>\n<p align=\"justify\"><strong>Tout Palestinien est potentiellement le prisonnier d\u2019Isra\u00ebl, du seul fait qu\u2019il soit Palestinien. Car l\u2019institution carc\u00e9rale est au service du plan sioniste de destruction de l\u2019identit\u00e9 palestinienne.<\/strong><\/p>\n<p align=\"justify\">La prison coloniale isra\u00e9lienne est un auxiliaire de l\u2019agression guerri\u00e8re. En proc\u00e9dant m\u00e9thodiquement \u00e0 l\u2019an\u00e9antissement physique et psychologique du d\u00e9tenu, elle prend part \u00e0 l\u2019exercice de la violence par laquelle l\u2019occupant cherche \u00e0 imposer sa loi.<\/p>\n<p align=\"justify\">La prison coloniale isra\u00e9lienne est aussi un substitut de la peine de mort. Elle permet de criminaliser les combattants de la r\u00e9sistance tout en assurant au r\u00e9gime sioniste une fa\u00e7ade \u00ab d\u00e9mocratique \u00bb.<\/p>\n<p align=\"justify\">Le syst\u00e8me p\u00e9nitentiaire sioniste enferme la soci\u00e9t\u00e9 palestinienne dans une toile d\u2019araign\u00e9e dont les maillages n\u2019\u00e9pargnent personne, hormis les collaborateurs. Cette soci\u00e9t\u00e9, il cherche \u00e0 la d\u00e9truire en ciblant la structure familiale : il n\u2019existe aucune famille palestinienne qui ne compte parmi ses membres un d\u00e9tenu ou un ex-d\u00e9tenu. Il s\u2019attaque aux forces vives de la nation palestinienne en emprisonnant les enfants. Aujourd\u2019hui, il devient improbable de croiser en Palestine occup\u00e9e un Palestinien qui n\u2019ait \u00e9t\u00e9 rafl\u00e9 ou arr\u00eat\u00e9. Il en r\u00e9sulte qu\u2019en Palestine, la proportion de prisonniers politiques par rapport \u00e0 l\u2019ensemble de la population est la plus \u00e9lev\u00e9e au monde. D\u2019autres prisonniers arabes subissent le m\u00eame sort que les Palestiniens. \u00ab Coupables \u00bb de r\u00e9sistance au plan de domination occidentale au Moyen-Orient, tous vivent l\u2019enfer du cachot et de la torture dans les prisons de l\u2019occupation et de la collaboration.<\/p>\n<p align=\"justify\">Mais l\u2019acharnement \u00e0 \u00ab punir \u00bb et \u00e0 emprisonner dans des proportions industrielles r\u00e9v\u00e8le en r\u00e9alit\u00e9 la peur du r\u00e9gime colonial sioniste d\u2019\u00e9chouer dans son projet, de se voir lui-m\u00eame ray\u00e9 sur le plan existentiel. Rien ne symbolise mieux que la prison coloniale la lutte \u00e0 mort qui se joue entre colon et colonis\u00e9. Car si la prison est l\u2019\u00e9ventualit\u00e9 certaine du r\u00e9sistant, la r\u00e9sistance est aussi l\u2019horizon du prisonnier. C\u2019est ce qu\u2019attestent les luttes men\u00e9es au sein m\u00eame des ge\u00f4les sionistes. Et c\u2019est ce que prouve la place essentielle des prisonniers dans le combat national palestinien. Les prisonniers sont les martyrs, mais non les victimes de la r\u00e9sistance. Ils en sont les acteurs. Lutter contre les conditions carc\u00e9rales, c\u2019est aussi lutter pour que la r\u00e9sistance continue. C\u2019est donc lutter pour que la soci\u00e9t\u00e9 continue d\u2019exister. Parce que le combat des prisonniers est toujours un combat politique, le statut de prisonnier constitue, par cons\u00e9quent, un rep\u00e8re fondamental de l\u2019identit\u00e9 nationale palestinienne.<\/p>\n<p align=\"justify\"><strong><em>C\u2019est pourquoi la lib\u00e9ration inconditionnelle de tous les prisonniers, palestiniens et arabes, est une revendication centrale de la cause palestinienne.<\/em><\/strong><\/p>\n<p align=\"justify\">Ce calendrier se veut l\u2019\u00e9cho de cette revendication. Il donne aussi un visage et un nom \u00e0 quelques- uns de ces prisonniers combattants de la justice, oubli\u00e9s du monde et noy\u00e9s dans un anonymat collectif. En saluant leur courage et leur patience, il leur rend l\u2019hommage d\u00fb \u00e0 tous les r\u00e9sistants.<\/p>\n<p align=\"center\"><img decoding=\"async\" src=\"http:\/\/www.comiteactionpalestine.org\/modules\/edito\/images\/uploads\/calendrier2011.jpg\" alt=\" Calendrier 2011 Palestine Libre couverture\" align=\"middle\" \/><\/p>\n<p align=\"center\">Ce calendrier est enti\u00e8rement bilingue arabe\/fran\u00e7ais.<\/p>\n<p align=\"center\">Il pr\u00e9sente chaque mois de l\u2019ann\u00e9e sur 2 pages au format 21*29,7.<br \/>\nChaque mois, un texte revient sur un grand moment de la r\u00e9sistance Palestinienne.<\/p>\n<p align=\"center\"><img decoding=\"async\" src=\"http:\/\/www.comiteactionpalestine.org\/modules\/edito\/images\/uploads\/calendrier2011-fevrier.jpg\" alt=\" Calendrier 2010 Palestine Libre Janvier\" align=\"middle\" \/><\/p>\n<p align=\"justify\">Le calendrier,\u00a0r\u00e9alis\u00e9 par le CAP, est vendu au prix de 5 euros. L\u2019argent collect\u00e9 permet de soutenir les actions de l\u2019association et notamment l\u2019invitation de Palestiniens pour qu&rsquo;ils pr\u00e9sentent eux-m\u00eames en France leur lutte de lib\u00e9ration.<\/p>\n<p align=\"justify\">Vous pouvez le\u00a0<strong><span style=\"color: #ff0000;\">commander<\/span>\u00a0<\/strong>d\u00e8s maintenant gr\u00e2ce \u00e0\u00a0<a href=\"http:\/\/www.comiteactionpalestine.org\/modules\/edito\/images\/uploads\/calendrier2011_BDC.pdf\">ce formulaire<\/a>\u00a0. Imprimez-le et renvoyez-le nous accompagn\u00e9 de votre r\u00e8glement.<\/p>\n","protected":false},"excerpt":{"rendered":"<p>Les prisonniers, combattant de la libert\u00e9 ! &nbsp; Tout Palestinien est potentiellement le prisonnier d\u2019Isra\u00ebl, du seul fait qu\u2019il soit Palestinien. Car l\u2019institution carc\u00e9rale est au service du plan sioniste de destruction de l\u2019identit\u00e9 palestinienne. La prison coloniale isra\u00e9lienne est un auxiliaire de l\u2019agression guerri\u00e8re. En proc\u00e9dant m\u00e9thodiquement \u00e0 l\u2019an\u00e9antissement physique et psychologique du d\u00e9tenu, [&hellip;]<\/p>\n","protected":false},"author":1,"featured_media":120,"comment_status":"closed","ping_status":"closed","sticky":false,"template":"","format":"standard","meta":{"footnotes":""},"categories":[17],"tags":[],"class_list":["post-119","post","type-post","status-publish","format-standard","has-post-thumbnail","hentry","category-les-calendriers"],"views":3299,"_links":{"self":[{"href":"https:\/\/www.comiteactionpalestine.org\/word\/wp-json\/wp\/v2\/posts\/119","targetHints":{"allow":["GET"]}}],"collection":[{"href":"https:\/\/www.comiteactionpalestine.org\/word\/wp-json\/wp\/v2\/posts"}],"about":[{"href":"https:\/\/www.comiteactionpalestine.org\/word\/wp-json\/wp\/v2\/types\/post"}],"author":[{"embeddable":true,"href":"https:\/\/www.comiteactionpalestine.org\/word\/wp-json\/wp\/v2\/users\/1"}],"replies":[{"embeddable":true,"href":"https:\/\/www.comiteactionpalestine.org\/word\/wp-json\/wp\/v2\/comments?post=119"}],"version-history":[{"count":4,"href":"https:\/\/www.comiteactionpalestine.org\/word\/wp-json\/wp\/v2\/posts\/119\/revisions"}],"predecessor-version":[{"id":1473,"href":"https:\/\/www.comiteactionpalestine.org\/word\/wp-json\/wp\/v2\/posts\/119\/revisions\/1473"}],"wp:featuredmedia":[{"embeddable":true,"href":"https:\/\/www.comiteactionpalestine.org\/word\/wp-json\/wp\/v2\/media\/120"}],"wp:attachment":[{"href":"https:\/\/www.comiteactionpalestine.org\/word\/wp-json\/wp\/v2\/media?parent=119"}],"wp:term":[{"taxonomy":"category","embeddable":true,"href":"https:\/\/www.comiteactionpalestine.org\/word\/wp-json\/wp\/v2\/categories?post=119"},{"taxonomy":"post_tag","embeddable":true,"href":"https:\/\/www.comiteactionpalestine.org\/word\/wp-json\/wp\/v2\/tags?post=119"}],"curies":[{"name":"wp","href":"https:\/\/api.w.org\/{rel}","templated":true}]}}