{"id":1123,"date":"2006-12-02T20:30:52","date_gmt":"2006-12-02T19:30:52","guid":{"rendered":"http:\/\/www.comiteactionpalestine.org\/word\/?p=1123"},"modified":"2014-04-17T20:38:31","modified_gmt":"2014-04-17T19:38:31","slug":"les-intellectuels-israeliens-aiment-la-guerre","status":"publish","type":"post","link":"https:\/\/www.comiteactionpalestine.org\/word\/les-intellectuels-israeliens-aiment-la-guerre\/","title":{"rendered":"Les intellectuels isra\u00e9liens aiment la guerre"},"content":{"rendered":"<div class=\"pdfprnt-buttons pdfprnt-buttons-post pdfprnt-top-right\"><a href=\"https:\/\/www.comiteactionpalestine.org\/word\/wp-json\/wp\/v2\/posts\/1123?print=pdf\" class=\"pdfprnt-button pdfprnt-button-pdf\" target=\"_blank\"><img decoding=\"async\" src=\"http:\/\/www.comiteactionpalestine.org\/word\/wp-content\/plugins\/pdf-print\/images\/pdf.png\" alt=\"image_pdf\" title=\"Afficher le PDF\" \/><\/a><a href=\"https:\/\/www.comiteactionpalestine.org\/word\/wp-json\/wp\/v2\/posts\/1123?print=print\" class=\"pdfprnt-button pdfprnt-button-print\" target=\"_blank\"><img decoding=\"async\" src=\"http:\/\/www.comiteactionpalestine.org\/word\/wp-content\/plugins\/pdf-print\/images\/print.png\" alt=\"image_print\" title=\"Contenu imprim\u00e9\" \/><\/a><\/div><div style=\"color: #464646\">\n<table class=\"item\" style=\"color: #0d0d0d\" cellspacing=\"0\" cellpadding=\"0\">\n<tbody>\n<tr>\n<td>\n<table width=\"98%\" cellspacing=\"0\" cellpadding=\"0\">\n<tbody>\n<tr>\n<td class=\"itemInfo\"><span class=\"itemPostDate\" style=\"font-style: italic\">le 2\/12\/2006 11:20:00<\/span>\u00a0(<span class=\"itemStats\" style=\"font-style: italic\">827 lectures<\/span>)<\/td>\n<\/tr>\n<tr>\n<td>\n<div class=\"itemBody\">\n<p class=\"itemText\">\n<p align=\"justify\">\nArticle de\u00a0<strong>Ran HaCohen<\/strong>\u00a0du 7 Ao\u00fbt 2006. L&rsquo;auteur est enseignant de litt\u00e9rature compar\u00e9e \u00e0 l&rsquo;universit\u00e9 de Tel-Aviv. Il publie r\u00e9guli\u00e8rement une chronique sur\u00a0<a style=\"font-weight: bold;color: #004080\" href=\"http:\/\/antiwar.com\/hacohen\/\" target=\"_blank\">Antiwar.com<\/a>\u00a0.<\/p>\n<p align=\"justify\">Il montre ici que les intellectuels isra\u00e9liens, de droite comme de gauche, ont toujours soutenu les politiques de guerre men\u00e9es par leurs dirigeants, m\u00eame s&rsquo;ils aiment souvent se pr\u00e9senter comme des partisants de la paix.<\/p>\n<p align=\"justify\">Le lecteur fran\u00e7ais pourra peut-\u00eatre d\u00e9couvrir ici le discours habituel des isra\u00e9liens, discours qui arrive chez nous en g\u00e9n\u00e9ral polic\u00e9 et retravaill\u00e9.<\/p>\n<p align=\"justify\">Quand un po\u00e8te \u00ab\u00a0de gauche\u00a0\u00bb commence\u00a0par \u00ab\u00a0<em>Marchez sur le Liban, et marchez aussi sur Gaza, avec les charrues et le sel ; D\u00e9truisez-les jusqu&rsquo;au dernier\u00a0\u00bb<\/em>\u00a0, que doivent penser les autres, moins \u00ab\u00a0pacisfistes\u00a0\u00bb ?<\/p>\n<hr \/>\n<p align=\"justify\">Toute g\u00e9n\u00e9ralisation ne peut \u00eatre qu&rsquo;erron\u00e9e, sauf celle-ci : \u00ab Les intellectuels progressistes isra\u00e9liens sont contre la guerre \u00bb. Ils ont toujours \u00e9t\u00e9 contre la guerre, et ils ont beaucoup souffert en raison de leurs opinions critiques, comme ils le soulignent non sans quelque fiert\u00e9. Ils \u00e9taient contre la pr\u00e9c\u00e9dente guerre ; ils seront contre la prochaine.<\/p>\n<p>Bref : ils sont contre toutes les guerres.<\/p>\n<p align=\"justify\">Toutes les guerres ? Toutes les guerres ! Sauf &#8211; exception mineure &#8211; celle qui est en cours.<\/p>\n<p>Ils sont POUR toute guerre en cours &#8211; qu&rsquo;ils soutiennent \u00e0 tous les coups.<\/p>\n<p>Parce que, vous comprenez, la guerre en cours &#8211; \u00e9h bien, comment dire. &#8211; c&rsquo; est compl\u00e8tement diff\u00e9rent de toutes les autres guerres, l\u00e0, voil\u00e0 ! Comment osez-vous comparer ? ! La guerre en cours est toujours in\u00e9vitable, elle.<\/p>\n<p>Elle est toujours n\u00e9cessaire. Toujours juste. Et toujours digne d&rsquo;\u00eatre soutenue.<\/p>\n<p>Pour ceux qui se berceraient encore de l&rsquo;illusion que l&rsquo;\u00e9lite intellectuelle isra\u00e9lienne serait une oasis immacul\u00e9e peupl\u00e9e de progressistes rationnels, mod\u00e9r\u00e9s et amoureux de la paix, voici quelques chromos sur les gourous de la classe intellectuelle isra\u00e9lienne et sur leur marche patriotique actuelle, en soutien \u00e0 la d\u00e9vastation du Liban.<\/p>\n<p align=\"justify\"><strong>R\u00e9trop\u00e9dalage, de 1984 \u00e0 1948<\/strong><\/p>\n<p align=\"justify\">Le Roi Rhino Ari Shavit, journaliste \u00e0 Ha&rsquo;aretz, nagu\u00e8re militant de \u00ab La Paix maintenant \u00bb et ancien membre de l&rsquo;Association pour les Droits Civiques en Isra\u00ebl, \u00e9crit :<\/p>\n<p align=\"justify\">\u00ab\u00a0<em>Isra\u00ebl est en train de mener la guerre la plus juste de toute son histoire. [&#8230;] Par cons\u00e9quent, quiconque aspire \u00e0 ce qu&rsquo;Isra\u00ebl se retire, \u00e0 l &lsquo;avenir, des territoires occup\u00e9s jusqu&rsquo;\u00e0 une fronti\u00e8re permanente et reconnue doit se tenir aux c\u00f4t\u00e9s d&rsquo;Isra\u00ebl, dans la pr\u00e9sente guerre. Quiconque d\u00e9sire la paix, la stabilit\u00e9 et la fin de l&rsquo;occupation doit soutenir Isra\u00ebl dans sa juste guerre.<\/em>\u00a0\u00bb [Ha&rsquo;aretz, 18 juillet 2006].<\/p>\n<p>Pour faire bref : la Guerre, c&rsquo;est la Paix, et la Paix, c&rsquo;est la Guerre (et Isra\u00ebl n&rsquo;est en train de d\u00e9vaster le Liban qu&rsquo;\u00e0 la seule fin de donner la libert\u00e9 aux Libanais !) Si l&rsquo;inspiration intellectuelle de Shavit sonne quelque peu litt\u00e9raire (George Orwell), l&rsquo;historien Yosef Gorny de l&rsquo;Universit\u00e9 de Tel Aviv aurait, quant \u00e0 lui, plut\u00f4t tendance \u00e0 se r\u00e9f\u00e9rer \u00e0 l&rsquo;Histoire, dans le cas d&rsquo; esp\u00e8ce. Dans un bref article intitul\u00e9 \u00ab La Seconde Guerre d&rsquo;Ind\u00e9pendance \u00bb (sic !), il \u00e9crit :<\/p>\n<p align=\"justify\">\u00ab\u00a0<em>Dans une r\u00e9alit\u00e9, qui est que l&rsquo;Iran menace le monde libre, ce combat contre ses suppl\u00e9tifs au Liban est une guerre de l&rsquo;Etat d&rsquo;Isra\u00ebl pour son existence \u00e0 l&rsquo;avenir. A ce sujet, bien que dans des circonstances compl\u00e8tement diff\u00e9rentes, la combat en vue de la cr\u00e9ation m\u00eame de l&rsquo;Etat, lors de la Guerre d&rsquo;Ind\u00e9pendance, voici pr\u00e8s de soixante ans de cela, et la guerre actuelle ont un d\u00e9nominateur commun. Et c&rsquo;est \u00e9galement en cela que r\u00e9side leur commune justification : la lutte pour l&rsquo;existence de notre Nation.<\/em>\u00a0\u00bb [Ha&rsquo;aretz, 30 juillet 2006].<\/p>\n<p>La formulation de Gorny est juste un peu plus path\u00e9tique que celle des autres, mais la notion recycl\u00e9e \u00e0 l&rsquo;infini d&rsquo;un Hezbollah repr\u00e9sentant soi-disant une menace existentielle pour Isra\u00ebl a lav\u00e9 les cerveaux d&rsquo; \u00e9norm\u00e9ment d&rsquo;Isra\u00e9liens. Ainsi, par exemple, le dramaturge Yehoshua Sobol qualifie l&rsquo;offensive du Hizbullah (ainsi que les tirs de missiles Qassam depuis Gaza) comme \u00ab\u00a0<em>l&rsquo;annonce que nous n&rsquo;avons personnellement aucun droit \u00e0 exister<\/em>\u00a0\u00bb [Ma&rsquo;ariv, 21 juillet 2006]. Aussi fou que cela paraisse, on a inculqu\u00e9 \u00e0 des gens que le fait qu&rsquo;une bonne partie d&rsquo;Isra\u00ebl soit \u00e0 la port\u00e9e des missiles du Hizbullah repr\u00e9senterait une menace existentielle. En m\u00eame temps, le fait que n&rsquo;importe quel point au Moyen-Orient &#8211; et bien au-del\u00e0 &#8211; soit \u00e0 la port\u00e9e des armes isra\u00e9liennes, tant conventionnelles que nucl\u00e9aires, n&rsquo;est pas per\u00e7u comme repr\u00e9sentant une menace existentielle pour qui que ce soit : apr\u00e8s tout, Isra\u00ebl est un pays responsable, non ? Un pays qui, lui, ne veut qu&rsquo;une seule chose : la paix. N&rsquo;est-ce pas ? L&rsquo;\u00e9crivain A.B. Yehoshua, \u00ab homme de paix \u00bb autoproclam\u00e9, dit les choses avec sa mani\u00e8re bien \u00e0 lui, plus primitive : \u00ab Enfin<em>, nous avons une guerre juste ; abstenons-nous de tordre le nez dessus, de peur qu&rsquo;elle ne devienne injuste.<\/em>\u00a0\u00bb [Ha&rsquo;aretz, 21 juillet 2006].<\/p>\n<p align=\"justify\"><strong>Tuez-les tous !<\/strong><\/p>\n<p align=\"justify\">Vous avez remarqu\u00e9 que Yehoshua, tr\u00e8s franc, pousse un soupir et dit \u00ab Enfin \u00bb. Il faut dire que notre vieux \u00ab peacenik \u00bb \u00e9tait en manque de guerre depuis si longtemps ! Le leader isra\u00e9lien fasciste Effi Eitam a reconnu un jour que s&rsquo;il y a une chose qui l&rsquo;excite, c&rsquo;est bien \u00ab\u00a0<em>le spectacle d&rsquo;hommes montant au front<\/em>\u00a0\u00bb. Pour Yehoshua, la purification est l&rsquo;effet d\u00e9sir\u00e9. Voici deux ans de cela, il r\u00eavait d&rsquo;op\u00e9rations isra\u00e9liennes sanglantes \u00e0 Gaza ; son r\u00eave est d\u00e9sormais devenu r\u00e9alit\u00e9, m\u00eame si les m\u00e9dias n&rsquo;en parlent pratiquement pas, \u00ab gr\u00e2ce \u00bb aux \u00e9v\u00e9nements au Liban :<\/p>\n<p align=\"justify\">\u00ab\u00a0<em>Apr\u00e8s avoir \u00e9vacu\u00e9 les implantations. on utiliserait la force contre toute une population, nous recourrions \u00e0 la force d&rsquo;une mani\u00e8re totale. Nous couperions l&rsquo;\u00e9lectricit\u00e9 \u00e0 Gaza. Nous y couperions tous les moyens de communication. Nous supprimerions les fourniture de carburant. Ce ne serait certes pas une guerre d\u00e9sirable ; mais ce serait, \u00e0 n&rsquo;en pas douter, une guerre purificatrice.\u00a0<\/em>\u00bb [Ha&rsquo;aretz, 19 mars 2004].<\/p>\n<p>Rafo Ginat, r\u00e9dacteur en chef du quotidien isra\u00e9lien \u00e0 plus fort tirage Yediot Ahronot), a des fantasmes encore plus vivides. A la une de son quotidien, il exhorte le gouvernement \u00e0 \u00ab\u00a0<em>raser les villages qui abritent des terroristes du Hizbullah\u00a0<\/em>\u00bb et \u00e0 \u00ab\u00a0<em>nettoyer au lance-flammes les terroristes du Hizbullah, ceux qui les aident, ceux qui collaborent avec lui, et ceux qui d\u00e9tournent les yeux, ainsi que tous ceux qui ont l&rsquo;air Hizbullah. Que leurs innocents meurent, et non les n\u00f4tres !\u00a0<\/em>\u00bb [Yediot Ahronot, 28 juillet 2006].<\/p>\n<p align=\"justify\"><strong>Interlude po\u00e9tique<\/strong><\/p>\n<p align=\"justify\">Les auteurs de chansons et les chanteurs populaires comme l&rsquo;orthodoxe Amir Benayoun sont rarement des progressistes. Aussi personne ne fronce-t-il les sourcils quand ils habillent ces m\u00eames id\u00e9es de frusques plus po\u00e9tiques :<\/p>\n<p>\u00ab\u00a0<em>Ceux qui me ha\u00efssent sont press\u00e9s de me kidnapper, de m&rsquo;\u00e9liminer, De m&rsquo;injecter du poison. Notre cruel ennemi assassine encore un autre enfant, Cet ennemi doit mourir. il doit mourir.\u00a0<\/em>\u00bb<\/p>\n<p>L&rsquo;intello isra\u00e9lien, toutefois, aura tendance \u00e0 hausser les \u00e9paules devant ce \u00ab primitivisme oriental \u00bb caract\u00e9ris\u00e9. En effet, nous autres, les progressistes, nous avons nos po\u00e8tes de haute vol\u00e9e, aux go\u00fbts raffin\u00e9s et \u00e0 l&rsquo;\u00e9rudition \u00e9poustouflante. Tel un Ilan Shenfeld, qui pr\u00e9tend avoir \u00ab de tout temps \u00e9t\u00e9 de gauche \u00bb &#8211; ce qui fait qu&rsquo;\u00e0 l&rsquo;instar de n&rsquo;importe quel authentique po\u00e8te, il souffre terriblement, \u00e0 cause de cette guerre. \u00ab\u00a0<em>Il n&rsquo; est pas facile, pour moi, d&rsquo;\u00e9crire un po\u00e8me qui soutienne cette guerre, et qui exhorte \u00e0 envahir le territoire souverain d&rsquo;un autre pays et \u00e0 le d\u00e9vaster.<\/em>\u00a0\u00bb Mais Shenfeld a fait effort sur lui-m\u00eame : il est venu \u00e0 bout de cette difficult\u00e9 et son po\u00e8me, qui fait allusion au \u00ab po\u00e8te national \u00bb Bialik, d\u00e9montre, une fois de plus, que c&rsquo;est toujours la douleur authentique qui produit la meilleure po\u00e9sie :<\/p>\n<p>\u00ab\u00a0<em>Marchez sur le Liban, et marchez aussi sur Gaza, avec les charrues et le sel ; D\u00e9truisez-les jusqu&rsquo;au dernier. Transformez-leur pays en un d\u00e9sert aride, en une vall\u00e9e empoisonn\u00e9e et inhabit\u00e9e. Car nous aspirions \u00e0 la paix et nous la voulions, et, les premiers, nous avons d\u00e9truit nos maisons, de nos propres mains [allusion au retrait de Gaza, ndt] mais c&rsquo;\u00e9tait un cadeau vain, pour ces assassins barbus arborant des bandeaux de guerre sainte, Qui crient : \u00ab Massacrez-les, maintenant ! \u00bb et qui ne connaissent ni amour, ni paix, Ni Dieu, ni p\u00e8re. [&#8230;] Sauvez votre peuple, et fabriquez des bombes, Faites-les pleuvoir sur les villages, les villes, les immeubles jusqu&rsquo;\u00e0 ce qu&rsquo;ils s&rsquo;\u00e9croulent ! Tuez-les, versez leur sang, terrifiez-les, de crainte qu&rsquo;ils ne tentent une nouvelle fois De nous d\u00e9truire ; jusqu&rsquo;\u00e0 ce que nous entendions, depuis les sommets des montagnes en train d&rsquo;exploser, Ecras\u00e9es sous nos coups de talon, l&rsquo;\u00e9cho de leurs supplications et de leurs lamentations. Et vos crachats les recouvriront. Celui qui d\u00e9daigne un jour de bain de sang, Qu&rsquo;il soit m\u00e9pris\u00e9 ! Sauvez votre peuple : faites la guerre !<\/em>\u00a0\u00bb [Ynet (site ou\u00e8be du Yediot Ahronot), 30 juillet 2006]<\/p>\n<p align=\"justify\"><strong>Amos Oz pr\u00e9pare des crimes de guerre<\/strong><\/p>\n<p align=\"justify\">Terrible ironie du sort : le po\u00e8me de Shenfeld a \u00e9t\u00e9 publi\u00e9 le jour du (deuxi\u00e8me) massacre \u00e0 Qana. Cette co\u00efncidence a quand m\u00eame r\u00e9ussi \u00e0 embarrasser quelque peu le po\u00e8te lui-m\u00eame. Ce bain de sang n&rsquo;aurait pas mis dans un tel embarras un propagandiste isra\u00e9lien beaucoup plus aguerri, tel un Amos Oz, alias l&rsquo;Incarnation du camp sioniste de la \u00ab paix \u00bb. Ayant soutenu le Premier ministre Ehud Barak bien longtemps encore apr\u00e8s qu&rsquo;il eut entrepris son \u00e9crasement meurtrier de l&rsquo;Intifada palestinienne, Oz s&rsquo;en remet \u00e0 la m\u00e9moire courte de ses lecteurs, lorsqu&rsquo;il \u00e9crit, sous le titre orwellien : \u00ab Pourquoi les missiles isra\u00e9liens, en r\u00e9alit\u00e9, apportent la paix \u00bb :<\/p>\n<p align=\"justify\">\u00ab\u00a0<em>Tr\u00e8s souvent, par le pass\u00e9, le mouvement de la paix isra\u00e9lien a critiqu\u00e9 des op\u00e9rations militaires isra\u00e9liennes. Pas cette fois-ci. [&#8230;] Cette fois-ci, Isra\u00ebl n&rsquo;envahit pas le Liban. Non ; Isra\u00ebl assure son autod\u00e9fense [&#8230;]. Le mouvement pacifiste isra\u00e9lien doit soutenir purement et simplement cette tentative d\u00e9ploy\u00e9e par Isra\u00ebl pour se d\u00e9fendre, aussi longtemps que cette op\u00e9ration visera principalement le Hizbullah en \u00e9pargnant, autant que faire se peut, la vie des civils libanais.\u00a0<\/em>\u00bb [Los Angeles Times, 19 juillet 2006].<\/p>\n<p>Et ici, afin d&rsquo;\u00e9viter d&rsquo;\u00eatre mis dans l&#8217;embarras par tout massacre de civils \u00e0 venir, Oz n&rsquo;oublie pas d&rsquo;ajouter, \u00e0 toutes fins utiles, le th\u00e8me standard de propagande ci-apr\u00e8s : \u00ab\u00a0<em>Mais cela n&rsquo;est pas toujours t\u00e2che ais\u00e9e, les lanceurs de missiles du Hizbullah utilisant tr\u00e8s souvent les civils libanais en guise de sacs de sable.<\/em>\u00a0\u00bb L&rsquo;ennemi de l&rsquo;int\u00e9rieur Le Hizbullah n&rsquo;est pas l&rsquo;unique ennemi d&rsquo;Isra\u00ebl : les intellectuels mondialistes sont souvent la cible favorite de nos patriotes, \u00e9galement.<\/p>\n<p>Commentant leur lettre ouverte contre la guerre, l&rsquo;\u00e9minente critique litt\u00e9raire isra\u00e9lienne Ariana Melamed met Noam Chomsky, Arundhati Roy, Jos\u00e9 Saramago, Howard Zin et Naomi Klein dans le m\u00eame sac que le philosophe nazi Martin Heidegger, ni plus ni moins [Ynet, 24 juillet 2006]. Mais, bon Dieu, qu&rsquo;est-ce que ces gens peuvent bien avoir en commun ? Simple : ce sont tous des intellectuels, et ils sont tous \u00ab dans l&rsquo;erreur \u00bb !<\/p>\n<p>Mais le pire ennemi, c&rsquo;est l&rsquo;ennemi de l&rsquo;int\u00e9rieur. Le professeur de litt\u00e9rature h\u00e9bra\u00efque de J\u00e9rusalem Gershon Shaked accuse ainsi \u00ab la gauche isra\u00e9lienne \u00bb de \u00ab\u00a0<em>d\u00e9sirer \u00e0 ce point plaire aux Europ\u00e9ens<\/em>\u00a0\u00bb qu&rsquo;elle \u00ab\u00a0<em>en perd tous ses standards moraux, pour ne pas parler du minimum requis en mati\u00e8re de patriotisme.<\/em>\u00a0\u00bb De la m\u00eame mani\u00e8re, bien qu&rsquo;avec plus de d\u00e9tail dans l&rsquo;explication, le journaliste et analyste Dan Margalit accuse \u00ab la gauche radicale \u00bb (allusion \u00e0 la progressiste sioniste de gauche Shulamit Aloni) non seulement d&rsquo; \u00ab\u00a0<em>ab\u00eeme moral sans aucun pr\u00e9c\u00e9dent<\/em>\u00a0\u00bb, mais aussi \u00ab\u00a0<em>d &lsquo;amour pour ses ma\u00eetres de Beyrouth, de Damas et de T\u00e9h\u00e9ran<\/em>\u00a0\u00bb [Ma&rsquo;ariv, 26 juillet 2006].<\/p>\n<p align=\"justify\"><strong>Des analogies pittoresques<\/strong><\/p>\n<p align=\"justify\">Le professeur Oz Almog, un sociologue de Ha\u00effa, d\u00e9couvre tout soudain \u00ab\u00a0<em>une similarit\u00e9 saisissante entre 2006 et 1933<\/em>\u00a0\u00bb, le pr\u00e9sident iranien \u00e9tant le nouvel Adolf Hitler, le \u00ab fondamentalisme islamique \u00bb le nouveau nazisme, et tous ceux qui osent critiquer les atrocit\u00e9s perp\u00e9tr\u00e9es par Isra\u00ebl &#8211; la nouvelle g\u00e9n\u00e9ration des antis\u00e9mites europ\u00e9ens. [Ynet, 30 juillet 2006]. Ce genre d&rsquo;analogie historique banale, est, bien entendu, monnaie courante. Par le pass\u00e9, l&rsquo;\u00e9crivain Yoram Kanyuk, qui ne cessait de se vanter de ses \u00e9tats de service en tant que pacifiste, \u00e0 une \u00e9poque ind\u00e9termin\u00e9e du mill\u00e9naire pass\u00e9, exprimait son soutien \u00e0 Ariel Sharon qui dirigeait \u00e0 l&rsquo;\u00e9poque le Likoud, en le comparant \u00e0 Winston Churchill &#8211; durant les journ\u00e9es les plus sanglantes de l&rsquo;Intifada, notamment au moment de l&rsquo; \u00ab Op\u00e9ration Boucler de Protection \u00bb [Ha&rsquo;aretz, 15 mai 2002]. En toute logique, il ne reste plus \u00e0 Kanyuk qu&rsquo;\u00e0 faire du Premier ministre actuel, Ehud Olmert, \u00e0 tout le moins, un nouveau Napol\u00e9on. Que le petit plaisantin qui a souffl\u00e9 : \u00ab Jules C\u00e9sar \u00bb se d\u00e9nonce !.<\/p>\n<p>\u00ab\u00a0<em>En d\u00e9pit des tueries de masse [auxquelles nous assistons], je soutiens cette guerre et je soutiens Olmert, qui m\u00e8ne une guerre importante, primordiale, et m\u00eame mythique. En un bref laps de temps, il est devenu un grand commandant.<\/em>\u00a0\u00bb [Ynet, 23 juillet 2006].<\/p>\n<p>Les Am\u00e9ricains ayant eu besoin de justifier leur invasion de l&rsquo;Irak, Kanyuk assimila Saddam Hussein \u00e0 Hitler [Ha&rsquo;aretz, 8 octobre 2002]. Au cours de son vol depuis la plume ac\u00e9r\u00e9e de Kanyuk, Hitler avait r\u00e9ussi \u00e0 se translater plusieurs milliers de kilom\u00e8tres vers l&rsquo;Est, \u00e0 se convertir \u00e0 l&rsquo;Islam chiite et m\u00eame \u00e0 se laisser pousser la barbe &#8211; mais il n&rsquo;avait n\u00e9anmoins pas r\u00e9ussi \u00e0 tromper la sagacit\u00e9 de notre d\u00e9tective litt\u00e9raire physionomiste, qui amalgama la Seconde guerre mondiale et l&rsquo;Armageddon dans une sorte de Troisi\u00e8me guerre mondiale &lsquo;made in Israel \u00bb :<\/p>\n<p align=\"justify\">\u00ab\u00a0<em>Les Iraniens et le Hizbullah disent tr\u00e8s pr\u00e9cis\u00e9ment ce qu&rsquo;ils pensent. Ils veulent nous plonger dans une crise aigu\u00eb, et ils veulent trouver un moyen de nous \u00e9liminer. Quand Hitler disait d\u00e9j\u00e0 la m\u00eame chose, les gens riaient de ce clown. La gauche continue \u00e0 se marrer. Mais il faut dire, \u00e0 sa d\u00e9charge, qu&rsquo;\u00e0 l&rsquo;\u00e9poque, d\u00e9j\u00e0, la gauche internationale s&rsquo;esclaffait. L&rsquo; Europe, avec les dix millions de musulmans qui y vivent, dont pas mal d&rsquo; extr\u00e9mistes, subira le choc de plein fouet : elle ne sait pas que la nouvelle guerre mondiale a d\u00e9j\u00e0 commenc\u00e9, \u00e0 petite \u00e9chelle, \u00e0 Bint Jbeil.<\/em>\u00a0\u00bb [Ynet, 4 ao\u00fbt 2006].<\/p>\n<p align=\"justify\"><strong>Des colombes muettes<\/strong><\/p>\n<p align=\"justify\">Comme \u00e0 chaque fois que se produit une atrocit\u00e9, il y a les in\u00e9vitables badauds : ceux qui soutiennent le mal, tout simplement en n&rsquo;intervenant pas pour l&#8217;emp\u00eacher. Ou l&rsquo;arr\u00eater. Ce n&rsquo;est pas l\u00e0 une attitude surprenante chez un romancier consensuel tel Shulamit Lapid, dont la sagesse et la modestie &#8211; qui, on le sait, sont chez lui immenses &#8211; ont produit cette perle : \u00ab\u00a0<em>Je ne veux rien dire, parce que tout est tr\u00e8s dynamique, et ce qui est vrai aujourd&rsquo;hui ne le sera plus demain &#8230; Ce serait insolent, de ma part, d&rsquo;exprimer une quelconque opinion sur ce sujet.<\/em>\u00a0\u00bb [Ha&rsquo;aretz, 11 juillet 2006].<\/p>\n<p>Plus d\u00e9cevant, toutefois, est le chanteur pop Aviv Gefen, qui est aux yeux de beaucoup d&rsquo;Isra\u00e9lien l&rsquo;incarnation du chanteur protestataire de gauche :<\/p>\n<p align=\"justify\">\u00ab\u00a0<em>Yep. Je suis un homme de paix, je suis un dissident, un pacifiste, vous savez. Mais on nous impose ni plus ni moins la guerre ; je ne vois pas comment l&rsquo;\u00e9viter [.]. Je pense que l&rsquo;occupation est la m\u00e9thode la plus indiqu\u00e9e. Mais aujourd&rsquo;hui, \u00e0 mon avis, il convient de garder le silence quelque temps.<\/em>\u00a0\u00bb [Walla, 5 ao\u00fbt 2006].<\/p>\n<p align=\"right\"><strong>Ran HaCohen<\/strong><\/p>\n<p align=\"justify\"><a style=\"font-weight: bold;color: #004080\" href=\"http:\/\/www.tlaxcala.es\/pp.asp?reference=952&amp;lg=fr\" target=\"_blank\">Traduit\u00a0<\/a>de l&rsquo;anglais par M. Charbonnier,\u00a0membre de Tlaxcala (<a style=\"font-weight: bold;color: #004080\" href=\"http:\/\/www.tlaxcala.es\/\" target=\"_blank\">www.tlaxcala.es<\/a>\u00a0) r\u00e9seau de traducteurs pour la diversit\u00e9 liguistique.<\/p>\n<p>&nbsp;<\/p>\n<\/div>\n<\/td>\n<\/tr>\n<tr>\n<td class=\"itemFoot\"><\/td>\n<\/tr>\n<\/tbody>\n<\/table>\n<\/td>\n<\/tr>\n<\/tbody>\n<\/table>\n<\/div>\n","protected":false},"excerpt":{"rendered":"<p>le 2\/12\/2006 11:20:00\u00a0(827 lectures) Article de\u00a0Ran HaCohen\u00a0du 7 Ao\u00fbt 2006. L&rsquo;auteur est enseignant de litt\u00e9rature compar\u00e9e \u00e0 l&rsquo;universit\u00e9 de Tel-Aviv. Il publie r\u00e9guli\u00e8rement une chronique sur\u00a0Antiwar.com\u00a0. Il montre ici que les intellectuels isra\u00e9liens, de droite comme de gauche, ont toujours soutenu les politiques de guerre men\u00e9es par leurs dirigeants, m\u00eame s&rsquo;ils aiment souvent se pr\u00e9senter [&hellip;]<\/p>\n","protected":false},"author":2,"featured_media":0,"comment_status":"closed","ping_status":"closed","sticky":false,"template":"","format":"standard","meta":{"footnotes":""},"categories":[8],"tags":[],"class_list":["post-1123","post","type-post","status-publish","format-standard","hentry","category-colonialisme-sioniste-actuel"],"views":2335,"_links":{"self":[{"href":"https:\/\/www.comiteactionpalestine.org\/word\/wp-json\/wp\/v2\/posts\/1123","targetHints":{"allow":["GET"]}}],"collection":[{"href":"https:\/\/www.comiteactionpalestine.org\/word\/wp-json\/wp\/v2\/posts"}],"about":[{"href":"https:\/\/www.comiteactionpalestine.org\/word\/wp-json\/wp\/v2\/types\/post"}],"author":[{"embeddable":true,"href":"https:\/\/www.comiteactionpalestine.org\/word\/wp-json\/wp\/v2\/users\/2"}],"replies":[{"embeddable":true,"href":"https:\/\/www.comiteactionpalestine.org\/word\/wp-json\/wp\/v2\/comments?post=1123"}],"version-history":[{"count":1,"href":"https:\/\/www.comiteactionpalestine.org\/word\/wp-json\/wp\/v2\/posts\/1123\/revisions"}],"predecessor-version":[{"id":1125,"href":"https:\/\/www.comiteactionpalestine.org\/word\/wp-json\/wp\/v2\/posts\/1123\/revisions\/1125"}],"wp:attachment":[{"href":"https:\/\/www.comiteactionpalestine.org\/word\/wp-json\/wp\/v2\/media?parent=1123"}],"wp:term":[{"taxonomy":"category","embeddable":true,"href":"https:\/\/www.comiteactionpalestine.org\/word\/wp-json\/wp\/v2\/categories?post=1123"},{"taxonomy":"post_tag","embeddable":true,"href":"https:\/\/www.comiteactionpalestine.org\/word\/wp-json\/wp\/v2\/tags?post=1123"}],"curies":[{"name":"wp","href":"https:\/\/api.w.org\/{rel}","templated":true}]}}