{"id":924,"date":"2011-02-21T22:05:10","date_gmt":"2011-02-21T21:05:10","guid":{"rendered":"http:\/\/www.comiteactionpalestine.org\/word\/?p=924"},"modified":"2014-04-21T13:18:43","modified_gmt":"2014-04-21T12:18:43","slug":"communique-de-cri-et-de-resistance-palestine-lyon","status":"publish","type":"post","link":"http:\/\/www.comiteactionpalestine.org\/word\/communique-de-cri-et-de-resistance-palestine-lyon\/","title":{"rendered":"Communiqu\u00e9 de CRI et de R\u00e9sistance Palestine, Lyon"},"content":{"rendered":"<div class=\"pdfprnt-buttons pdfprnt-buttons-post pdfprnt-top-right\"><a href=\"http:\/\/www.comiteactionpalestine.org\/word\/wp-json\/wp\/v2\/posts\/924?print=pdf\" class=\"pdfprnt-button pdfprnt-button-pdf\" target=\"_blank\"><img decoding=\"async\" src=\"http:\/\/www.comiteactionpalestine.org\/word\/wp-content\/plugins\/pdf-print\/images\/pdf.png\" alt=\"image_pdf\" title=\"Afficher le PDF\" \/><\/a><a href=\"http:\/\/www.comiteactionpalestine.org\/word\/wp-json\/wp\/v2\/posts\/924?print=print\" class=\"pdfprnt-button pdfprnt-button-print\" target=\"_blank\"><img decoding=\"async\" src=\"http:\/\/www.comiteactionpalestine.org\/word\/wp-content\/plugins\/pdf-print\/images\/print.png\" alt=\"image_print\" title=\"Contenu imprim\u00e9\" \/><\/a><\/div><div>\n<p align=\"justify\"><a href=\"http:\/\/www.comiteactionpalestine.org\/word\/wp-content\/uploads\/2011\/02\/islamophobie_011.jpg\"><img fetchpriority=\"high\" decoding=\"async\" class=\"alignright size-full wp-image-1533\" src=\"http:\/\/www.comiteactionpalestine.org\/word\/wp-content\/uploads\/2011\/02\/islamophobie_011.jpg\" alt=\"islamophobie_01[1]\" width=\"407\" height=\"271\" srcset=\"http:\/\/www.comiteactionpalestine.org\/word\/wp-content\/uploads\/2011\/02\/islamophobie_011.jpg 407w, http:\/\/www.comiteactionpalestine.org\/word\/wp-content\/uploads\/2011\/02\/islamophobie_011-300x200.jpg 300w, http:\/\/www.comiteactionpalestine.org\/word\/wp-content\/uploads\/2011\/02\/islamophobie_011-360x240.jpg 360w\" sizes=\"(max-width: 407px) 100vw, 407px\" \/><\/a>La Coordination contre le Racisme et l\u2019Islamophobie et le collectif R\u00e9sistance Palestine d\u00e9noncent avec la plus grande fermet\u00e9 la d\u00e9cision du Maire de Lyon, G\u00e9rard Collomb, de nous interdire la Salle Rameau \u00e0 Lyon, dans laquelle nous devions organiser ce 12 F\u00e9vrier 2011 la conf\u00e9rence \u00ab\u00a0Gaza, 2 ans apr\u00e8s\u00a0\u00bb avec Georges Galloway (ex d\u00e9put\u00e9 britannique, convoi Viva Palestina), Gilles Devers (avocat), Ren\u00e9 Naba (journaliste et \u00e9crivain) et Tahar Al Labadi (pr\u00e9sident des Etudiants Palestiniens en France). Etaient pr\u00e9vues aussi deux interventions t\u00e9l\u00e9phoniques d\u2019un repr\u00e9sentant du Hamas et un autre du Hezbollah, annul\u00e9es suite \u00e0 un \u00e9change t\u00e9l\u00e9phonique, et confirm\u00e9es par \u00e9crit, hier aupr\u00e8s du cabinet de G\u00e9rard Collomb, dans un esprit de conciliation de notre part.<\/p>\n<p align=\"justify\">Rappelons que l\u2019ann\u00e9e derni\u00e8re, nous avions fait la m\u00eame conf\u00e9rence avec les m\u00eames intervenants, en plus d\u2019une intervention d\u2019un ministre du Hamas \u00e0 <strong>Gaza<\/strong> Monsieur Ahmed El Kourd, et cela s\u2019est d\u00e9roul\u00e9 sans aucun probl\u00e8me.<br \/>\nLa libert\u00e9 d\u2019expression est la r\u00e8gle, et nous la revendiquons dans le cadre du d\u00e9bat d\u00e9mocratique, au service de la cause palestinienne. La mairie n\u2019a aucun droit pour interdire une r\u00e9union, car c\u2019est de la censure. Nous avions pris l\u2019engagement d\u2019assurer le service d\u2019ordre et la bonne tenue des interventions. Nous sommes pr\u00eats \u00e0 assumer toutes nos responsabilit\u00e9s, mais ne pouvons accepter cette censure n\u00e9ocolonialiste.<br \/>\nCette annulation scandaleuse a eu lieu alors que nous avions r\u00e9gl\u00e9 la totalit\u00e9 de la location, sign\u00e9 le contrat de location et obtenu toutes les autorisations pour cette soir\u00e9e. Aucun document officiel ne nous est parvenu pour ce changement arbitraire de derni\u00e8re minute : le R\u00e9gisseur de la salle a re\u00e7u l\u2019ordre de la Mairie le matin m\u00eame de la conf\u00e9rence et il nous a affirm\u00e9 n\u2019avoir jamais vu cela durant sa vie professionnelle.<br \/>\nNon content d\u2019avoir obtemp\u00e9r\u00e9 aux injonctions du lobby sioniste qui fait la pluie et le beau temps chez nous, (qui fait interdire m\u00eame les conf\u00e9rences de St\u00e9phane Hessel et Leila Shahid, pourtant loin du Hamas et du Hezbollah) G\u00e9rard Collomb et les autorit\u00e9s pr\u00e9fectorales nous ont envoy\u00e9 des dizaines de CRS qui nous ont agress\u00e9s, gaz\u00e9s, matraqu\u00e9s avec sauvagerie : des femmes, des enfants et des vieillards pacifiques ont \u00e9t\u00e9 frapp\u00e9s et mis \u00e0 terre, puis deux d\u2019entre eux ont \u00e9t\u00e9 emmen\u00e9s au poste de police. Une plainte va donc \u00eatre d\u00e9pos\u00e9e contre le Maire de la ville de Lyon et une diffusion massive des images aura lieu pour montrer le visage de la France (pays des Droits de l\u2019Homme) et celle du socialiste et soi-disant progressiste, en fait ami des sionistes, \u00e0 qui il a donn\u00e9 la m\u00eame salle pour le gala pour le \u00ab\u00a0bien \u00eatre du soldat isra\u00e9lien\u00a0\u00bb, et offre gratuitement une salle pour la conf\u00e9rence du Patronat Juif en France.<br \/>\nIl faut rappeler que le Parti Travailliste d\u2019occupation en <strong>Palestine<\/strong> est membre de l\u2019Internationale Socialiste de Collomb qui affirme : \u00ab\u00a0Je tiens \u00e0 confirmer mon soutien fid\u00e8le et inconditionnel \u00e0 la communaut\u00e9 juive ainsi qu\u2019\u00e0 l\u2019\u00e9tat d\u2019<strong>Isra\u00ebl<\/strong> , dans les \u00e9preuves douloureuses qui les touchent, comme je soutiens tous les d\u00e9fenseurs de la paix au Proche Orient\u00a0\u00bb.<br \/>\nAu moment o\u00f9 les dictateurs tombent et les oppresseurs tremblent, la France et G\u00e9rard Collomb continuent \u00e0 soutenir un r\u00e9gime raciste et d\u2019apartheid qui massacre en <strong>Palestine<\/strong> depuis plus de 60 ans, en salissant l\u2019image de notre pays \u00e0 l\u2019\u00e9tranger et en donnant des arguments aux extr\u00e9mistes qui exploitent ces atteintes aux libert\u00e9s fondamentales et constitutionnelles (droit de manifester, et droit de s\u2019exprimer).<br \/>\nCette r\u00e9action montre la peur des sionistes devant des \u00e9v\u00e8nements qui leur \u00e9chappent. L\u2019avenir nous appartient car nous, nous d\u00e9fendons le droit, la libert\u00e9 et la justice.<br \/>\nNous appelons tous les amis du peuple palestinien ainsi que les d\u00e9mocrates \u00e0 d\u00e9noncer ce choix politique d\u00e9sastreux et \u00e0 en tenir compte lors de toutes les prochaines \u00e9ch\u00e9ances \u00e9lectorales.<\/p>\n<p align=\"justify\"><strong>RESISTANCE PALESTINE <\/strong><\/p>\n<p align=\"justify\">06 18 79 76 61 <a href=\"http:\/\/www.resistancepalestine.fr\/\" target=\"_blank\">http:\/\/www.resistancepalestine.fr<\/a><\/p>\n<p align=\"justify\">Vous trouverez <a href=\"http:\/\/www.megaupload.com\/?d=2LBBHNRT\" target=\"_blank\">\u00e0 ce lien un fichier ZIP <\/a>avec les photos de l&rsquo;agression subie par R\u00e9sistance <strong>Palestine<\/strong> et ses sympathisants par les chiens de garde du maire \u00ab\u00a0SOSIONISTE\u00a0\u00bb (et non plus Socialiste) g\u00e9rard CollON.<br \/>\nPhotos prises par RP \u00e0 diffuser sans mod\u00e9ration.<br \/>\nRemarque : Le lien est un peu lent. Pour d\u00e9compresser le fichier, utiliser un logiciel de d\u00e9compression (winzip, winrare ou 7zip&#8230;etc). Tr\u00e8s prochainement, les vid\u00e9os seront \u00e0 votre disposition.<\/p>\n<p align=\"right\"><strong>R\u00e9sistance Palestine <\/strong><\/p>\n<\/div>\n","protected":false},"excerpt":{"rendered":"<p>La Coordination contre le Racisme et l\u2019Islamophobie et le collectif R\u00e9sistance Palestine d\u00e9noncent avec la plus grande fermet\u00e9 la d\u00e9cision du Maire de Lyon, G\u00e9rard Collomb, de nous interdire la Salle Rameau \u00e0 Lyon, dans laquelle nous devions organiser ce 12 F\u00e9vrier 2011 la conf\u00e9rence \u00ab\u00a0Gaza, 2 ans apr\u00e8s\u00a0\u00bb avec Georges Galloway (ex d\u00e9put\u00e9 britannique, [&hellip;]<\/p>\n","protected":false},"author":1,"featured_media":1533,"comment_status":"closed","ping_status":"closed","sticky":false,"template":"","format":"standard","meta":{"footnotes":""},"categories":[13],"tags":[],"class_list":["post-924","post","type-post","status-publish","format-standard","has-post-thumbnail","hentry","category-imperialisme-resistances"],"views":2427,"_links":{"self":[{"href":"http:\/\/www.comiteactionpalestine.org\/word\/wp-json\/wp\/v2\/posts\/924","targetHints":{"allow":["GET"]}}],"collection":[{"href":"http:\/\/www.comiteactionpalestine.org\/word\/wp-json\/wp\/v2\/posts"}],"about":[{"href":"http:\/\/www.comiteactionpalestine.org\/word\/wp-json\/wp\/v2\/types\/post"}],"author":[{"embeddable":true,"href":"http:\/\/www.comiteactionpalestine.org\/word\/wp-json\/wp\/v2\/users\/1"}],"replies":[{"embeddable":true,"href":"http:\/\/www.comiteactionpalestine.org\/word\/wp-json\/wp\/v2\/comments?post=924"}],"version-history":[{"count":4,"href":"http:\/\/www.comiteactionpalestine.org\/word\/wp-json\/wp\/v2\/posts\/924\/revisions"}],"predecessor-version":[{"id":1534,"href":"http:\/\/www.comiteactionpalestine.org\/word\/wp-json\/wp\/v2\/posts\/924\/revisions\/1534"}],"wp:featuredmedia":[{"embeddable":true,"href":"http:\/\/www.comiteactionpalestine.org\/word\/wp-json\/wp\/v2\/media\/1533"}],"wp:attachment":[{"href":"http:\/\/www.comiteactionpalestine.org\/word\/wp-json\/wp\/v2\/media?parent=924"}],"wp:term":[{"taxonomy":"category","embeddable":true,"href":"http:\/\/www.comiteactionpalestine.org\/word\/wp-json\/wp\/v2\/categories?post=924"},{"taxonomy":"post_tag","embeddable":true,"href":"http:\/\/www.comiteactionpalestine.org\/word\/wp-json\/wp\/v2\/tags?post=924"}],"curies":[{"name":"wp","href":"https:\/\/api.w.org\/{rel}","templated":true}]}}