{"id":910,"date":"2012-03-23T21:58:18","date_gmt":"2012-03-23T20:58:18","guid":{"rendered":"http:\/\/www.comiteactionpalestine.org\/word\/?p=910"},"modified":"2014-04-21T14:39:30","modified_gmt":"2014-04-21T13:39:30","slug":"la-journee-de-la-terre-symbole-de-resistance-au-sionisme","status":"publish","type":"post","link":"http:\/\/www.comiteactionpalestine.org\/word\/la-journee-de-la-terre-symbole-de-resistance-au-sionisme\/","title":{"rendered":"La Journ\u00e9e de la Terre : symbole de r\u00e9sistance au sionisme"},"content":{"rendered":"<div class=\"pdfprnt-buttons pdfprnt-buttons-post pdfprnt-top-right\"><a href=\"http:\/\/www.comiteactionpalestine.org\/word\/wp-json\/wp\/v2\/posts\/910?print=pdf\" class=\"pdfprnt-button pdfprnt-button-pdf\" target=\"_blank\"><img decoding=\"async\" src=\"http:\/\/www.comiteactionpalestine.org\/word\/wp-content\/plugins\/pdf-print\/images\/pdf.png\" alt=\"image_pdf\" title=\"Afficher le PDF\" \/><\/a><a href=\"http:\/\/www.comiteactionpalestine.org\/word\/wp-json\/wp\/v2\/posts\/910?print=print\" class=\"pdfprnt-button pdfprnt-button-print\" target=\"_blank\"><img decoding=\"async\" src=\"http:\/\/www.comiteactionpalestine.org\/word\/wp-content\/plugins\/pdf-print\/images\/print.png\" alt=\"image_print\" title=\"Contenu imprim\u00e9\" \/><\/a><\/div><p style=\"text-align: justify;\"><a href=\"http:\/\/www.comiteactionpalestine.org\/word\/wp-content\/uploads\/2012\/03\/img4f6c327324f6c1.jpg\"><img decoding=\"async\" class=\"alignright size-full wp-image-995\" src=\"http:\/\/www.comiteactionpalestine.org\/word\/wp-content\/uploads\/2012\/03\/img4f6c327324f6c1.jpg\" alt=\"img4f6c327324f6c[1]\" width=\"139\" height=\"200\" \/><\/a><strong><strong>C\u2019est pourquoi la Journ\u00e9e de la Terre est hautement symbolique : elle exprime \u00e0 la fois la r\u00e9sistance au sionisme et le refus de l\u2019usurpation de la terre qui est l\u2019essence-m\u00eame de la colonisation<\/strong>\u00a0<\/strong><strong>juive de la Palestine.<\/strong><\/p>\n<p style=\"text-align: justify;\">Depuis plus d\u2019un si\u00e8cle, l\u2019entit\u00e9 sioniste b\u00e9n\u00e9ficie du soutien inconditionnel des puissances imp\u00e9rialistes occidentales qui la consid\u00e8rent comme leur chien de garde au Proche et au Moyen-Orient. D\u00e8s le d\u00e9part, l\u2019objectif de la politique imp\u00e9rialiste est de s\u2019emparer des ressources naturelles de la r\u00e9gion et de conqu\u00e9rir de nouveaux march\u00e9s. Aujourd\u2019hui, cet objectif est poursuivi avec un cynisme d\u2019autant plus grand que les Etats occidentaux se trouvent au bord de l\u2019effondrement \u00e9conomique. Pour ne citer qu\u2019un exemple, Alain Jupp\u00e9 n\u2019a-t-il pas d\u00e9clar\u00e9 en ao\u00fbt dernier que l\u2019intervention en Libye \u00e9tait \u00ab\u00a0<em>un investissement pour l\u2019avenir ?<\/em>\u00a0\u00bb<\/p>\n<p style=\"text-align: justify;\">Maintenir sous le joug toute la r\u00e9gion, la fragmenter selon des fronti\u00e8res voulues par lui, en d\u00e9truire les identit\u00e9s et l\u2019histoire, la soumettre \u00e0 ses cadres politiques et id\u00e9ologiques : voil\u00e0 ce que l\u2019imp\u00e9rialisme pr\u00e9tend imposer aux peuples du Proche et du Moyen-Orient. Et dans le contexte des mouvements populaires dans le Monde arabe, ses r\u00e9actions ob\u00e9issent au m\u00eame imp\u00e9ratif : emp\u00eacher la g\u00e9n\u00e9ralisation d\u2019un mouvement de masse d\u2019\u00e9mancipation et de r\u00e9sistance au sionisme. Aujourd\u2019hui, les alliances sont \u00e9videntes. L\u2019Arabie Saoudite et le Qatar se positionnent clairement dans le camp imp\u00e9rialiste en r\u00e9alisant sa strat\u00e9gie de contre-r\u00e9volution. Hier en Libye, aujourd\u2019hui en Syrie, demain en Iran : l\u2019Occident et ses alli\u00e9s tentent de poursuivre leur vieille entreprise de d\u00e9mant\u00e8lement de toute la r\u00e9gion.<\/p>\n<p style=\"text-align: justify;\">Mais la sup\u00e9riorit\u00e9 technologique et militaire ne peut venir \u00e0 bout de la l\u00e9gitime soif de libert\u00e9 et de justice qui fait se lever les damn\u00e9s de la terre. Le monde arabe vit un moment de rupture historique. Le processus r\u00e9volutionnaire en cours dans les pays arabes nous le montre, m\u00eame s\u2019il est encore loin d\u2019\u00eatre achev\u00e9. Il est clair qu\u2019il s\u2019agit d\u2019en finir avec les r\u00e9gimes politiques assujettis \u00e0 l\u2019imp\u00e9rialisme, qui ont entrav\u00e9 le d\u00e9veloppement \u00e9conomique, social et politique de leurs peuples, et qui collaborent avec l\u2019entit\u00e9 sioniste. Les peuples \u00e9gyptien et tunisien ont d\u00e9capit\u00e9 les dictatures pro-sionistes de Ben Ali et de Moubarak. En Libye, en d\u00e9pit du coup d\u2019Etat qui a conduit \u00e0 la mise \u00e0 mort sauvage de Kadhafi par les vassaux de l\u2019imp\u00e9rialisme et \u00e0 l\u2019installation au pouvoir d\u2019un CNT aux ordres, rien n\u2019est acquis ; en Syrie, o\u00f9 le pouvoir en place dispose d\u2019une arm\u00e9e plus forte qu\u2019en Libye ainsi que du soutien de la Chine, de la Russie et de l\u2019Iran, la contre-r\u00e9volution a \u00e9t\u00e9 mise en d\u00e9route. En Palestine, la collaboration active de l\u2019Autorit\u00e9 palestinienne avec l\u2019entit\u00e9 sioniste ne vient pas \u00e0 bout de la t\u00e9nacit\u00e9 de la r\u00e9sistance qui refuse toujours de reconna\u00eetre la l\u00e9gitimit\u00e9 de son agresseur et d\u2019accepter la juda\u00efsation de sa terre. Malgr\u00e9 la poursuite de la colonisation en Cisjordanie, \u00e0 J\u00e9rusalem, des d\u00e9portations des bergers du Naqab, et la situation socio-\u00e9conomique d\u00e9sastreuse \u00e0 Gaza, le peuple palestinien dans son ensemble continue \u00e0 lutter contre la colonisation et \u00e0 revendiquer ses droits. Et tout particuli\u00e8rement le droit au retour, dont l\u2019application signifierait la fin du syst\u00e8me colonial sioniste.<\/p>\n<p style=\"text-align: justify;\">Par cons\u00e9quent, en d\u00e9pit des efforts de l\u2019imp\u00e9rialisme pour saboter le processus r\u00e9volutionnaire en cours, de grandes victoires ont \u00e9t\u00e9 acquises et rien ne sera jamais plus comme avant. Les peuples savent d\u00e9sormais que leur volont\u00e9 et leur d\u00e9termination peuvent renverser les dictatures et changer la face du monde. Comme les peuples arabes retrouveront la libert\u00e9 que l\u2019imp\u00e9rialisme leur a depuis trop longtemps confisqu\u00e9e, le peuple palestinien r\u00e9cup\u00e8rera la terre qui est la sienne, et le sionisme sera balay\u00e9 par le vent de l\u2019histoire.<\/p>\n<p style=\"text-align: justify;\"><strong>La lutte contre le sionisme et l\u2019imp\u00e9rialisme appara\u00eet d\u00e9sormais comme une n\u00e9cessit\u00e9 historique.<\/strong><\/p>\n<p style=\"text-align: justify;\">C\u2019est bien ce qui fait trembler les Etats occidentaux. Ceux-ci se trouvent mis en \u00e9chec par la r\u00e9sistance anti-imp\u00e9rialiste dans leurs tentatives de retrouver une puissance au moins \u00e9gale \u00e0 celle des empires coloniaux d\u2019autrefois. Leur seule politique est la violence guerri\u00e8re et son cort\u00e8ge de crimes pour contr\u00f4ler les ressources \u00e9conomiques strat\u00e9giques. Du coup les masques tombent et la l\u00e9gitimation de cette violence retrouve le visage ouvertement raciste de l\u2019\u00e9poque coloniale.<\/p>\n<p style=\"text-align: justify;\">En France, l\u2019islamophobie tient lieu de fil conducteur aux discours d\u2019une classe politique id\u00e9ologiquement vide. Et celle-ci multiplie les clich\u00e9s racistes les plus \u00e9cul\u00e9s. Ainsi, lorsque le ministre de l\u2019Int\u00e9rieur fran\u00e7ais \u00e9nonce que \u00ab\u00a0<em>toutes les civilisations ne se valent pas<\/em>\u00a0\u00bb, ne reprend-il pas de fa\u00e7on path\u00e9tique le vieil argument colonial de ceux qui pr\u00e9tendaient \u00ab civiliser les sauvages \u00bb ? Et que cherche-t-il \u00e0 justifier, sinon l\u2019oppression des musulmans qui repr\u00e9sentent, en France et dans le monde arabe, le plus fort potentiel de r\u00e9sistance au sionisme et \u00e0 l\u2019imp\u00e9rialisme ? C\u2019est pourquoi on ne peut d\u00e9lier le racisme islamophobe des int\u00e9r\u00eats sionistes, comme on ne peut d\u00e9lier les int\u00e9r\u00eats sionistes de ceux des Etats occidentaux.<\/p>\n<p style=\"text-align: justify;\">Ainsi l\u2019Etat fran\u00e7ais, qui participe largement \u00e0 l\u2019entreprise imp\u00e9rialiste et collabore activement avec l\u2019Etat d\u2019Isra\u00ebl, contribue sans scrupule aux campagnes d\u2019accusation d\u2019antis\u00e9mitisme, d\u2019injonction en justice et de censure envers tous ceux qui remettent en question l\u2019entit\u00e9 sioniste. Dernier exemple en date, le Pr\u00e9sident de l\u2019Universit\u00e9 de Paris 8, qui, sous la pression du CRIF, a r\u00e9cemment fait interdire un colloque portant sur le sujet \u00ab Isra\u00ebl, Etat d\u2019apartheid \u00bb.<\/p>\n<p style=\"text-align: justify;\">Et pourvu que la chasse aux sorci\u00e8res soit efficace, qu\u2019importe la contradiction ?&#8230;. Quand il s\u2019agit d\u2019Isra\u00ebl, le droit \u00e0 la libert\u00e9 d\u2019expression est viol\u00e9, alors qu\u2019il ne manque pas, en d\u2019autres circonstances, notamment quand il s\u2019agit d\u2019Islam et des musulmans, d\u2019\u00eatre clam\u00e9 \u00e0 cors et \u00e0 cris par toute l\u2019intelligentsia et la classe politique\u2026<\/p>\n<p style=\"text-align: justify;\">Il est donc plus que jamais imp\u00e9ratif de se mobiliser pour d\u00e9noncer cette collaboration de criminels que repr\u00e9sentent la classe politique fran\u00e7aise et l\u2019Etat sioniste.<\/p>\n<div style=\"text-align: justify;\">V<strong>ive la lutte du peuple palestinien !<\/strong><\/div>\n<div style=\"text-align: justify;\"><strong><span style=\"color: #ff0000;\">Vive la lutte des peuples arabes!<\/span><\/strong><\/div>\n<div style=\"text-align: justify;\"><strong><span style=\"color: #009900;\">A bas le sionisme !<\/span><\/strong><\/div>\n<div style=\"text-align: right;\"><strong><span style=\"font-size: small;\">Comit\u00e9 Action Palestine<\/span><\/strong><\/div>\n","protected":false},"excerpt":{"rendered":"<p>C\u2019est pourquoi la Journ\u00e9e de la Terre est hautement symbolique : elle exprime \u00e0 la fois la r\u00e9sistance au sionisme et le refus de l\u2019usurpation de la terre qui est l\u2019essence-m\u00eame de la colonisation\u00a0juive de la Palestine. Depuis plus d\u2019un si\u00e8cle, l\u2019entit\u00e9 sioniste b\u00e9n\u00e9ficie du soutien inconditionnel des puissances imp\u00e9rialistes occidentales qui la consid\u00e8rent comme [&hellip;]<\/p>\n","protected":false},"author":1,"featured_media":0,"comment_status":"closed","ping_status":"closed","sticky":false,"template":"","format":"standard","meta":{"footnotes":""},"categories":[13],"tags":[],"class_list":["post-910","post","type-post","status-publish","format-standard","hentry","category-imperialisme-resistances"],"views":2379,"_links":{"self":[{"href":"http:\/\/www.comiteactionpalestine.org\/word\/wp-json\/wp\/v2\/posts\/910","targetHints":{"allow":["GET"]}}],"collection":[{"href":"http:\/\/www.comiteactionpalestine.org\/word\/wp-json\/wp\/v2\/posts"}],"about":[{"href":"http:\/\/www.comiteactionpalestine.org\/word\/wp-json\/wp\/v2\/types\/post"}],"author":[{"embeddable":true,"href":"http:\/\/www.comiteactionpalestine.org\/word\/wp-json\/wp\/v2\/users\/1"}],"replies":[{"embeddable":true,"href":"http:\/\/www.comiteactionpalestine.org\/word\/wp-json\/wp\/v2\/comments?post=910"}],"version-history":[{"count":4,"href":"http:\/\/www.comiteactionpalestine.org\/word\/wp-json\/wp\/v2\/posts\/910\/revisions"}],"predecessor-version":[{"id":1551,"href":"http:\/\/www.comiteactionpalestine.org\/word\/wp-json\/wp\/v2\/posts\/910\/revisions\/1551"}],"wp:attachment":[{"href":"http:\/\/www.comiteactionpalestine.org\/word\/wp-json\/wp\/v2\/media?parent=910"}],"wp:term":[{"taxonomy":"category","embeddable":true,"href":"http:\/\/www.comiteactionpalestine.org\/word\/wp-json\/wp\/v2\/categories?post=910"},{"taxonomy":"post_tag","embeddable":true,"href":"http:\/\/www.comiteactionpalestine.org\/word\/wp-json\/wp\/v2\/tags?post=910"}],"curies":[{"name":"wp","href":"https:\/\/api.w.org\/{rel}","templated":true}]}}