{"id":737,"date":"2008-09-21T21:51:37","date_gmt":"2008-09-21T20:51:37","guid":{"rendered":"http:\/\/www.comiteactionpalestine.org\/word\/?p=737"},"modified":"2014-04-13T22:01:24","modified_gmt":"2014-04-13T21:01:24","slug":"lettre-de-abdelfattah-abusrur-directeur-dal-rowwad-au-president-de-lautorite-palestinienne","status":"publish","type":"post","link":"http:\/\/www.comiteactionpalestine.org\/word\/lettre-de-abdelfattah-abusrur-directeur-dal-rowwad-au-president-de-lautorite-palestinienne\/","title":{"rendered":"Lettre de Abdelfattah Abusrur, directeur d&rsquo;Al Rowwad au Pr\u00e9sident de l&rsquo;Autorit\u00e9 Palestinienne"},"content":{"rendered":"<div class=\"pdfprnt-buttons pdfprnt-buttons-post pdfprnt-top-right\"><a href=\"http:\/\/www.comiteactionpalestine.org\/word\/wp-json\/wp\/v2\/posts\/737?print=pdf\" class=\"pdfprnt-button pdfprnt-button-pdf\" target=\"_blank\"><img decoding=\"async\" src=\"http:\/\/www.comiteactionpalestine.org\/word\/wp-content\/plugins\/pdf-print\/images\/pdf.png\" alt=\"image_pdf\" title=\"Afficher le PDF\" \/><\/a><a href=\"http:\/\/www.comiteactionpalestine.org\/word\/wp-json\/wp\/v2\/posts\/737?print=print\" class=\"pdfprnt-button pdfprnt-button-print\" target=\"_blank\"><img decoding=\"async\" src=\"http:\/\/www.comiteactionpalestine.org\/word\/wp-content\/plugins\/pdf-print\/images\/print.png\" alt=\"image_print\" title=\"Contenu imprim\u00e9\" \/><\/a><\/div><table width=\"98%\" cellspacing=\"0\" cellpadding=\"0\">\n<tbody>\n<tr>\n<td>le 21\/9\/2008 10:30:22\u00a0(713 lectures)<\/td>\n<\/tr>\n<tr>\n<td>\n<div>\n<p style=\"text-align: justify\"><strong><a href=\"http:\/\/www.comiteactionpalestine.org\/word\/wp-content\/uploads\/2014\/04\/abusrur-13.jpg\"><img fetchpriority=\"high\" decoding=\"async\" class=\"alignright size-full wp-image-738\" alt=\"abusrur (13)\" src=\"http:\/\/www.comiteactionpalestine.org\/word\/wp-content\/uploads\/2014\/04\/abusrur-13.jpg\" width=\"300\" height=\"168\" \/><\/a>Abdelfattah Abusrur<\/strong>\u00a0est le directeur du th\u00e9\u00e2tre Al Rowwad du camp de r\u00e9fugi\u00e9s A\u00efda de Bethl\u00e9em dont la troupe est venue deux fois en Gironde invit\u00e9e par le CAP.<\/p>\n<p style=\"text-align: justify\" align=\"justify\">Il y a deux ans, ils nous avaient racont\u00e9 leur histoire malgr\u00e9 la tentative de censure des sionistes et de leurs complices (<a href=\"http:\/\/www.comiteactionpalestine.org\/modules\/wfsection\/viewarticles.php?category=5\" target=\"_blank\">voir le dossier<\/a>\u00a0).<\/p>\n<p style=\"text-align: justify\" align=\"justify\"><a href=\"http:\/\/www.comiteactionpalestine.org\/modules\/wfsection\/article.php?articleid=42\" target=\"_blank\">Cet \u00e9t\u00e9<\/a>\u00a0ils sont venus nous parler, sous forme de fable, de pr\u00e9jug\u00e9s, de racisme, pour mieux apprendre au public \u00e0 s&rsquo;en m\u00e9fier, mais ils nous ont aussi chant\u00e9 de magnifiques chansons dont nous avons retenu un refrain :\u00a0<strong>\u00ab\u00a0L<em>a Palestine est arabe et ses enfants la lib\u00e8reront<\/em>\u00a0\u00ab\u00a0<\/strong><\/p>\n<p style=\"text-align: justify\" align=\"justify\">Aujourd&rsquo;hui, \u00e0 la suite des d\u00e9clarations inacceptables de Mahmoud Abbas, pr\u00eat \u00e0 conc\u00e9der \u00e0 l&rsquo;occupant sioniste ce qu&rsquo;aucun Palestinien ne conc\u00e8dera jamais, car le droit au retour est un droit inali\u00e9nable, Abdelfattah lui a \u00e9crit une lettre ouverte, et il l&rsquo;a traduite pour nous.<\/p>\n<hr \/>\n<p align=\"justify\">Cher M. le Pr\u00e9sident de l&rsquo;Autorit\u00e9 Palestinienne,<\/p>\n<p align=\"justify\">Je m&rsquo;appelle Abdelfattah Abdelkarim Hasan Ibrahim Mohamad Ahmad Mostafa Ibrahim Srour Abusrour. Je suis n\u00e9 au camp de r\u00e9fugi\u00e9 d&rsquo;Aida, sur un terrain lou\u00e9 pour 99 ans par l&rsquo;UNRWA des propri\u00e9taires Palestiniens de la ville de Bethl\u00e9em. Mes deux fr\u00e8res ain\u00e9s, mon p\u00e8re ainsi que son p\u00e8re et tous ceux qui sont n\u00e9s avant eux, sont n\u00e9s dans le village de Beit Nateef, un des villages d\u00e9truits le 21 Octobre 1948 par les bandits sionistes. Ma m\u00e8re est n\u00e9e dans le village de Zakareyya, aussi d\u00e9truit en 1948. Ce sont deux villages parmi les 534 villages d\u00e9truits par les bandits Sionistes.<\/p>\n<p align=\"justify\">J&rsquo;ai grandi dans le camp de r\u00e9fugi\u00e9 d&rsquo;Aida. Lorsque j&rsquo;avais 4 ans, je me souviens que la plupart des habitants de camp se cachaient dans le cave derri\u00e8re notre maison. Je me souviens des vieux parlant de la guerre. Je me rappelle que le ciel \u00e9tait incrust\u00e9 d&rsquo;avions, et que nous les enfants, nous \u00e9tions couverts par des couvertures noires, dans les soins de nos m\u00e8res.<\/p>\n<p align=\"justify\">Je me souviens le premier couvre-feu apr\u00e8s l&rsquo;occupation Isra\u00e9lienne dans le camp Aida en 1968. Je me souviens de premier soldat isra\u00e9lien, qui \u00e9tait un vieux Juif Irakien d&rsquo;environ 60 ans, qui \u00e9tait positionn\u00e9 juste devant la porte de notre maison. Je me souviens de jour o\u00f9 mon deuxi\u00e8me fr\u00e8re \u00e9tait invit\u00e9 pour un entrevu chez l&rsquo;administration de l&rsquo;occupation militaire en 1972. Il n&rsquo;est jamais revenu \u00e0 la maison. Je me souviens de son exile apr\u00e8s six mois en prison, sans confession et sans jugement.<\/p>\n<p align=\"justify\">Je me rappelle les premiers points collectifs de distribution d&rsquo;eau dans le camp. Il y avait quatre points avec quatre robinets chacun pour toute la population de camp. Je me souviens aussi de premiers WC collectifs. Il y avait aussi quatre points, chaque point est compos\u00e9 d&rsquo;un WC male et un femelle. Je me souviens de terrains autour de camp, o\u00f9 nous avions l&rsquo;habitude de jouer, de pr\u00e9senter nos petits spectacle de th\u00e9\u00e2tre dans la nature. Je me souviens des grands trous dans la terre ; lorsqu&rsquo;ils se replissaient d&rsquo;eau, ils devenaient nos piscines.<\/p>\n<p align=\"justify\">Je me souviens de la premi\u00e8re colonie Isra\u00e9lienne autour de camp, la colonie Gilo\u2026 Les grues y travaillent toujours depuis les d\u00e9buts des ann\u00e9es 70.Je me souviens des religieux Juifs venant \u00e0 la Mosqu\u00e9e de Bilal Ibn Rabah, qui \u00e9tait transform\u00e9 en Synagogue apr\u00e8s l&rsquo;occupation de 1967, et rebaptis\u00e9 le Tombeau de Rachel pour faire leurs pri\u00e8res. Nous nous \u00e9tions plus permit de laver nos morts et faire une derni\u00e8re pri\u00e8re sur eux avant de les enterrer, dans la cimeti\u00e8re juste \u00e0 c\u00f4t\u00e9.<\/p>\n<p align=\"justify\">Je me souviens de premiers points de contr\u00f4le militaire isra\u00e9liens entre Bethl\u00e9em et Alquds-J\u00e9rusalem. Je me souviens des premiers permis exig\u00e9s par les Isra\u00e9liens, et toutes les routes alternatives et les chemins pour contourner les points militaires pour ceux qui n&rsquo;avaient pas de permis.<\/p>\n<p align=\"justify\">Je me souviens de l&rsquo;\u00e9volution de mur de s\u00e9paration de l&rsquo;\u00e9tat o\u00f9 il n&rsquo;\u00e9tait qu&rsquo;un amas de terre et d&rsquo;\u00e9normes trous dans les routes et les rues, et puis en barbel\u00e9, et ensuite en block de ciment de 2 m\u00e8tres, et 4 m\u00e8tres et 8 \u00e0 12 m\u00e8tres d&rsquo;hauteur. Je me souviens de tous les temps o\u00f9 j&rsquo;ai \u00e9t\u00e9 captur\u00e9 par les soldats Isra\u00e9liens sur le chemin vers ma famille \u00e0 J\u00e9rusalem- mon \u00e9pouse est de J\u00e9rusalem Est. Je me souviens de 6 ans sans permis om j&rsquo;ai pris tous les chemins connus ou inconnus de Bethl\u00e9em \u00e0 Alquds, que ce soit par l&rsquo;Est ou par l&rsquo;Ouest, par les routes principales, ou par les vall\u00e9es ou les collines.<\/p>\n<p align=\"justify\">Je me souviens de cet espace qui s&rsquo;est r\u00e9tr\u00e9cit dans le camp, et que cette population croissante d&rsquo;environs 5000 habitants originaires de 41 villages d\u00e9truits par les bandits sionistes, o\u00f9 66 pourcent on moins de 18 ans, o\u00f9 la rue est le seul espace de jeu. Des murs ont \u00e9t\u00e9 construits encerclant le camp de l&rsquo;Est, du Nord et de l&rsquo;Ouest.<\/p>\n<p align=\"justify\">Je me souviens de cet accord de J\u00e9richo, o\u00f9 le check point \u00e0 la sortie de J\u00e9richo ne devrait \u00eatre que symbolique, et o\u00f9 on passe des heures pour sortir de J\u00e9richo parce que c&rsquo;est la volont\u00e9 de n&rsquo;importe quel petit soldat d&rsquo;une arm\u00e9e d&rsquo;occupation Et nous n\u00e9gocions maintenant un passage vers la vielle ville de J\u00e9rusalem, sous contr\u00f4le de cette m\u00eame arm\u00e9e d&rsquo;occupation Isra\u00e9lienne.<\/p>\n<p align=\"justify\">Je me souviens qui nous \u00e9tions nourri l&rsquo;amour de ce pays occup\u00e9, parce qu&rsquo;il est le n\u00f4tre. Je me souviens des cl\u00e9s rouill\u00e9es des nos maisons dans notre village de Beit Nateef, des cl\u00e9s pour des portes qui n&rsquo;existent plus, des cl\u00e9s qui ont leurs portes dans nos c\u0153urs et dans notre imagination\u2026. Des cl\u00e9s pour des portes qui \u00e9taient r\u00e9elles et qui ont exist\u00e9es, pour des maisons r\u00e9elles et qui avaient exist\u00e9es, o\u00f9 des vrais gens ont v\u00e9cus et ont \u00e9lev\u00e9s leurs enfants. Ces cl\u00e9s rouill\u00e9es sont encore avec moi. Je me souviens qui nous \u00e9tions \u00e9lev\u00e9s avec cette croyance \u00e9ternelle que le droit est le droit, et que rien ne justifie de l&rsquo;ignorer. Je me souviens que notre droit au retour dans nos maisons et nos villages d&rsquo;origine est un droit eternel, et rien ne puis le changer, ni ce qu&rsquo;on appelle \u00ab les r\u00e9alit\u00e9s sur le terrain \u00bb, ni les accords politiques, parce que ce n&rsquo;est pas seulement un droit collectif mais un droit individuel\u2026. C&rsquo;est de mon droit M. le Pr\u00e9sident, et le droit de mes enfants et mes grands enfants et tous ceux qui suivrons peu importe o\u00f9 ils seront n\u00e9s.<\/p>\n<p align=\"justify\">Cher M. le Pr\u00e9sident<\/p>\n<p align=\"justify\">Je me rappelle le d\u00e9c\u00e8s de ma m\u00e8re, le 9 Septembre 2003. Elle avait 75 ans. Je me rappelle la mort de mon p\u00e8re le 26 D\u00e9cembre 2006. Il avait 96 ans. Ma m\u00e8re et mon p\u00e8re esp\u00e9raient \u00eatre enterr\u00e9s dans leur village de Beit Nateef, l\u00e0 o\u00f9 ils se sont mari\u00e9s, l\u00e0 o\u00f9 ils ont \u00e9lev\u00e9s quelques uns des leurs enfants, l\u00e0 o\u00f9 ils ont irrigu\u00e9s leur terre de sueur, de sangs et de larmes, l\u00e0 o\u00f9 ils ont rempli la terre de joie, de bonheur, de rires et de chuchotements.<\/p>\n<p align=\"justify\">Mes parents sont enterr\u00e9s dans le cimeti\u00e8re du camp Aida. Le tombeau de ma m\u00e8re est juste sous le tour de sniper militaire, entour\u00e9s de barbel\u00e9s. Le tombeau de ma m\u00e8re ne m&rsquo;est pas accessible. Je ne peux m\u00eame pas la rendre visite un jour de f\u00eate ou un autre jours pour lui r\u00e9citer un surate de Coran.<\/p>\n<p align=\"justify\">Cher M. le Pr\u00e9sident<\/p>\n<p align=\"justify\">J&rsquo;ai \u00e9t\u00e9 rempli d&rsquo;espoir qu&rsquo;apr\u00e8s 60 ans d&rsquo;occupation, qu&rsquo;apr\u00e8s 60 ans de r\u00e9sistance arm\u00e9e et non-arm\u00e9e, que nous pourrions r\u00e9aliser quelque chose autre que les promesses futiles. J&rsquo;ai \u00e9t\u00e9 plein d&rsquo;espoir que nous ne rendrons jamais nos droits, que nos droits sont reconnus par le monde entier, m\u00eame si le monde entier reste complice avec l&rsquo;injustice. J&rsquo;ai \u00e9t\u00e9 rempli d&rsquo;espoir que rien ne justifie que nous renon\u00e7ons \u00e0 nos droits, malgr\u00e9 toutes \u00ab les r\u00e9alit\u00e9s sur le terrain \u00bb comme ils le disent. Autrement, quel h\u00e9ritage nous laissons \u00e0 nos enfants et les g\u00e9n\u00e9rations \u00e0 venir. Faut-ils leur dire : Allez et laissez-vous emporter par le vent\u2026 Ne r\u00e9sistez jamais l&rsquo;oppression, et ne levez vous pas devant l&rsquo;injustice. L&rsquo;importance de rester vivant, m\u00eame si cette vie n&rsquo;est qu&rsquo;une vie d&rsquo;humiliation et non reconnaissance d&rsquo;appartenance \u00e0 la race humaine.<\/p>\n<p align=\"justify\">O\u00f9 est-ce que vous nous amener M. le Pr\u00e9sident ? A quel d\u00e9sert vous nous guidez ? A quelle catastrophe ? Comment osez-vous d\u00e9cider combien de r\u00e9fugi\u00e9s puissent ou ne puissent pas retourner chez eux ? Qui vous a donn\u00e9 la permission de parler en mon nom, et au nom de mes enfants ? Qui vous a demand\u00e9 de d\u00e9clarer les soldes sur nos droits ? Quel est le prix de telles soldes sur les droits de gens et leurs sacrifices pendant 60 ans ?<\/p>\n<p align=\"justify\">L\u00e0 o\u00f9 les r\u00e9solutions des Nations Unies parlent de\u00a0<strong>DROIT AU RETOUR\u00a0<span style=\"text-decoration: underline\">ET<\/span>\u00a0DE DROIT A LA COMPENSATION<\/strong>pour toutes les souffrances dans l&rsquo;exile et dans les camps de refuge, pour toutes ces exploitations de nos terres et nos propri\u00e9t\u00e9s, pour toutes ces ann\u00e9es d&rsquo;humiliation et de torture qui s&#8217;empirent chaque jour, vous osez dire que tout le monde ne veut pas retourner dans leur village d&rsquo;origine ? M\u00eame si c&rsquo;\u00e9tait le cas, cela ne leur enl\u00e8ve aucunement leurs droits dans leurs maisons et leurs terres d&rsquo;origines, qu&rsquo;ils veulent retourner ou pas. S&rsquo;ils veulent vendre aux autres, c&rsquo;est leur choix, mais il n&rsquo;est aucunement le droit de quiconque d&rsquo;autre de d\u00e9cider qui veut et qui ne veut pas retourner. Ce n&rsquo;est pas votre droit, et le droit de quiconque d&rsquo;autre de dire \u00ab ceux qui ne veulent pas retourner, il faudrait les compenser \u00bb. Chaque refugi\u00e9 et fils de refugi\u00e9s et grand fils ou fille de refugi\u00e9 a droit \u00e0 la compensation pour ces 60 ans de Nakba, ceux qui ont quitt\u00e9 ou qui ont \u00e9t\u00e9 forc\u00e9 de quitter\u2026 ceux qui \u00e9taient propri\u00e9taires des terres, qui avaient leur champs d&rsquo;orangeries et des arbres fruitiers. Oui, les oranges de Jaffa existaient avant Isra\u00ebl, et conduirons \u00e0 exister apr\u00e8s Isra\u00ebl, si Isra\u00ebl ne fini pas par les d\u00e9truire aussi comme les oliviers mill\u00e9naires qu&rsquo;il a d\u00e9truit.<\/p>\n<p align=\"justify\">Vous n&rsquo;avez pas \u00e9t\u00e9 \u00e9lu M. le Pr\u00e9sident pour renoncer \u00e0 nos droits \u2026 ou pour abandonner nos espoirs et nos r\u00eaves et les droits de notre people qui est encore dans les camps de refuge, vivant sur des terrains lou\u00e9s, des r\u00e9fugi\u00e9s dans notre propre pays ou ailleurs, et qui attendent toujours ce retour dans les maisons d&rsquo;origine pour 60 d\u00e9j\u00e0.<\/p>\n<p align=\"justify\">Jour apr\u00e8s jour, semaine apr\u00e8s semaine, mois apr\u00e8s mois et ann\u00e9e apr\u00e8s ann\u00e9e nous vivons dans le mensonge, et des promesses bris\u00e9es d&rsquo;un changement\u2026. Mais le changement arrive mais pour le pire et non pas pour le mieux. Rien ne s&rsquo;am\u00e9liore avec toutes ces n\u00e9gociations M. le Pr\u00e9sident ? Faut-il que nous nous d\u00e9shabillons et montrer notre nudit\u00e9 pour qu&rsquo;Isra\u00ebl et ses leaders et ses forces d&rsquo;occupation soient satisfaits que n&rsquo;avons plus rien \u00e0 cacher ?<\/p>\n<p align=\"justify\">Hier, des Isra\u00e9liens ont distribu\u00e9 des papiers \u00e0 J\u00e9rusalem Est utilisant le Coran Sacr\u00e9 et leur Torah disant qu&rsquo;ils ne font qu&rsquo;accomplir la promesse de Dieu pour peupler Isra\u00ebl et chasser tous ceux qui ne sont pas Juifs. Et il faudrait que nous comprenions ce qu&rsquo;ils demandent et leurs aider, en quittant notre pays parce qu&rsquo;il y a tellement d&rsquo;autres pays arabes pour nous accueillir ? Apr\u00e8s cela nous pouvons vivre en paix, et nos enfants peuvent \u00eatre heureux avec leurs enfants, et tout sera merveilleux. Est-ce la prochaine \u00e9tape M. le Pr\u00e9sident ? Est-ce parce que les colonies sur le terrain s&rsquo;\u00e9tendent tellement, et que nous ne pouvons pas forcer notre pr\u00e9sence en Isra\u00ebl, alors il faut que nous soyons gentils pour que le monde entier nous soit sympathique, et faire ce qu&rsquo;Isra\u00ebl veut que nous fassions ? Et ensuite, nous allons parl\u00e9 des compromis terribles et des solutions difficiles, et donc c&rsquo;est \u00e0 nous d&rsquo;\u00eatre les plus gentils et offrir le plus de compromis, et pardonner, et oublier, et abandonner nos droits, et quitter le pays ou mourir, et comme cela tout sera r\u00e9solu ?<\/p>\n<p align=\"justify\">M. le Pr\u00e9sident,<\/p>\n<p align=\"justify\">Je ne suis pas pr\u00eat pour quitter mon pays. Je ne le quitterai jamais de plein gr\u00e9, m\u00eame si c&rsquo;\u00e9tait le seul moyen pour gagner ma vie. Je ne renoncerais jamais \u00e0 mon droit de retour dans mon village d&rsquo;origine, m\u00eame si j&rsquo;ai un forteresse au Royaume Unit, et un ch\u00e2teau en France, et un chalet \u00e0 la mer rouge, et une propri\u00e9t\u00e9 au Bahamas. Mon droit est le mien, et donc ni vous ni aucune autre personne n&rsquo;a le droit d&rsquo;effacer mon droit, de l&rsquo;\u00e9changer ou de jouer avec.<\/p>\n<p align=\"justify\">Nous avions l&rsquo;habitude d&rsquo;entendre parler des lignes rouges qu&rsquo;aucun n\u00e9gociateur ne franchira. Que reste-t-il de ces lignes rouges M. le Pr\u00e9sident ? Nous entendions parler de la ligne verte\u2026 qui est devenue la ligne grise du mur de s\u00e9paration. Les lignes rouges sont devenues des lignes roses et sont tellement dilu\u00e9es dans le blanc qu&rsquo;elles sont devenues invisibles. Est-ce ce qui nous reste de notre r\u00e9sistance historique, et de tout le sang des martyrs et des ann\u00e9es d&#8217;emprisonnement ?<\/p>\n<p align=\"justify\">J&rsquo;esp\u00e8re sinc\u00e8rement que vous quittez de votre tour d&rsquo;ignorance des besoins de votre peuple et que vous descendez un peu sur le terrain et regardez les yeux de ceux qui ont encore la passion pour ce pays malgr\u00e9 ces d\u00e9sastres dans lesquelles nous sommes plong\u00e9es au milieu de ces n\u00e9gociations futiles et non productives, pendant que le sang Palestinien est vers\u00e9 tous les jours par ceux avec qui vous n\u00e9gociez. N&rsquo;avons-nous plus de honte pour arr\u00eater ce cirque de continuer ?<\/p>\n<p align=\"justify\">J&rsquo;aurais beaucoup aim\u00e9 M. le Pr\u00e9sident qu&rsquo;une telle \u00e9nergie de n\u00e9gocier avec les isra\u00e9liens soit investie pour unir les Palestiniens qui sont encore en dispute, et \u00e0 cause d&rsquo;un tel ent\u00eatement de nos leaders politiques, ce n&rsquo;est point vous les leaders qui souffrez, mais votre peuple. Sommes-nous tellement sans valeur que nous ne m\u00e9ritions point votre temps et votre \u00e9nergie pour arr\u00eater cette mascarade et unir votre peuple au lieu de chercher toujours ce qui divise ces \u00e2mes tortur\u00e9s ? Ne suffit-il pas que nous sommes consid\u00e9r\u00e9s comme un cas humanitaire tout simplement, qui ne vaut pas plus qu&rsquo;un sac de farine ou une bouteille d&rsquo;huile ou un m\u00e9dicament p\u00e9rim\u00e9 ? Ne suffit-il pas que toute une population soit transform\u00e9 en mendiants et soit mise dans la pauvret\u00e9, d\u00e9pendant de la charit\u00e9 au lie de l&rsquo;aider \u00e0 produire en gardant leur dignit\u00e9 intacte ? Ne suffit-il pas l&rsquo;humiliation de l&rsquo;occupation que nous soyons forc\u00e9s \u00e0 subir toutes ces humiliations \u00e0 venir ?<\/p>\n<p align=\"justify\">Je suis enti\u00e8rement croyant dans la paix et le non-violence. Je suis enti\u00e8rement croyant dans l&rsquo;espoir, le droit et la justice. Je suis enti\u00e8rement croyant dans les valeurs qui font de l&rsquo;humanit\u00e9 ce qu&rsquo;elle est. Je n&rsquo;ai jamais appris \u00e0 ha\u00efr. Je n&rsquo;ai jamais ha\u00ef personne. Mes parents \u00e9taient une source d&rsquo;amour et de paix. Ils ne m&rsquo;ont jamais appris \u00e0 moi et \u00e0 mes fr\u00e8res quelque chose d&rsquo;autre que le respect des autres et un amour infini \u00e0 donner et \u00e0 aider les autres. Ils nous ont appris que lorsqu&rsquo;on pratique la violence, on perd un parti de son humanit\u00e9. Mais en m\u00eame temps, ils nous ont appris \u00e0 d\u00e9fendre le droit et ce qui est juste et de s&rsquo;\u00e9lever contre tout ce qui injuste, faux et mal. Alors M. le Pr\u00e9sident, j&rsquo;ose vous dire que vous n&rsquo;avez aucun droit, m\u00eame en \u00e9tant le Pr\u00e9sident d&rsquo;une autorit\u00e9 qui n&rsquo;a aucune autorit\u00e9 sur quoi que ce soit-\u00a0<em>\u00e0 l&rsquo;exception probablement de nous- mais qui ne peut nous prot\u00e9ger ou m\u00eame se prot\u00e9ger contre n&rsquo;importe quel petit soldat ou soldate isra\u00e9lien\u00a0<\/em>, pour renoncer \u00e0 nos droits, les droits de deux tiers de votre peuple pour retourner avec dignit\u00e9 dans leurs villages et terres et propri\u00e9t\u00e9s d\u00e9truits, et qu&rsquo;ils soient compens\u00e9s pour toutes leurs souffrances et leur exile, et l&rsquo;exploitation par les sionistes de leurs champs et terres, et le vol de leurs propri\u00e9t\u00e9s et comptes dans les banques anglaises ou autres.<\/p>\n<p align=\"justify\">M. le Pr\u00e9sident<\/p>\n<p align=\"justify\"><a href=\"http:\/\/www.comiteactionpalestine.org\/word\/wp-content\/uploads\/2014\/04\/abdel-450.jpg\"><img decoding=\"async\" class=\"alignright size-full wp-image-739\" alt=\"abdel-450\" src=\"http:\/\/www.comiteactionpalestine.org\/word\/wp-content\/uploads\/2014\/04\/abdel-450.jpg\" width=\"450\" height=\"338\" \/><\/a>Je ne sais pas si vous allez lire ces mots ou pas. Je ne sais pas si je vais rester en vie lorsque vous les lisez ou pas\u2026 Mais en tous les cas, j&rsquo;esp\u00e8re que ces mots qui viennent de c\u0153ur vont dans votre c\u0153ur M. le Pr\u00e9sident, et que vous puissiez trouver l&rsquo;espoir et la force que notre peuple garde encore en lui. Nous ne renon\u00e7ons pas \u00e0 nos droits. La paix peut \u00eatre construite seulement avec la Justice. La paix r\u00e9elle peut \u00eatre b\u00e2tie avec une justice r\u00e9elle\u2026. Toute autre chose n&rsquo;est qu&rsquo;une plaisanterie dans la face de l&rsquo;histoire.<\/p>\n<p align=\"justify\">Je m&rsquo;appelle Abdelfattah Abdelkarim Hasan Ibrahim Mohamad Ahmad Mostafa Ibrahim Srour Abusrour. Je suis encore refugi\u00e9 dans mon propre pays avec deux cl\u00e9s rouill\u00e9es \u00e0 la maison.<\/p>\n<p align=\"right\"><strong><br \/>\nAbdelFattah Abusrour, PhD<br \/>\n<\/strong>Ashoka Fellow<br \/>\nDirector of Al-Rowwad Cultural and Theatre Training Center<\/p>\n<p align=\"left\">email:\u00a0<a href=\"mailto:alrowwadtheatre@gmail.com\">alrowwadtheatre@gmail.com<\/a><br \/>\nsites web :\u00a0<a href=\"http:\/\/alrowwad.virtualactivism.net\/\" target=\"_blank\">http:\/\/alrowwad.virtualactivism.net<\/a>\u00a0&#8211;\u00a0<a href=\"http:\/\/www.amis-alrowwad.org\/\" target=\"_blank\">http:\/\/www.amis-alrowwad.org<\/a>\u00a0&#8211;<a href=\"http:\/\/www.imagesforlifeonline.com\/\" target=\"_blank\">http:\/\/www.imagesforlifeonline.com<\/a><\/p>\n<\/div>\n<\/td>\n<\/tr>\n<\/tbody>\n<\/table>\n","protected":false},"excerpt":{"rendered":"<p>le 21\/9\/2008 10:30:22\u00a0(713 lectures) Abdelfattah Abusrur\u00a0est le directeur du th\u00e9\u00e2tre Al Rowwad du camp de r\u00e9fugi\u00e9s A\u00efda de Bethl\u00e9em dont la troupe est venue deux fois en Gironde invit\u00e9e par le CAP. Il y a deux ans, ils nous avaient racont\u00e9 leur histoire malgr\u00e9 la tentative de censure des sionistes et de leurs complices (voir [&hellip;]<\/p>\n","protected":false},"author":2,"featured_media":0,"comment_status":"closed","ping_status":"closed","sticky":false,"template":"","format":"standard","meta":{"footnotes":""},"categories":[7],"tags":[],"class_list":["post-737","post","type-post","status-publish","format-standard","hentry","category-revolution-palestinienne"],"views":2372,"_links":{"self":[{"href":"http:\/\/www.comiteactionpalestine.org\/word\/wp-json\/wp\/v2\/posts\/737","targetHints":{"allow":["GET"]}}],"collection":[{"href":"http:\/\/www.comiteactionpalestine.org\/word\/wp-json\/wp\/v2\/posts"}],"about":[{"href":"http:\/\/www.comiteactionpalestine.org\/word\/wp-json\/wp\/v2\/types\/post"}],"author":[{"embeddable":true,"href":"http:\/\/www.comiteactionpalestine.org\/word\/wp-json\/wp\/v2\/users\/2"}],"replies":[{"embeddable":true,"href":"http:\/\/www.comiteactionpalestine.org\/word\/wp-json\/wp\/v2\/comments?post=737"}],"version-history":[{"count":3,"href":"http:\/\/www.comiteactionpalestine.org\/word\/wp-json\/wp\/v2\/posts\/737\/revisions"}],"predecessor-version":[{"id":742,"href":"http:\/\/www.comiteactionpalestine.org\/word\/wp-json\/wp\/v2\/posts\/737\/revisions\/742"}],"wp:attachment":[{"href":"http:\/\/www.comiteactionpalestine.org\/word\/wp-json\/wp\/v2\/media?parent=737"}],"wp:term":[{"taxonomy":"category","embeddable":true,"href":"http:\/\/www.comiteactionpalestine.org\/word\/wp-json\/wp\/v2\/categories?post=737"},{"taxonomy":"post_tag","embeddable":true,"href":"http:\/\/www.comiteactionpalestine.org\/word\/wp-json\/wp\/v2\/tags?post=737"}],"curies":[{"name":"wp","href":"https:\/\/api.w.org\/{rel}","templated":true}]}}