{"id":722,"date":"2009-02-11T21:22:10","date_gmt":"2009-02-11T20:22:10","guid":{"rendered":"http:\/\/www.comiteactionpalestine.org\/word\/?p=722"},"modified":"2014-04-13T21:36:19","modified_gmt":"2014-04-13T20:36:19","slug":"palestine-la-resistance-toujours-debout","status":"publish","type":"post","link":"http:\/\/www.comiteactionpalestine.org\/word\/palestine-la-resistance-toujours-debout\/","title":{"rendered":"Palestine : la r\u00e9sistance toujours debout !"},"content":{"rendered":"<div class=\"pdfprnt-buttons pdfprnt-buttons-post pdfprnt-top-right\"><a href=\"http:\/\/www.comiteactionpalestine.org\/word\/wp-json\/wp\/v2\/posts\/722?print=pdf\" class=\"pdfprnt-button pdfprnt-button-pdf\" target=\"_blank\"><img decoding=\"async\" src=\"http:\/\/www.comiteactionpalestine.org\/word\/wp-content\/plugins\/pdf-print\/images\/pdf.png\" alt=\"image_pdf\" title=\"Afficher le PDF\" \/><\/a><a href=\"http:\/\/www.comiteactionpalestine.org\/word\/wp-json\/wp\/v2\/posts\/722?print=print\" class=\"pdfprnt-button pdfprnt-button-print\" target=\"_blank\"><img decoding=\"async\" src=\"http:\/\/www.comiteactionpalestine.org\/word\/wp-content\/plugins\/pdf-print\/images\/print.png\" alt=\"image_print\" title=\"Contenu imprim\u00e9\" \/><\/a><\/div><table width=\"98%\" cellspacing=\"0\" cellpadding=\"0\">\n<tbody>\n<tr>\n<td style=\"text-align: justify\">le 11\/2\/2009 0:30:00\u00a0(667 lectures)<\/td>\n<\/tr>\n<tr>\n<td>\n<p align=\"center\">\n<p style=\"text-align: justify\" align=\"justify\"><span style=\"line-height: 1.5em\">Le Comit\u00e9 Action Palestine revient sur\u00a0 l&rsquo;\u00e9chec des dirigeants sionistes \u00e0 Gaza.<\/span><\/p>\n<p style=\"text-align: justify\" align=\"justify\"><a href=\"http:\/\/www.comiteactionpalestine.org\/word\/wp-content\/uploads\/2014\/04\/palestineforthearabs.jpg\"><img decoding=\"async\" class=\"alignright size-full wp-image-723\" alt=\"palestineforthearabs\" src=\"http:\/\/www.comiteactionpalestine.org\/word\/wp-content\/uploads\/2014\/04\/palestineforthearabs.jpg\" width=\"259\" height=\"189\" \/><\/a><\/p>\n<p style=\"text-align: justify\">\n<p style=\"text-align: justify\">\n<p style=\"text-align: justify\"><span style=\"text-decoration: underline\">Extrait<\/span>\u00a0:\u00a0<strong>\u00ab\u00a0Le r\u00e9gime sioniste est ainsi arriv\u00e9 aux limites de la politique terroriste qui constitue son essence. Greffe de l\u2019imp\u00e9rialisme occidental, il appara\u00eet de plus en plus aux yeux du monde pour ce qu\u2019il est : un produit historique p\u00e9rim\u00e9. Et ce, nous ne le r\u00e9p\u00e9terons jamais assez, gr\u00e2ce \u00e0 la d\u00e9termination et \u00e0 la dignit\u00e9 de la r\u00e9sistance palestinienne\u00a0\u00bb<\/strong><\/p>\n<hr size=\"2\" width=\"100%\" \/>\n<p style=\"text-align: justify\">Saluons la victoire du peuple palestinien \u00e0 Gaza ! Car l\u2019erreur serait de croire que le nombre de martyrs tomb\u00e9s \u00e0 Gaza\u00a0suffit \u00e0 dresser le bilan de l\u2019agression sioniste. L\u2019Etat juif n\u00e9o-nazi a au contraire essuy\u00e9 une d\u00e9faite politique, psychologique et m\u00eame militaire. D\u00e9faite dont il n\u2019est pas pr\u00eat de se remettre, et qui signale le commencement de sa fin.<\/p>\n<div style=\"text-align: justify\"><\/div>\n<p style=\"text-align: justify\"><strong>La r\u00e9sistance palestinienne \u00e0 Gaza est sortie victorieuse des crimes contre l\u2019humanit\u00e9 visant \u00e0 l\u2019an\u00e9antir\u00a0<\/strong>. Il faut prendre toute la mesure de cette victoire et lui rendre l\u2019hommage qu\u2019elle m\u00e9rite, car elle a valeur d\u2019exemple pour tous les peuples du monde qui subissent encore le joug colonial et n\u00e9o-colonial. Elle d\u00e9montre que la lutte arm\u00e9e est la voie l\u00e9gitime et s\u00fbre de la lib\u00e9ration.<\/p>\n<div style=\"text-align: justify\"><\/div>\n<p style=\"text-align: justify\">La le\u00e7on que le peuple palestinien de Gaza a donn\u00e9e au monde, c\u2019est qu\u2019une dissym\u00e9trie abyssale entre les forces arm\u00e9es en pr\u00e9sence ne donne pas n\u00e9cessairement l\u2019avantage au plus fort militairement. Cette le\u00e7on, le peuple alg\u00e9rien et le peuple vietnamien l\u2019avaient d\u00e9j\u00e0 donn\u00e9e quand ils avaient affront\u00e9 victorieusement les arm\u00e9es coloniales de la France et des Etats-Unis. Les pratiques coloniales d\u2019extermination ne sauraient venir \u00e0 bout d\u2019une r\u00e9sistance populaire et organis\u00e9e.<\/p>\n<div style=\"text-align: justify\"><\/div>\n<div style=\"text-align: justify\"><\/div>\n<p style=\"text-align: justify\">L\u2019agression barbare isra\u00e9lienne, commise de fa\u00e7on pr\u00e9m\u00e9dit\u00e9e, \u00e9tait la 2<sup>\u00e8me<\/sup>\u00a0\u00e9tape de la guerre imp\u00e9rialo-sioniste contre Gaza. La 1<sup>\u00e8re<\/sup>\u00a0\u00e9tape en \u00e9tait le blocus qu\u2019Isra\u00ebl et les Etats-Unis, appuy\u00e9s par l\u2019Europe, les r\u00e9gimes arabes corrompus et l\u2019Autorit\u00e9 palestinienne collaborationniste, avaient impos\u00e9 \u00e0 Gaza. L\u2019objectif politique ? Provoquer un soul\u00e8vement de la population palestinienne contre le Hamas sorti victorieux des \u00e9lections en janvier 2006, diviser la r\u00e9sistance et livrer Gaza \u00e0 l\u2019Autorit\u00e9 palestinienne pro-sioniste.<\/p>\n<div style=\"text-align: justify\"><\/div>\n<p style=\"text-align: justify\">Cet objectif n\u2019ayant pas \u00e9t\u00e9 atteint par le blocus, le r\u00e9gime sioniste n\u00e9o-nazi est pass\u00e9 \u00e0 la 2<sup>\u00e8me<\/sup>\u00a0\u00e9tape de son plan d\u2019an\u00e9antissement de la r\u00e9sistance. Son arm\u00e9e a attaqu\u00e9 sauvagement un peuple affam\u00e9 par ce blocus, priv\u00e9 d\u2019eau potable, de m\u00e9dicaments, de gaz et d\u2019\u00e9lectricit\u00e9. Elle a bombard\u00e9 des \u00e9coles, des h\u00f4pitaux, des mosqu\u00e9es, des ambulances. Elle a assassin\u00e9 des enfants, des femmes, des vieillards. Elle a exp\u00e9riment\u00e9 sur la population gazaouie de nouvelles armes qui mutilent les corps d\u2019une fa\u00e7on atroce. Elle a d\u00e9truit tout ce qu\u2019elle pouvait d\u00e9truire d\u2019infrastructures civiles.<\/p>\n<div style=\"text-align: justify\"><\/div>\n<p style=\"text-align: justify\">Mais l\u00e0 encore, l\u2019entit\u00e9 sioniste n\u2019a su atteindre son objectif\u2026A Gaza, une nouvelle fois et avec un courage extraordinaire, le peuple palestinien a fait corps avec la r\u00e9sistance men\u00e9e par le Hamas.<\/p>\n<div style=\"text-align: justify\"><\/div>\n<div style=\"text-align: justify\"><\/div>\n<p style=\"text-align: justify\">Conduite par une strat\u00e9gie stupide, la force m\u00e8ne tout droit \u00e0 la d\u00e9faite. La tentative isra\u00e9lienne de se d\u00e9barrasser de la r\u00e9sistance et avec elle son fer de lance, le Hamas, a compl\u00e8tement \u00e9chou\u00e9. Non seulement le Hamas n\u2019est pas mort, mais il a encore accru sa popularit\u00e9, au d\u00e9triment d\u2019une Autorit\u00e9 palestinienne per\u00e7ue de plus en plus comme ill\u00e9gitime. La barbarie sioniste a provoqu\u00e9 d\u2019\u00e9normes soul\u00e8vements populaires en faveur du Hamas, \u00e0 l\u2019int\u00e9rieur de la Palestine comme \u00e0 l\u2019ext\u00e9rieur. Partout dans le monde ont eu lieu des manifestations de solidarit\u00e9 avec la r\u00e9sistance palestinienne, qui est devenue le nouvel embl\u00e8me de la lutte de lib\u00e9ration des peuples colonis\u00e9s et opprim\u00e9s. Partout dans le monde le sionisme a \u00e9t\u00e9 d\u00e9sign\u00e9 comme le nouveau fascisme \u00e0 combattre .<\/p>\n<div style=\"text-align: justify\"><\/div>\n<p style=\"text-align: justify\">Car partout l\u2019opinion populaire, rattachant l\u2019agression de Gaza \u00e0 l\u2019histoire g\u00e9n\u00e9rale de la Palestine, prend de plus en plus conscience de la nature raciste et criminelle de l\u2019Etat d\u2019Isra\u00ebl.<\/p>\n<div style=\"text-align: justify\"><\/div>\n<p style=\"text-align: justify\">L\u2019\u00e9chec sioniste n\u2019est pas seulement politique. Il est aussi militaire et psychologique. Militaire, car les forces sionistes, bien \u00e0 l\u2019abri dans leurs bombardiers criminels, ont d\u00fb abandonner piteusement le terrain d\u00e8s qu\u2019il s\u2019est agi d\u2019affronter une gu\u00e9rilla au sol. Le \u00ab cessez-le-feu \u00bb n\u2019est d\u2019ailleurs que la couverture de leur pitoyable retraite. Psychologique, car loin de redorer son blason apr\u00e8s sa d\u00e9bandade au Liban en 2006, l\u2019arm\u00e9e sioniste a fait \u00e0 nouveau les frais de l\u2019arme la plus redoutable et la plus invincible au monde : une r\u00e9sistance courageuse, bien pr\u00e9par\u00e9e et bien organis\u00e9e.<\/p>\n<div style=\"text-align: justify\"><\/div>\n<div style=\"text-align: justify\"><\/div>\n<p style=\"text-align: justify\">A Gaza, Isra\u00ebl a touch\u00e9 les limites de sa politique coloniale. Les sionistes n\u00e9o-nazis et leurs alli\u00e9s sont d\u00e9sormais confront\u00e9s \u00e0 leur propre impuissance \u00e0 an\u00e9antir la r\u00e9sistance et \u00e0 trouver un semblant de l\u00e9gitimit\u00e9 dans l\u2019opinion mondiale. Car de ce point de vue, ce n\u2019est pas du tout le peuple palestinien qui se trouve marginalis\u00e9 : bien au contraire, c\u2019est la population juive d\u2019Isra\u00ebl, qui constitue d\u00e9sormais le seul soutien moral \u00ab populaire \u00bb de cet Etat.<\/p>\n<div style=\"text-align: justify\"><\/div>\n<p style=\"text-align: justify\">La d\u00e9faite des sionistes est si cuisante qu\u2019il ne leur reste plus que le harc\u00e8lement. C\u2019est pourquoi \u00e0 l\u2019heure actuelle, l\u2019arm\u00e9e isra\u00e9lienne poursuit ses incursions criminelles dans la Bande de Gaza, massacrant aveugl\u00e9ment des Palestiniens, et ce depuis un \u00ab cessez-le-feu \u00bb qui n\u2019a jamais exist\u00e9.<\/p>\n<div style=\"text-align: justify\"><\/div>\n<p style=\"text-align: justify\">Or le harc\u00e8lement est l\u2019ultime recours de ceux qui s\u2019obstinent \u00e0 refuser de voir leur \u00e9chec en face. Car tous les pitoyables stratag\u00e8mes des sionistes ne sauraient cacher la v\u00e9rit\u00e9 : celle de la d\u00e9faite isra\u00e9lienne \u00e0 Gaza. Ce nouvel \u00e9chec entame un peu plus le projet colonial et raciste d\u2019un \u00ab Grand Isra\u00ebl \u00bb ma\u00eetre du Moyen-Orient. Et peut-\u00eatre m\u00eame celui d\u2019un Isra\u00ebl tout court, d\u2019un Etat \u00ab pour les juifs \u00bb sur la terre de Palestine\u2026<\/p>\n<div><\/div>\n<p>&nbsp;<\/p>\n<div><\/div>\n<p style=\"text-align: justify\"><strong>Le r\u00e9gime sioniste est ainsi arriv\u00e9 aux limites de la politique terroriste qui constitue son essence. Greffe de l\u2019imp\u00e9rialisme occidental, il appara\u00eet de plus en plus aux yeux du monde pour ce qu\u2019il est : un produit historique p\u00e9rim\u00e9. Et ce, nous ne le r\u00e9p\u00e9terons jamais assez, gr\u00e2ce \u00e0 la d\u00e9termination et \u00e0 la dignit\u00e9 de la r\u00e9sistance palestinienne.<\/strong><\/p>\n<div><\/div>\n<p>&nbsp;<\/p>\n<div><\/div>\n<p style=\"text-align: justify\"><strong>Plus que jamais nous devons condamner le sionisme, id\u00e9ologie criminelle, raciste et colonialiste. Nous devons r\u00e9affirmer que la Palestine est arabe et soutenir la r\u00e9sistance du peuple palestinien jusqu\u2019\u00e0 la victoire et la satisfaction de ses revendications l\u00e9gitimes :<\/strong><\/p>\n<div><\/div>\n<p><strong>&gt; la fin de l\u2019occupation<\/strong><\/p>\n<div><\/div>\n<p><strong>&gt; le droit \u00e0 l\u2019autod\u00e9termination<\/strong><\/p>\n<div><\/div>\n<p><strong>&gt; la reconnaissance du droit inali\u00e9nable au retour de tous les r\u00e9fugi\u00e9s chez eux<\/strong><\/p>\n<div><\/div>\n<p><strong>&gt; la lib\u00e9ration de tous les r\u00e9sistants emprisonn\u00e9s<\/strong><\/p>\n<div><\/div>\n<p>&nbsp;<\/p>\n<div><\/div>\n<p>&nbsp;<\/p>\n<div><\/div>\n<p><strong>COMITE ACTION PALESTINE<\/strong><\/p>\n<div><\/div>\n<p><strong><span style=\"text-decoration: underline\"><a href=\"http:\/\/www.comiteactionpalestine.org\/\" target=\"_blank\">www.comiteactionpalestine.org<\/a><\/span>\u00a0<a href=\"mailto:actionpalestine@hotmail.com\">actionpalestine@hotmail.com<\/a><\/strong><\/p>\n<div><\/div>\n<p>6bis, rue de Janeau 33100 Bordeaux T\u00e9l : 06 74 60 02 36<\/p>\n<p>&nbsp;<\/td>\n<\/tr>\n<\/tbody>\n<\/table>\n","protected":false},"excerpt":{"rendered":"<p>le 11\/2\/2009 0:30:00\u00a0(667 lectures) Le Comit\u00e9 Action Palestine revient sur\u00a0 l&rsquo;\u00e9chec des dirigeants sionistes \u00e0 Gaza. Extrait\u00a0:\u00a0\u00ab\u00a0Le r\u00e9gime sioniste est ainsi arriv\u00e9 aux limites de la politique terroriste qui constitue son essence. Greffe de l\u2019imp\u00e9rialisme occidental, il appara\u00eet de plus en plus aux yeux du monde pour ce qu\u2019il est : un produit historique p\u00e9rim\u00e9. [&hellip;]<\/p>\n","protected":false},"author":2,"featured_media":723,"comment_status":"closed","ping_status":"closed","sticky":false,"template":"","format":"standard","meta":{"footnotes":""},"categories":[7],"tags":[],"class_list":["post-722","post","type-post","status-publish","format-standard","has-post-thumbnail","hentry","category-revolution-palestinienne"],"views":2443,"_links":{"self":[{"href":"http:\/\/www.comiteactionpalestine.org\/word\/wp-json\/wp\/v2\/posts\/722","targetHints":{"allow":["GET"]}}],"collection":[{"href":"http:\/\/www.comiteactionpalestine.org\/word\/wp-json\/wp\/v2\/posts"}],"about":[{"href":"http:\/\/www.comiteactionpalestine.org\/word\/wp-json\/wp\/v2\/types\/post"}],"author":[{"embeddable":true,"href":"http:\/\/www.comiteactionpalestine.org\/word\/wp-json\/wp\/v2\/users\/2"}],"replies":[{"embeddable":true,"href":"http:\/\/www.comiteactionpalestine.org\/word\/wp-json\/wp\/v2\/comments?post=722"}],"version-history":[{"count":4,"href":"http:\/\/www.comiteactionpalestine.org\/word\/wp-json\/wp\/v2\/posts\/722\/revisions"}],"predecessor-version":[{"id":727,"href":"http:\/\/www.comiteactionpalestine.org\/word\/wp-json\/wp\/v2\/posts\/722\/revisions\/727"}],"wp:featuredmedia":[{"embeddable":true,"href":"http:\/\/www.comiteactionpalestine.org\/word\/wp-json\/wp\/v2\/media\/723"}],"wp:attachment":[{"href":"http:\/\/www.comiteactionpalestine.org\/word\/wp-json\/wp\/v2\/media?parent=722"}],"wp:term":[{"taxonomy":"category","embeddable":true,"href":"http:\/\/www.comiteactionpalestine.org\/word\/wp-json\/wp\/v2\/categories?post=722"},{"taxonomy":"post_tag","embeddable":true,"href":"http:\/\/www.comiteactionpalestine.org\/word\/wp-json\/wp\/v2\/tags?post=722"}],"curies":[{"name":"wp","href":"https:\/\/api.w.org\/{rel}","templated":true}]}}