{"id":616,"date":"2013-05-25T13:50:25","date_gmt":"2013-05-25T12:50:25","guid":{"rendered":"http:\/\/www.comiteactionpalestine.org\/word\/?p=616"},"modified":"2014-05-04T13:18:50","modified_gmt":"2014-05-04T12:18:50","slug":"declaration-de-georges-ibrahim-abdallah-18-mai-2013","status":"publish","type":"post","link":"http:\/\/www.comiteactionpalestine.org\/word\/declaration-de-georges-ibrahim-abdallah-18-mai-2013\/","title":{"rendered":"D\u00e9claration de Georges Ibrahim Abdallah &#8211; 18 mai 2013"},"content":{"rendered":"<div class=\"pdfprnt-buttons pdfprnt-buttons-post pdfprnt-top-right\"><a href=\"http:\/\/www.comiteactionpalestine.org\/word\/wp-json\/wp\/v2\/posts\/616?print=pdf\" class=\"pdfprnt-button pdfprnt-button-pdf\" target=\"_blank\"><img decoding=\"async\" src=\"http:\/\/www.comiteactionpalestine.org\/word\/wp-content\/plugins\/pdf-print\/images\/pdf.png\" alt=\"image_pdf\" title=\"Afficher le PDF\" \/><\/a><a href=\"http:\/\/www.comiteactionpalestine.org\/word\/wp-json\/wp\/v2\/posts\/616?print=print\" class=\"pdfprnt-button pdfprnt-button-print\" target=\"_blank\"><img decoding=\"async\" src=\"http:\/\/www.comiteactionpalestine.org\/word\/wp-content\/plugins\/pdf-print\/images\/print.png\" alt=\"image_print\" title=\"Contenu imprim\u00e9\" \/><\/a><\/div><p><span style=\"text-align: justify; line-height: 1.5em;\">D\u00e9claration de Georges Ibrahim Abdallah, prisonnier politique libanais emprisonn\u00e9 en France depuis 1984, du samedi 18 mai 2013.<\/span><\/p>\n<p style=\"text-align: justify;\">\u00ab\u00a0Certainement, ce n&rsquo;est pas en cherchant des astuces judiciaires ici et l\u00e0 que l&rsquo;on fait face \u00e0 leur criminel acharnement, mais plut\u00f4t en affirmant une d\u00e9termination in\u00e9branlable dans la lutte contre leur criminel syst\u00e8me imp\u00e9rialiste.\u00a0\u00bb Georges Abdallah<\/p>\n<p style=\"text-align: justify;\"><iframe src=\"http:\/\/www.dailymotion.com\/embed\/video\/x1074f9\" width=\"480\" height=\"270\" frameborder=\"0\" allowfullscreen=\"allowfullscreen\"><\/iframe><\/p>\n","protected":false},"excerpt":{"rendered":"<p>D\u00e9claration de Georges Ibrahim Abdallah, prisonnier politique libanais emprisonn\u00e9 en France depuis 1984, du samedi 18 mai 2013. \u00ab\u00a0Certainement, ce n&rsquo;est pas en cherchant des astuces judiciaires ici et l\u00e0 que l&rsquo;on fait face \u00e0 leur criminel acharnement, mais plut\u00f4t en affirmant une d\u00e9termination in\u00e9branlable dans la lutte contre leur criminel syst\u00e8me imp\u00e9rialiste.\u00a0\u00bb Georges Abdallah<\/p>\n","protected":false},"author":1,"featured_media":617,"comment_status":"closed","ping_status":"closed","sticky":false,"template":"","format":"standard","meta":{"footnotes":""},"categories":[28,27],"tags":[],"class_list":["post-616","post","type-post","status-publish","format-standard","has-post-thumbnail","hentry","category-sionisme-en-france","category-videos"],"views":5736,"_links":{"self":[{"href":"http:\/\/www.comiteactionpalestine.org\/word\/wp-json\/wp\/v2\/posts\/616","targetHints":{"allow":["GET"]}}],"collection":[{"href":"http:\/\/www.comiteactionpalestine.org\/word\/wp-json\/wp\/v2\/posts"}],"about":[{"href":"http:\/\/www.comiteactionpalestine.org\/word\/wp-json\/wp\/v2\/types\/post"}],"author":[{"embeddable":true,"href":"http:\/\/www.comiteactionpalestine.org\/word\/wp-json\/wp\/v2\/users\/1"}],"replies":[{"embeddable":true,"href":"http:\/\/www.comiteactionpalestine.org\/word\/wp-json\/wp\/v2\/comments?post=616"}],"version-history":[{"count":13,"href":"http:\/\/www.comiteactionpalestine.org\/word\/wp-json\/wp\/v2\/posts\/616\/revisions"}],"predecessor-version":[{"id":1994,"href":"http:\/\/www.comiteactionpalestine.org\/word\/wp-json\/wp\/v2\/posts\/616\/revisions\/1994"}],"wp:featuredmedia":[{"embeddable":true,"href":"http:\/\/www.comiteactionpalestine.org\/word\/wp-json\/wp\/v2\/media\/617"}],"wp:attachment":[{"href":"http:\/\/www.comiteactionpalestine.org\/word\/wp-json\/wp\/v2\/media?parent=616"}],"wp:term":[{"taxonomy":"category","embeddable":true,"href":"http:\/\/www.comiteactionpalestine.org\/word\/wp-json\/wp\/v2\/categories?post=616"},{"taxonomy":"post_tag","embeddable":true,"href":"http:\/\/www.comiteactionpalestine.org\/word\/wp-json\/wp\/v2\/tags?post=616"}],"curies":[{"name":"wp","href":"https:\/\/api.w.org\/{rel}","templated":true}]}}