{"id":4808,"date":"2025-10-18T08:53:25","date_gmt":"2025-10-18T07:53:25","guid":{"rendered":"http:\/\/www.comiteactionpalestine.org\/word\/?p=4808"},"modified":"2025-10-18T08:54:34","modified_gmt":"2025-10-18T07:54:34","slug":"revolution-palestinienne-barbarie-sioniste","status":"publish","type":"post","link":"http:\/\/www.comiteactionpalestine.org\/word\/revolution-palestinienne-barbarie-sioniste\/","title":{"rendered":"R\u00e9volution palestinienne, barbarie sioniste"},"content":{"rendered":"<div class=\"pdfprnt-buttons pdfprnt-buttons-post pdfprnt-top-right\"><a href=\"http:\/\/www.comiteactionpalestine.org\/word\/wp-json\/wp\/v2\/posts\/4808?print=pdf\" class=\"pdfprnt-button pdfprnt-button-pdf\" target=\"_blank\"><img decoding=\"async\" src=\"http:\/\/www.comiteactionpalestine.org\/word\/wp-content\/plugins\/pdf-print\/images\/pdf.png\" alt=\"image_pdf\" title=\"Afficher le PDF\" \/><\/a><a href=\"http:\/\/www.comiteactionpalestine.org\/word\/wp-json\/wp\/v2\/posts\/4808?print=print\" class=\"pdfprnt-button pdfprnt-button-print\" target=\"_blank\"><img decoding=\"async\" src=\"http:\/\/www.comiteactionpalestine.org\/word\/wp-content\/plugins\/pdf-print\/images\/print.png\" alt=\"image_print\" title=\"Contenu imprim\u00e9\" \/><\/a><\/div>\n<p>Comit\u00e9 Action Palestine, le 18 Octobre 2025<\/p>\n\n\n\n<p>\u00ab Isra\u00ebl se trouve en premi\u00e8re ligne du face-\u00e0-face entre la barbarie et la civilisation \u00bb, a d\u00e9clar\u00e9 le boucher de Tel-Aviv, Benyamin Netanyahou. A l\u2019instar des Occidentaux \u00e0 l\u2019\u00e9poque de la colonisation de l\u2019Afrique et de l\u2019Asie, les sionistes affichent ostensiblement leur racisme. Ils sont les h\u00e9ritiers id\u00e9ologiques et culturels du 19<sup>\u00e8me<\/sup> si\u00e8cle lorsque les Europ\u00e9ens justifiaient les massacres coloniaux et l\u2019esclavage des nations soumises par la force des canons et des ba\u00efonnettes. En qualifiant les Palestiniens de barbares, le boucher de Tel-Aviv rend le g\u00e9nocide acceptable. II justifie ce qui \u00e9tait encore r\u00e9cemment impensable. Il justifie l\u2019injustifiable en s\u2019adressant aux \u00ab Isra\u00e9liens \u00bb, mais aussi \u00e0 cette partie du monde occidental encore habit\u00e9e par ses vieux d\u00e9mons coloniaux et racistes. Les sionistes ont pens\u00e9 et planifi\u00e9 la colonisation de la Palestine dans une Europe coloniale. Le sionisme est bien le produit pourri d\u2019un Occident colonial sans \u00e9tat d\u2019\u00e2me quand il s\u2019agit de massacrer, d\u2019exploiter et piller les trois quarts des habitants de la plan\u00e8te.<\/p>\n\n\n\n<p><br>Lorsque les Occidentaux s\u2019inqui\u00e8tent du sort des cadavres des \u00ab otages isra\u00e9liens \u00bb encore ensevelis sous les d\u00e9combres et n\u2019ont pas une seule pens\u00e9e pour les milliers de Palestiniens disparus, ce n\u2019est rien d\u2019autre que du racisme \u00e0 l\u2019\u00e9tat pur. Que vaut un Palestinien aux yeux des Occidentaux et des \u00abIsra\u00e9liens\u00bb? Rien. Les Palestiniens sont exclus de l\u2019humanit\u00e9. Des animaux humains selon un dirigeant \u00ab isra\u00e9lien \u00bb. Le racisme a justifi\u00e9 le g\u00e9nocide et justifiera encore toutes les atrocit\u00e9s sionistes. Si les \u00ab Isra\u00e9liens \u00bb pensent et agissent comme au 19<sup>\u00e8me<\/sup> si\u00e8cle, ils n\u2019ont pas vu que le 20<sup>\u00e8me<\/sup> si\u00e8cle a \u00e9t\u00e9 celui des r\u00e9volutions anticolonialistes. Le monde a boug\u00e9 et profond\u00e9ment boug\u00e9. Les peuples n\u2019en ont pas termin\u00e9 avec la r\u00e9volution au long cours qui consiste \u00e0 se r\u00e9approprier leur souverainet\u00e9. Les Palestiniens sont les h\u00e9ritiers de cette tendance irr\u00e9versible. De cette tendance historique de lib\u00e9ration des peuples. Le 21<sup>\u00e8me<\/sup> si\u00e8cle parach\u00e8vera l\u2019\u0153uvre grandiose des peuples.<\/p>\n\n\n\n<p><br>Nous r\u00e9torquons au boucher de Tel-Aviv qu\u2019\u00ab Isra\u00ebl \u00bb est la premi\u00e8re ligne du front de la barbarie imp\u00e9rialiste contre la r\u00e9volution que rien n\u2019arr\u00eatera. Ne voyez-vous pas que, malgr\u00e9 les forces in\u00e9gales, les Palestiniens sont confiants ? Qu\u2019ils sont d\u2019un optimisme incurable ? Certes, ils ont sign\u00e9 un accord de cessez-le-feu et ont fait beaucoup de concessions. Mais la r\u00e9sistance est r\u00e9aliste. Mat\u00e9riellement, elle sait que l\u2019ennemi est plus fort. Il fallait ce cessez-le-feu cruel pour les Palestiniens afin de pr\u00e9parer d\u2019autres batailles. Pour les Palestiniens, c\u2019est une pause tactique. Ils savent que les \u00ab Isra\u00e9liens \u00bb reviendront \u00e0 l\u2019assaut et qu\u2019ils voudront achever leur travail de g\u00e9nocide et voler toutes les terres, \u00e0 Gaza, en Cisjordanie et ailleurs. Ils savent aussi que l\u2019ennemi sioniste ne respectera pas les accords en emp\u00eachant l\u2019aide humanitaire d\u2019entrer \u00e0 Gaza, en tuant et en emprisonnant. Ils ont fait l\u2019exp\u00e9rience de la v\u00e9ritable nature de l\u2019entit\u00e9 sioniste. Gr\u00e2ce \u00e0 leur sacrifice immense, le vrai visage de la b\u00eate immonde sioniste apparait au grand jour. Le visage de la barbarie.<\/p>\n\n\n\n<p><br>Apr\u00e8s deux ans de bataille f\u00e9roce impos\u00e9e par les sionistes, la r\u00e9sistance est toujours l\u00e0. Confiante, pr\u00eate \u00e0 reconstruire Gaza et \u00e0 d\u00e9fendre \u00e0 nouveau le peuple palestinien. Tristes sionistes. Il se rendent compte que rien ne peut venir \u00e0 bout de la r\u00e9sistance palestinienne. Le temps est au r\u00e8glement de comptes entre eux par m\u00e9dias interpos\u00e9s. Alors que dans Gaza en ruine, les Palestiniens ont la t\u00eate haute, unis plus que jamais. Rien ne pourra se mettre en travers de leur volont\u00e9 de vivre libres sur leur terre. Pour r\u00e9pondre aux propos racistes du tueur d\u2019enfants Benyamin Netanyahou, qui peut mieux le faire qu\u2019un Palestinien ? Le journaliste Youssef Far\u00e8s dans un t\u00e9moignage poignant au sujet des 120 corps retrouv\u00e9s apr\u00e8s le retrait \u00ab isra\u00e9lien \u00bb a tenu ce propos marqu\u00e9 par la douleur et la lucidit\u00e9 : \u00ab Les corps de 120 martyrs racontent un voyage de souffrance, de sauvagerie et de folie qui a pr\u00e9c\u00e9d\u00e9 les ex\u00e9cutions sommaires, des yeux band\u00e9s, des mains li\u00e9es, des blessures profondes sur les corps et des traces de br\u00fblures, d\u2019autres corps compl\u00e8tement \u00e9cras\u00e9s par les chenilles des chars, ces corps sont le miroir de la civilisation occidentale \u00bb. Les Palestiniens sont bien la premi\u00e8re ligne de front de cette r\u00e9volution qui fondera un monde o\u00f9 chaque \u00eatre humain vaut un autre \u00eatre humain.<\/p>\n\n\n\n<p><strong>Palestine vivra ! Palestine vaincra !<br>Liban vivra ! Liban vaincra !<br>Y\u00e9men vivra ! Y\u00e9men vaincra !<\/strong><\/p>\n","protected":false},"excerpt":{"rendered":"<p>Comit\u00e9 Action Palestine, le 18 Octobre 2025 \u00ab Isra\u00ebl se trouve en premi\u00e8re ligne du face-\u00e0-face entre la barbarie et la civilisation \u00bb, a d\u00e9clar\u00e9 le boucher de Tel-Aviv, Benyamin Netanyahou. A l\u2019instar des Occidentaux \u00e0 l\u2019\u00e9poque de la colonisation de l\u2019Afrique et de l\u2019Asie, les sionistes affichent ostensiblement leur racisme. Ils sont les h\u00e9ritiers [&hellip;]<\/p>\n","protected":false},"author":1,"featured_media":4809,"comment_status":"closed","ping_status":"closed","sticky":false,"template":"","format":"standard","meta":{"footnotes":""},"categories":[25,26,7],"tags":[],"class_list":["post-4808","post","type-post","status-publish","format-standard","has-post-thumbnail","hentry","category-a-la-une","category-en-avant","category-revolution-palestinienne"],"views":974,"_links":{"self":[{"href":"http:\/\/www.comiteactionpalestine.org\/word\/wp-json\/wp\/v2\/posts\/4808","targetHints":{"allow":["GET"]}}],"collection":[{"href":"http:\/\/www.comiteactionpalestine.org\/word\/wp-json\/wp\/v2\/posts"}],"about":[{"href":"http:\/\/www.comiteactionpalestine.org\/word\/wp-json\/wp\/v2\/types\/post"}],"author":[{"embeddable":true,"href":"http:\/\/www.comiteactionpalestine.org\/word\/wp-json\/wp\/v2\/users\/1"}],"replies":[{"embeddable":true,"href":"http:\/\/www.comiteactionpalestine.org\/word\/wp-json\/wp\/v2\/comments?post=4808"}],"version-history":[{"count":3,"href":"http:\/\/www.comiteactionpalestine.org\/word\/wp-json\/wp\/v2\/posts\/4808\/revisions"}],"predecessor-version":[{"id":4812,"href":"http:\/\/www.comiteactionpalestine.org\/word\/wp-json\/wp\/v2\/posts\/4808\/revisions\/4812"}],"wp:featuredmedia":[{"embeddable":true,"href":"http:\/\/www.comiteactionpalestine.org\/word\/wp-json\/wp\/v2\/media\/4809"}],"wp:attachment":[{"href":"http:\/\/www.comiteactionpalestine.org\/word\/wp-json\/wp\/v2\/media?parent=4808"}],"wp:term":[{"taxonomy":"category","embeddable":true,"href":"http:\/\/www.comiteactionpalestine.org\/word\/wp-json\/wp\/v2\/categories?post=4808"},{"taxonomy":"post_tag","embeddable":true,"href":"http:\/\/www.comiteactionpalestine.org\/word\/wp-json\/wp\/v2\/tags?post=4808"}],"curies":[{"name":"wp","href":"https:\/\/api.w.org\/{rel}","templated":true}]}}