{"id":4749,"date":"2025-07-19T09:03:31","date_gmt":"2025-07-19T08:03:31","guid":{"rendered":"https:\/\/www.comiteactionpalestine.org\/word\/?p=4749"},"modified":"2025-07-19T09:04:56","modified_gmt":"2025-07-19T08:04:56","slug":"enfin-libre","status":"publish","type":"post","link":"http:\/\/www.comiteactionpalestine.org\/word\/enfin-libre\/","title":{"rendered":"Enfin libre !"},"content":{"rendered":"<div class=\"pdfprnt-buttons pdfprnt-buttons-post pdfprnt-top-right\"><a href=\"http:\/\/www.comiteactionpalestine.org\/word\/wp-json\/wp\/v2\/posts\/4749?print=pdf\" class=\"pdfprnt-button pdfprnt-button-pdf\" target=\"_blank\"><img decoding=\"async\" src=\"http:\/\/www.comiteactionpalestine.org\/word\/wp-content\/plugins\/pdf-print\/images\/pdf.png\" alt=\"image_pdf\" title=\"Afficher le PDF\" \/><\/a><a href=\"http:\/\/www.comiteactionpalestine.org\/word\/wp-json\/wp\/v2\/posts\/4749?print=print\" class=\"pdfprnt-button pdfprnt-button-print\" target=\"_blank\"><img decoding=\"async\" src=\"http:\/\/www.comiteactionpalestine.org\/word\/wp-content\/plugins\/pdf-print\/images\/print.png\" alt=\"image_print\" title=\"Contenu imprim\u00e9\" \/><\/a><\/div>\n<p>Comit\u00e9 Action Palestine, le 17 juillet 2025<\/p>\n\n\n\n<p>\u00ab <em>Partout o\u00f9 l&rsquo;on voit fleurir l&rsquo;espoir et la dignit\u00e9 s&rsquo;affiche en arri\u00e8re-plan le long parcours de la r\u00e9sistance. R\u00e9sister et toujours r\u00e9sister jusqu&rsquo;au changement des rapports de force! <\/em>\u00bb (Georges Abdallah 2009)<\/p>\n\n\n\n<p>Georges Ibrahim Abdallah, r\u00e9sistant libanais, membre du Front Populaire de Lib\u00e9ration de la Palestine,\u00a0 emprisonn\u00e9 en France depuis 1984, sera enfin lib\u00e9r\u00e9 le 25 juillet 2025, apr\u00e8s un combat juridique de plus de 20 ans et 13 demandes de lib\u00e9ration, sachant que sa peine de suret\u00e9 est accomplie depuis 1999. Il est le plus ancien prisonnier politique en Europe.<\/p>\n\n\n\n<p>Quarante et une ann\u00e9es de prison. Toute une vie priv\u00e9e de libert\u00e9 pour avoir d\u00e9fendu l&rsquo;injustice faite au peuple palestinien.\u00a0<\/p>\n\n\n\n<p>Georges Ibrahim Abdallah est le symbole de cette lutte qui dure depuis plus de 100 ans. Qui mieux que lui incarne en France la centralit\u00e9 de la cause palestinienne et de la r\u00e9sistance des peuples palestiniens et libanais face au colonialisme sioniste !\u00a0 Qui mieux que lui incarne l&rsquo;acharnement americano-sioniste envers les peuples libres du monde.\u00a0 Qui mieux que lui, par son maintien en prison pour une dur\u00e9e qui d\u00e9passe tous les \u00ab standards des droits humains \u00bb t\u00e9moigne du r\u00f4le capital que jouent les gouvernements fran\u00e7ais successifs comme agents actifs de l\u2019imp\u00e9rialisme et du sionisme, et de leur fourberie lorsqu&rsquo;ils parlent de droit international.\u00a0 Sa lib\u00e9ration est une immense victoire qui montre que seuls la d\u00e9termination et le fait de ne renier aucun principe politique sont payants en mati\u00e8re de lutte.\u00a0<\/p>\n\n\n\n<p>Le CAP tient \u00e0 exprimer tout son respect \u00e0 Georges Ibrahim Abdallah et veut voir dans sa lib\u00e9ration, un immense espoir pour tous les militants r\u00e9prim\u00e9s et pour la cause du peuple palestinien. Nous saluons \u00e9galement l&rsquo;immense travail de mobilisation de la campagne unitaire pour la lib\u00e9ration de Georges Ibrahim Abdallah, qui pendant des d\u00e9cennies s&rsquo;est battue pour qu&rsquo;il ne tombe pas dans l&rsquo;oubli et pour porter sa voix par del\u00e0 les murs.<\/p>\n\n\n\n<p><\/p>\n\n\n\n<p><\/p>\n","protected":false},"excerpt":{"rendered":"<p>Comit\u00e9 Action Palestine, le 17 juillet 2025 \u00ab Partout o\u00f9 l&rsquo;on voit fleurir l&rsquo;espoir et la dignit\u00e9 s&rsquo;affiche en arri\u00e8re-plan le long parcours de la r\u00e9sistance. R\u00e9sister et toujours r\u00e9sister jusqu&rsquo;au changement des rapports de force! \u00bb (Georges Abdallah 2009) Georges Ibrahim Abdallah, r\u00e9sistant libanais, membre du Front Populaire de Lib\u00e9ration de la Palestine,\u00a0 emprisonn\u00e9 [&hellip;]<\/p>\n","protected":false},"author":1,"featured_media":4752,"comment_status":"closed","ping_status":"closed","sticky":false,"template":"","format":"standard","meta":{"footnotes":""},"categories":[30,5],"tags":[],"class_list":["post-4749","post","type-post","status-publish","format-standard","has-post-thumbnail","hentry","category-actualites","category-communiques"],"views":726,"_links":{"self":[{"href":"http:\/\/www.comiteactionpalestine.org\/word\/wp-json\/wp\/v2\/posts\/4749","targetHints":{"allow":["GET"]}}],"collection":[{"href":"http:\/\/www.comiteactionpalestine.org\/word\/wp-json\/wp\/v2\/posts"}],"about":[{"href":"http:\/\/www.comiteactionpalestine.org\/word\/wp-json\/wp\/v2\/types\/post"}],"author":[{"embeddable":true,"href":"http:\/\/www.comiteactionpalestine.org\/word\/wp-json\/wp\/v2\/users\/1"}],"replies":[{"embeddable":true,"href":"http:\/\/www.comiteactionpalestine.org\/word\/wp-json\/wp\/v2\/comments?post=4749"}],"version-history":[{"count":1,"href":"http:\/\/www.comiteactionpalestine.org\/word\/wp-json\/wp\/v2\/posts\/4749\/revisions"}],"predecessor-version":[{"id":4751,"href":"http:\/\/www.comiteactionpalestine.org\/word\/wp-json\/wp\/v2\/posts\/4749\/revisions\/4751"}],"wp:featuredmedia":[{"embeddable":true,"href":"http:\/\/www.comiteactionpalestine.org\/word\/wp-json\/wp\/v2\/media\/4752"}],"wp:attachment":[{"href":"http:\/\/www.comiteactionpalestine.org\/word\/wp-json\/wp\/v2\/media?parent=4749"}],"wp:term":[{"taxonomy":"category","embeddable":true,"href":"http:\/\/www.comiteactionpalestine.org\/word\/wp-json\/wp\/v2\/categories?post=4749"},{"taxonomy":"post_tag","embeddable":true,"href":"http:\/\/www.comiteactionpalestine.org\/word\/wp-json\/wp\/v2\/tags?post=4749"}],"curies":[{"name":"wp","href":"https:\/\/api.w.org\/{rel}","templated":true}]}}