{"id":4698,"date":"2025-05-25T12:32:44","date_gmt":"2025-05-25T11:32:44","guid":{"rendered":"https:\/\/www.comiteactionpalestine.org\/word\/?p=4698"},"modified":"2025-11-23T20:48:31","modified_gmt":"2025-11-23T19:48:31","slug":"des-larmes-pour-les-palestiniens-et-des-armes-pour-les-israeliens","status":"publish","type":"post","link":"http:\/\/www.comiteactionpalestine.org\/word\/des-larmes-pour-les-palestiniens-et-des-armes-pour-les-israeliens\/","title":{"rendered":"Des larmes pour les Palestiniens et des armes pour les \u00ab\u00a0Isra\u00e9liens\u00a0\u00bb"},"content":{"rendered":"<div class=\"pdfprnt-buttons pdfprnt-buttons-post pdfprnt-top-right\"><a href=\"http:\/\/www.comiteactionpalestine.org\/word\/wp-json\/wp\/v2\/posts\/4698?print=pdf\" class=\"pdfprnt-button pdfprnt-button-pdf\" target=\"_blank\"><img decoding=\"async\" src=\"http:\/\/www.comiteactionpalestine.org\/word\/wp-content\/plugins\/pdf-print\/images\/pdf.png\" alt=\"image_pdf\" title=\"Afficher le PDF\" \/><\/a><a href=\"http:\/\/www.comiteactionpalestine.org\/word\/wp-json\/wp\/v2\/posts\/4698?print=print\" class=\"pdfprnt-button pdfprnt-button-print\" target=\"_blank\"><img decoding=\"async\" src=\"http:\/\/www.comiteactionpalestine.org\/word\/wp-content\/plugins\/pdf-print\/images\/print.png\" alt=\"image_print\" title=\"Contenu imprim\u00e9\" \/><\/a><\/div>\n<p><em>\u00ab\u00a0C\u2019est tout \u00e0 fait scandaleux, ce qu\u2019il s\u2019est pass\u00e9. Ce n&rsquo;est pas du tout surprenant.\u00a0Si l&rsquo;arm\u00e9e s&rsquo;en prend \u00e0 des civils, s&rsquo;en prend \u00e0 des enfants, elle ne fait plus de diff\u00e9rence, elle s&rsquo;en prend \u00e0 des diplomates\u00a0\u00bb<\/em>, a d\u00e9clar\u00e9 l\u2019ancienne ministre fran\u00e7aise des Affaires \u00e9trang\u00e8res, Nathalie Loiseau, \u00e0 la suite des tirs \u00ab\u00a0isra\u00e9liens\u00a0\u00bb contre une d\u00e9l\u00e9gation de diplomates en Cisjordanie. Depuis quelques jours, des personnalit\u00e9s du monde politique, m\u00e9diatique et culturel montrent une audace inhabituelle de leur part \u00e0 l\u2019encontre de l\u2019entit\u00e9 sioniste. Certes ce ne sont que des mots qui expriment timidement une r\u00e9probation de la politique \u00ab\u00a0isra\u00e9lienne\u00a0\u00bb, mais au regard de leur silence de 19 mois cela peut para\u00eetre surprenant. Alors que le g\u00e9nocide a lieu devant les yeux du monde entier depuis le mois d\u2019octobre 2023\u00a0; alors que ces m\u00eames personnalit\u00e9s ont justifi\u00e9 cette politique d\u2019extermination de mani\u00e8re inconditionnelle sous le pr\u00e9texte que les \u00ab\u00a0Isra\u00e9liens\u00a0\u00bb ont le droit de se d\u00e9fendre\u00a0; alors qu\u2019ils ont ferm\u00e9 les yeux devant l\u2019horreur, comment expliquer ce timide changement dans les mots\u00a0?<\/p>\n\n\n\n<p>Bien \u00e9videmment ce n\u2019est qu\u2019une posture morale, car dans les faits l\u2019Etat fran\u00e7ais ne bouge pas. Aucune sanction, qu\u2019elle soit d\u2019ordre \u00e9conomique, politique ou diplomatique. L\u2019union europ\u00e9enne ne fait pas mieux et ne met jamais \u00e0 ex\u00e9cution la moindre menace de sanction. Rien de plus normal puisque l\u2019entit\u00e9 sioniste est le fruit pourri de la politique imp\u00e9rialiste occidentale au Moyen Orient. \u00ab&nbsp;Isra\u00ebl&nbsp;\u00bb a \u00e9t\u00e9 arm\u00e9, financ\u00e9 et soutenu dans toutes ses guerres contre les Palestiniens et les pays frontaliers. L\u2019Occident c\u2019est \u00ab&nbsp;Isra\u00ebl&nbsp;\u00bb et \u00ab&nbsp;Isra\u00ebl&nbsp;\u00bb c\u2019est l\u2019Occident. &nbsp;Le g\u00e9nocide depuis 19 mois n\u2019est pas seulement un g\u00e9nocide \u00ab&nbsp;isra\u00e9lien&nbsp;\u00bb, c\u2019est un g\u00e9nocide occidental tant \u00ab&nbsp;Isra\u00ebl&nbsp;\u00bb a eu le soutien militaire et \u00e9conomique de l\u2019Europe et des Etats-Unis. Sans le soutien occidental massif, \u00ab&nbsp;Isra\u00ebl&nbsp;\u00bb aurait perdu sa guerre coloniale depuis longtemps. Les Etats-Unis et l\u2019Europe n\u2019allaient pas abandonner leur colonie strat\u00e9gique au Moyen-Orient. Et ils n\u2019ont pas l\u2019intention de le faire. Ce serait acc\u00e9l\u00e9rer le d\u00e9clin de leur influence dans le monde.<\/p>\n\n\n\n<p>Cette pleurnicherie tardive n\u2019est que pure hypocrisie&nbsp;! La classe dirigeante fran\u00e7aise sait une chose&nbsp;: l\u2019opinion publique, et pas seulement en France, est plut\u00f4t propalestinienne. Elle sait que le g\u00e9nocide fera date et fera sale dans l\u2019histoire fran\u00e7aise. Les dirigeants fran\u00e7ais essaient aujourd\u2019hui de ramer \u00e0 contre-courant de l\u2019Histoire. Ils rament en esp\u00e9rant que ces larmes seront retenues par ceux qui \u00e9criront un jour objectivement et minutieusement le d\u00e9roul\u00e9 des \u00e9v\u00e8nements sanglants en cours \u00e0 Gaza. Mais rien n\u2019effacera leur r\u00f4le dans le crime monstrueux commis \u00e0 Gaza. Tout le monde voit que l\u2019Occident a conduit lui-m\u00eame la politique coloniale exterminatrice en Palestine. Gaza restera \u00e0 jamais le symbole de ce quoi est capable l\u2019Occident. Le symbole de l\u2019hypocrisie et du double jeu des r\u00e9gimes arabes. Le symbole d\u2019un ordre capitaliste mondial sans piti\u00e9 qui broie les peuples. Un ordre mondial capable de toutes les guerres et des pires atrocit\u00e9s si on ne courbe pas l\u2019\u00e9chine.<\/p>\n\n\n\n<p>L\u2019historien \u00ab\u00a0isra\u00e9lien\u00a0\u00bb Ilan Papp\u00e9 a d\u00e9clar\u00e9 qu\u2019on ne peut pas comprendre le 7 octobre sans comprendre 1948 et l\u2019\u00e9puration ethnique fondatrice de l\u2019Etat \u00ab\u00a0isra\u00e9lien\u00a0\u00bb. 70 % des Gazaouis sont les descendants des r\u00e9fugi\u00e9s chass\u00e9s lors de l\u2019\u00e9puration ethnique de 1948. Ces Gazaouis, parmi les plus d\u00e9sh\u00e9rit\u00e9s de la plan\u00e8te, enferm\u00e9s dans une sorte de camp de concentration depuis deux d\u00e9cennies, sont aussi ceux qui opposent la r\u00e9sistance la plus farouche et la plus d\u00e9termin\u00e9e \u00e0 l\u2019oppression sioniste. Ils r\u00e9sistent \u00e0 la politique des Etats occidentaux qui vise \u00e0 les r\u00e9duire en cendres et \u00e0 jamais au silence. La compassion feinte et tardive des dirigeants fran\u00e7ais fait partie de cette politique. Gaza ne s\u2019y trompe pas. Elle ne peut compter que sur elle-m\u00eame. Les Palestiniens connaissent parfaitement le mensonge occidental. Ils font face et feront toujours face aux usurpateurs sionistes et \u00e0 leurs parrains occidentaux.<\/p>\n\n\n\n<p>Palestine vivra&nbsp;! Palestine vaincra&nbsp;!<\/p>\n\n\n\n<p>Liban vivra ! Liban vaincra<\/p>\n\n\n\n<p>Yemen vivra ! Yemen vaincra !<\/p>\n\n\n\n<p>Comit\u00e9 Action Palestine, 24 mai 2025<\/p>\n\n\n\n<p><\/p>\n\n\n\n<p><\/p>\n","protected":false},"excerpt":{"rendered":"<p>\u00ab\u00a0C\u2019est tout \u00e0 fait scandaleux, ce qu\u2019il s\u2019est pass\u00e9. Ce n&rsquo;est pas du tout surprenant.\u00a0Si l&rsquo;arm\u00e9e s&rsquo;en prend \u00e0 des civils, s&rsquo;en prend \u00e0 des enfants, elle ne fait plus de diff\u00e9rence, elle s&rsquo;en prend \u00e0 des diplomates\u00a0\u00bb, a d\u00e9clar\u00e9 l\u2019ancienne ministre fran\u00e7aise des Affaires \u00e9trang\u00e8res, Nathalie Loiseau, \u00e0 la suite des tirs \u00ab\u00a0isra\u00e9liens\u00a0\u00bb contre [&hellip;]<\/p>\n","protected":false},"author":1,"featured_media":4702,"comment_status":"closed","ping_status":"closed","sticky":false,"template":"","format":"standard","meta":{"footnotes":""},"categories":[15],"tags":[],"class_list":["post-4698","post","type-post","status-publish","format-standard","has-post-thumbnail","hentry","category-sionisme-dans-le-monde"],"views":629,"_links":{"self":[{"href":"http:\/\/www.comiteactionpalestine.org\/word\/wp-json\/wp\/v2\/posts\/4698","targetHints":{"allow":["GET"]}}],"collection":[{"href":"http:\/\/www.comiteactionpalestine.org\/word\/wp-json\/wp\/v2\/posts"}],"about":[{"href":"http:\/\/www.comiteactionpalestine.org\/word\/wp-json\/wp\/v2\/types\/post"}],"author":[{"embeddable":true,"href":"http:\/\/www.comiteactionpalestine.org\/word\/wp-json\/wp\/v2\/users\/1"}],"replies":[{"embeddable":true,"href":"http:\/\/www.comiteactionpalestine.org\/word\/wp-json\/wp\/v2\/comments?post=4698"}],"version-history":[{"count":2,"href":"http:\/\/www.comiteactionpalestine.org\/word\/wp-json\/wp\/v2\/posts\/4698\/revisions"}],"predecessor-version":[{"id":4703,"href":"http:\/\/www.comiteactionpalestine.org\/word\/wp-json\/wp\/v2\/posts\/4698\/revisions\/4703"}],"wp:featuredmedia":[{"embeddable":true,"href":"http:\/\/www.comiteactionpalestine.org\/word\/wp-json\/wp\/v2\/media\/4702"}],"wp:attachment":[{"href":"http:\/\/www.comiteactionpalestine.org\/word\/wp-json\/wp\/v2\/media?parent=4698"}],"wp:term":[{"taxonomy":"category","embeddable":true,"href":"http:\/\/www.comiteactionpalestine.org\/word\/wp-json\/wp\/v2\/categories?post=4698"},{"taxonomy":"post_tag","embeddable":true,"href":"http:\/\/www.comiteactionpalestine.org\/word\/wp-json\/wp\/v2\/tags?post=4698"}],"curies":[{"name":"wp","href":"https:\/\/api.w.org\/{rel}","templated":true}]}}