{"id":4675,"date":"2025-04-26T08:56:24","date_gmt":"2025-04-26T07:56:24","guid":{"rendered":"http:\/\/www.comiteactionpalestine.org\/word\/?p=4675"},"modified":"2025-11-23T21:00:06","modified_gmt":"2025-11-23T20:00:06","slug":"pour-la-palestine-contre-lindustrie-de-la-guerre","status":"publish","type":"post","link":"http:\/\/www.comiteactionpalestine.org\/word\/pour-la-palestine-contre-lindustrie-de-la-guerre\/","title":{"rendered":"Pour la Palestine, contre l&rsquo;industrie de la guerre"},"content":{"rendered":"<div class=\"pdfprnt-buttons pdfprnt-buttons-post pdfprnt-top-right\"><a href=\"http:\/\/www.comiteactionpalestine.org\/word\/wp-json\/wp\/v2\/posts\/4675?print=pdf\" class=\"pdfprnt-button pdfprnt-button-pdf\" target=\"_blank\"><img decoding=\"async\" src=\"http:\/\/www.comiteactionpalestine.org\/word\/wp-content\/plugins\/pdf-print\/images\/pdf.png\" alt=\"image_pdf\" title=\"Afficher le PDF\" \/><\/a><a href=\"http:\/\/www.comiteactionpalestine.org\/word\/wp-json\/wp\/v2\/posts\/4675?print=print\" class=\"pdfprnt-button pdfprnt-button-print\" target=\"_blank\"><img decoding=\"async\" src=\"http:\/\/www.comiteactionpalestine.org\/word\/wp-content\/plugins\/pdf-print\/images\/print.png\" alt=\"image_print\" title=\"Contenu imprim\u00e9\" \/><\/a><\/div>\n<p>Comit\u00e9 Action Palestine, le 26 avril 2025<\/p>\n\n\n\n<p>L\u2019Espagne n\u2019est pas la France. Elle ne se contente pas de d\u00e9clarations creuses sur la reconnaissance d\u2019un Etat palestinien. Elle agit et prend des mesures concr\u00e8tes contre \u00ab\u00a0Isra\u00ebl\u00a0\u00bb. Yolanda Diaz, la ministre du Travail, a obtenu du gouvernement espagnol l\u2019annulation unilat\u00e9rale d\u2019un contrat d\u2019armement avec l\u2019entit\u00e9 sioniste.\u00a0Depuis le d\u00e9but du g\u00e9nocide \u00e0 Gaza, l\u2019Espagne a tenu une ligne politique claire. Yolanda Diaz n\u2019a pas h\u00e9sit\u00e9 \u00e0 d\u00e9clarer que son pays <em>\u00ab\u00a0ne peut acheter des armes \u00e0 un gouvernement qui massacre le peuple palestinien<\/em>\u00a0\u00bb, ajoutant que la guerre \u00ab\u00a0isra\u00e9lienne\u00a0\u00bb \u00e0 Gaza est un \u00ab\u00a0<em>authentique g\u00e9nocide<\/em>\u00a0\u00bb. On ne peut \u00eatre plus clair\u00a0! On est loin de l\u2019ambiance au sein du gouvernement fran\u00e7ais. Non l\u2019Espagne n\u2019est pas la France. Elle n\u2019a pas peur. Elle agit m\u00eame si ses d\u00e9cisions peuvent aller parfois \u00e0 l\u2019encontre de ses int\u00e9r\u00eats \u00e9conomiques.<\/p>\n\n\n\n<p>La France&nbsp;? Pas une seule mesure n\u2019a \u00e9t\u00e9 prise contre \u00ab&nbsp;Isra\u00ebl&nbsp;\u00bb. Bien au contraire. Emmanuel Macron a toujours manifest\u00e9 son soutien inconditionnel \u00e0 \u00ab&nbsp;Isra\u00ebl&nbsp;\u00bb. Il a crach\u00e9 sur le droit international en assurant \u00e0 Benyamin Netanyahou qu\u2019il ne serait pas arr\u00eat\u00e9 en France malgr\u00e9 le mandat d\u2019arr\u00eat de la Cour p\u00e9nale internationale. La France pays des droits de l\u2019Homme&nbsp;? Le mythe vient d\u00e9finitivement de tomber. Le gouvernement fran\u00e7ais est m\u00eame un soutien z\u00e9l\u00e9 de la politique coloniale sanglante en Palestine. Le moindre propos de soutien \u00e0 la r\u00e9sistance palestinienne peut valoir \u00e0 des militants d\u2019\u00eatre arr\u00eat\u00e9s, jug\u00e9s et condamn\u00e9s. Les soutiens de la cause des Palestiniens sont aujourd\u2019hui nombreux \u00e0 avoir exp\u00e9riment\u00e9 la r\u00e9pression dans la suppos\u00e9e \u00ab&nbsp;patrie des droits de l\u2019homme&nbsp;\u00bb. Sciences Po Paris a exclu hier des \u00e9tudiants. Leur tort&nbsp;? Avoir d\u00e9nonc\u00e9 le g\u00e9nocide en cours \u00e0 Gaza m\u00e9thodiquement mis en \u0153uvre par les amis \u00ab&nbsp;isra\u00e9liens&nbsp;\u00bb du gouvernement fran\u00e7ais&nbsp;!<\/p>\n\n\n\n<p>La v\u00e9rit\u00e9 doit \u00eatre tue quand les Palestiniens sont tu\u00e9s en masse. Toujours la m\u00eame histoire, celle de la colonisation, celle du racisme qui justifie le crime pour maintenir la domination occidentale. Tout est b\u00e9n\u00e9fice. Vendre des armes, \u00e7a rapporte. Les armes permettent de massacrer un peuple pour maintenir la domination occidentale sur le monde et piller les ressources strat\u00e9giques dont a besoin le capitalisme. Derri\u00e8re les beaux mots, les mots \u00ab&nbsp;d\u00e9mocratie&nbsp;\u00bb, \u00ab&nbsp;droits de l\u2019homme&nbsp;\u00bb, \u00ab&nbsp;Etat de droit&nbsp;\u00bb, il y a la r\u00e9alit\u00e9. Celle de la guerre et du sang qu\u2019on fait payer aux peuples si par malheur ils r\u00e9sistent ou osent d\u00e9fier l\u2019ordre mondial. Il y a la r\u00e9alit\u00e9 des dividendes distribu\u00e9s aux actionnaires am\u00e9ricains ou fran\u00e7ais lorsque les entreprises d\u2019armement font des profits mirobolants. La vie ne compte pas. Seul compte l\u2019enrichissement des industriels et des banquiers. Chaque b\u00e9b\u00e9 palestinien tu\u00e9 par une bombe d\u2019une tonne est une assurance pour l\u2019industriel ou le banquier que l\u2019avenir reste prometteur. C\u2019est la r\u00e9alit\u00e9 monstrueuse du capitalisme occidental.<\/p>\n\n\n\n<p>\u00ab&nbsp;<em>Seule la v\u00e9rit\u00e9 est r\u00e9volutionnaire<\/em>&nbsp;\u00bb \u00e9crivait L\u00e9nine. Alors il faut dire et r\u00e9p\u00e9ter inlassablement que les Palestiniens ont raison. Ils ont raison de r\u00e9sister \u00e0 la barbarie coloniale. Il faut dire que les militants en France et ailleurs dans le monde ont raison de soutenir la cause du peuple palestinien et d\u00e9noncer la collaboration de leurs gouvernements avec l\u2019entit\u00e9 sioniste g\u00e9nocidaire et tueuse d\u2019enfants. Il faut d\u00e9noncer ces banquiers et ces industriels qui vivent du sang des peuples. Il faut dire que la plupart des r\u00e9gimes arabes sont au premier rang des responsables du g\u00e9nocide \u00e0 Gaza. Cette v\u00e9rit\u00e9 doit \u00eatre dite haut et fort, partout et tout le temps. Sans trembler. Le monde doit \u00eatre chang\u00e9. Si soutenir la lutte des colonis\u00e9s et des d\u00e9sh\u00e9rit\u00e9s est r\u00e9volutionnaire alors vive la r\u00e9volution&nbsp;! Vive la r\u00e9volution palestinienne&nbsp;!<\/p>\n\n\n\n<p><strong>Palestine vivra ! Palestine vaincra !<\/strong><\/p>\n\n\n\n<p><strong>Liban vivra ! Liban vaincra !<\/strong><\/p>\n\n\n\n<p><strong>Y\u00e9men vivra ! Y\u00e9men vaincra !<\/strong><\/p>\n\n\n\n<p>Image con\u00e7ue par intelligence artificielle par Comit\u00e9 Action Palestine<\/p>\n\n\n\n<p><\/p>\n","protected":false},"excerpt":{"rendered":"<p>Comit\u00e9 Action Palestine, le 26 avril 2025 L\u2019Espagne n\u2019est pas la France. Elle ne se contente pas de d\u00e9clarations creuses sur la reconnaissance d\u2019un Etat palestinien. Elle agit et prend des mesures concr\u00e8tes contre \u00ab\u00a0Isra\u00ebl\u00a0\u00bb. Yolanda Diaz, la ministre du Travail, a obtenu du gouvernement espagnol l\u2019annulation unilat\u00e9rale d\u2019un contrat d\u2019armement avec l\u2019entit\u00e9 sioniste.\u00a0Depuis le [&hellip;]<\/p>\n","protected":false},"author":1,"featured_media":4676,"comment_status":"closed","ping_status":"closed","sticky":false,"template":"","format":"standard","meta":{"footnotes":""},"categories":[25,13],"tags":[],"class_list":["post-4675","post","type-post","status-publish","format-standard","has-post-thumbnail","hentry","category-a-la-une","category-imperialisme-resistances"],"views":1073,"_links":{"self":[{"href":"http:\/\/www.comiteactionpalestine.org\/word\/wp-json\/wp\/v2\/posts\/4675","targetHints":{"allow":["GET"]}}],"collection":[{"href":"http:\/\/www.comiteactionpalestine.org\/word\/wp-json\/wp\/v2\/posts"}],"about":[{"href":"http:\/\/www.comiteactionpalestine.org\/word\/wp-json\/wp\/v2\/types\/post"}],"author":[{"embeddable":true,"href":"http:\/\/www.comiteactionpalestine.org\/word\/wp-json\/wp\/v2\/users\/1"}],"replies":[{"embeddable":true,"href":"http:\/\/www.comiteactionpalestine.org\/word\/wp-json\/wp\/v2\/comments?post=4675"}],"version-history":[{"count":2,"href":"http:\/\/www.comiteactionpalestine.org\/word\/wp-json\/wp\/v2\/posts\/4675\/revisions"}],"predecessor-version":[{"id":4678,"href":"http:\/\/www.comiteactionpalestine.org\/word\/wp-json\/wp\/v2\/posts\/4675\/revisions\/4678"}],"wp:featuredmedia":[{"embeddable":true,"href":"http:\/\/www.comiteactionpalestine.org\/word\/wp-json\/wp\/v2\/media\/4676"}],"wp:attachment":[{"href":"http:\/\/www.comiteactionpalestine.org\/word\/wp-json\/wp\/v2\/media?parent=4675"}],"wp:term":[{"taxonomy":"category","embeddable":true,"href":"http:\/\/www.comiteactionpalestine.org\/word\/wp-json\/wp\/v2\/categories?post=4675"},{"taxonomy":"post_tag","embeddable":true,"href":"http:\/\/www.comiteactionpalestine.org\/word\/wp-json\/wp\/v2\/tags?post=4675"}],"curies":[{"name":"wp","href":"https:\/\/api.w.org\/{rel}","templated":true}]}}