{"id":4236,"date":"2024-01-04T21:17:56","date_gmt":"2024-01-04T20:17:56","guid":{"rendered":"http:\/\/www.comiteactionpalestine.org\/word\/?p=4236"},"modified":"2024-02-18T11:05:52","modified_gmt":"2024-02-18T10:05:52","slug":"la-palestine-en-50-portraits-rencontre-dedicace-avec-sabri-giroud","status":"publish","type":"post","link":"http:\/\/www.comiteactionpalestine.org\/word\/la-palestine-en-50-portraits-rencontre-dedicace-avec-sabri-giroud\/","title":{"rendered":"La Palestine en 50 portraits, rencontre-d\u00e9dicace avec Sabri Giroud &#8211; 10 janvier"},"content":{"rendered":"<div class=\"pdfprnt-buttons pdfprnt-buttons-post pdfprnt-top-right\"><a href=\"http:\/\/www.comiteactionpalestine.org\/word\/wp-json\/wp\/v2\/posts\/4236?print=pdf\" class=\"pdfprnt-button pdfprnt-button-pdf\" target=\"_blank\"><img decoding=\"async\" src=\"http:\/\/www.comiteactionpalestine.org\/word\/wp-content\/plugins\/pdf-print\/images\/pdf.png\" alt=\"image_pdf\" title=\"Afficher le PDF\" \/><\/a><a href=\"http:\/\/www.comiteactionpalestine.org\/word\/wp-json\/wp\/v2\/posts\/4236?print=print\" class=\"pdfprnt-button pdfprnt-button-print\" target=\"_blank\"><img decoding=\"async\" src=\"http:\/\/www.comiteactionpalestine.org\/word\/wp-content\/plugins\/pdf-print\/images\/print.png\" alt=\"image_print\" title=\"Contenu imprim\u00e9\" \/><\/a><\/div>\n<p>Mercredi 10 Janvier \u00e0 18h30<\/p>\n\n\n\n<p>March\u00e9 des Douves, 4 rue des Douves, Bordeaux<\/p>\n\n\n\n<p>Historien franco-palestinien r\u00e9sident \u00e0 J\u00e9rusalem, Sabri Giroud pourra apporter un \u00e9clairage sur l&rsquo;actualit\u00e9.<\/p>\n\n\n\n<p>\u00ab Expuls\u00e9s des lieux comme du temps, les Palestiniens souffrent jusqu\u2019\u00e0 ce jour du d\u00e9ni de leur existence, de leurs racines, de leur avenir. Un collectif international d&rsquo;arch\u00e9ologues, d&rsquo;historiens, d&rsquo;anthropologues, de chercheurs en sciences sociales ou politiques et de journalistes dressent ici les portraits d\u2019hommes et de femmes, illustres ou inconnus, r\u00e9v\u00e9lant \u00e0 la fois des trajectoires individuelles et des pans de l\u2019histoire<br>intellectuelle et politique de la Palestine, des profondeurs de la pr\u00e9histoire jusqu\u2019\u00e0 nos jours. \u00bb<\/p>\n\n\n\n<p><a href=\"https:\/\/facebook.com\/events\/s\/la-palestine-en-50-portraits-r\/896833138513360\/\">https:\/\/facebook.com\/events\/s\/la-palestine-en-50-portraits-r\/896833138513360\/<\/a><\/p>\n\n\n\n<p><\/p>\n","protected":false},"excerpt":{"rendered":"<p>Mercredi 10 Janvier \u00e0 18h30 March\u00e9 des Douves, 4 rue des Douves, Bordeaux Historien franco-palestinien r\u00e9sident \u00e0 J\u00e9rusalem, Sabri Giroud pourra apporter un \u00e9clairage sur l&rsquo;actualit\u00e9. \u00ab Expuls\u00e9s des lieux comme du temps, les Palestiniens souffrent jusqu\u2019\u00e0 ce jour du d\u00e9ni de leur existence, de leurs racines, de leur avenir. Un collectif international d&rsquo;arch\u00e9ologues, d&rsquo;historiens, [&hellip;]<\/p>\n","protected":false},"author":1,"featured_media":4237,"comment_status":"closed","ping_status":"closed","sticky":false,"template":"","format":"standard","meta":{"footnotes":""},"categories":[19,10],"tags":[],"class_list":["post-4236","post","type-post","status-publish","format-standard","has-post-thumbnail","hentry","category-actions","category-histoire-et-colonisation-de-la-palestine"],"views":1055,"_links":{"self":[{"href":"http:\/\/www.comiteactionpalestine.org\/word\/wp-json\/wp\/v2\/posts\/4236","targetHints":{"allow":["GET"]}}],"collection":[{"href":"http:\/\/www.comiteactionpalestine.org\/word\/wp-json\/wp\/v2\/posts"}],"about":[{"href":"http:\/\/www.comiteactionpalestine.org\/word\/wp-json\/wp\/v2\/types\/post"}],"author":[{"embeddable":true,"href":"http:\/\/www.comiteactionpalestine.org\/word\/wp-json\/wp\/v2\/users\/1"}],"replies":[{"embeddable":true,"href":"http:\/\/www.comiteactionpalestine.org\/word\/wp-json\/wp\/v2\/comments?post=4236"}],"version-history":[{"count":3,"href":"http:\/\/www.comiteactionpalestine.org\/word\/wp-json\/wp\/v2\/posts\/4236\/revisions"}],"predecessor-version":[{"id":4241,"href":"http:\/\/www.comiteactionpalestine.org\/word\/wp-json\/wp\/v2\/posts\/4236\/revisions\/4241"}],"wp:featuredmedia":[{"embeddable":true,"href":"http:\/\/www.comiteactionpalestine.org\/word\/wp-json\/wp\/v2\/media\/4237"}],"wp:attachment":[{"href":"http:\/\/www.comiteactionpalestine.org\/word\/wp-json\/wp\/v2\/media?parent=4236"}],"wp:term":[{"taxonomy":"category","embeddable":true,"href":"http:\/\/www.comiteactionpalestine.org\/word\/wp-json\/wp\/v2\/categories?post=4236"},{"taxonomy":"post_tag","embeddable":true,"href":"http:\/\/www.comiteactionpalestine.org\/word\/wp-json\/wp\/v2\/tags?post=4236"}],"curies":[{"name":"wp","href":"https:\/\/api.w.org\/{rel}","templated":true}]}}