{"id":4168,"date":"2023-12-02T22:36:15","date_gmt":"2023-12-02T21:36:15","guid":{"rendered":"http:\/\/www.comiteactionpalestine.org\/word\/?p=4168"},"modified":"2023-12-08T10:15:59","modified_gmt":"2023-12-08T09:15:59","slug":"lenjeu-des-prisonniers-pour-le-peuple-palestinien-soiree-debat-le-7-decembre-18h30-a-bordeaux","status":"publish","type":"post","link":"http:\/\/www.comiteactionpalestine.org\/word\/lenjeu-des-prisonniers-pour-le-peuple-palestinien-soiree-debat-le-7-decembre-18h30-a-bordeaux\/","title":{"rendered":"L&rsquo;enjeu des prisonniers pour le peuple palestinien : soir\u00e9e-d\u00e9bat, le 7 d\u00e9cembre, 18h30 \u00e0 Bordeaux"},"content":{"rendered":"<div class=\"pdfprnt-buttons pdfprnt-buttons-post pdfprnt-top-right\"><a href=\"http:\/\/www.comiteactionpalestine.org\/word\/wp-json\/wp\/v2\/posts\/4168?print=pdf\" class=\"pdfprnt-button pdfprnt-button-pdf\" target=\"_blank\"><img decoding=\"async\" src=\"http:\/\/www.comiteactionpalestine.org\/word\/wp-content\/plugins\/pdf-print\/images\/pdf.png\" alt=\"image_pdf\" title=\"Afficher le PDF\" \/><\/a><a href=\"http:\/\/www.comiteactionpalestine.org\/word\/wp-json\/wp\/v2\/posts\/4168?print=print\" class=\"pdfprnt-button pdfprnt-button-print\" target=\"_blank\"><img decoding=\"async\" src=\"http:\/\/www.comiteactionpalestine.org\/word\/wp-content\/plugins\/pdf-print\/images\/print.png\" alt=\"image_print\" title=\"Contenu imprim\u00e9\" \/><\/a><\/div>\n<p>Le Comit\u00e9 Action Palestine vous invite \u00e0 la projection d&rsquo;un film suivi d&rsquo;un d\u00e9bat<\/p>\n\n\n\n<p class=\"has-text-align-center\"><strong>Jeudi 7 d\u00e9cembre \u00e0 18h30<\/strong><\/p>\n\n\n\n<p class=\"has-text-align-center\"><strong>au march\u00e9 des Douves<\/strong><\/p>\n\n\n\n<p class=\"has-text-align-center\"><strong>4 bis rue des Douves \u00e0 Bordeaux<\/strong> (pr\u00e8s du March\u00e9 des Capucins)<\/p>\n\n\n\n<p>Depuis le 7 octobre, plus de 15 000 Palestiniens ont \u00e9t\u00e9 tu\u00e9s par les bombardements israeliens. L\u2019arm\u00e9e isra\u00e9lienne tue et d\u00e9truit jour et nuit dans la bande de Gaza. Elle est prise d\u2019une forme de rage g\u00e9nocidaire qui s\u2019abat sur tous les Palestiniens. Une guerre totale a \u00e9t\u00e9 engag\u00e9e contre Gaza apr\u00e8s que la r\u00e9sistance ait d\u00e9cid\u00e9 ce jour du 7 octobre, par une op\u00e9ration audacieuse, de faire des prisonniers isra\u00e9liens pour les \u00e9changer contre 5000 prisonniers palestiniens. <\/p>\n\n\n\n<p>La question des prisonniers est prioritaire pour la r\u00e9sistance et toute la soci\u00e9t\u00e9 palestinienne. Ne rien faire c\u2019est abandonner une partie de son peuple qui croupit dans les ge\u00f4les sinistres de l\u2019ennemi sioniste. La r\u00e9sistance ne pouvait laisser entre les mains du tortionnaire sioniste ces hommes, ces femmes et ces enfants consid\u00e9r\u00e9s \u00e0 juste titre comme les h\u00e9ros de la nation palestinienne. L\u2019humiliation et les tortures subies dans la prison par chaque prisonnier est une humiliation ressentie par toute la soci\u00e9t\u00e9 palestinienne. <\/p>\n\n\n\n<p>Comme elle l&rsquo;a d\u00e9j\u00e0 fait \u00e0 plusieurs reprises dans le pass\u00e9, la r\u00e9sistance se devait d\u2019agir pour sortir les prisonniers de cet espace de non droit et de d\u00e9ni de justice absolu. La lib\u00e9ration de la Palestine passera forc\u00e9ment par la lib\u00e9ration de tous les prisonniers.<\/p>\n\n\n\n<p>Comit\u00e9 Action Palestine<\/p>\n\n\n\n<p> <\/p>\n","protected":false},"excerpt":{"rendered":"<p>Le Comit\u00e9 Action Palestine vous invite \u00e0 la projection d&rsquo;un film suivi d&rsquo;un d\u00e9bat Jeudi 7 d\u00e9cembre \u00e0 18h30 au march\u00e9 des Douves 4 bis rue des Douves \u00e0 Bordeaux (pr\u00e8s du March\u00e9 des Capucins) Depuis le 7 octobre, plus de 15 000 Palestiniens ont \u00e9t\u00e9 tu\u00e9s par les bombardements israeliens. L\u2019arm\u00e9e isra\u00e9lienne tue et [&hellip;]<\/p>\n","protected":false},"author":1,"featured_media":4172,"comment_status":"closed","ping_status":"closed","sticky":false,"template":"","format":"standard","meta":{"footnotes":""},"categories":[19,5,9],"tags":[],"class_list":["post-4168","post","type-post","status-publish","format-standard","has-post-thumbnail","hentry","category-actions","category-communiques","category-prisonniers"],"views":1007,"_links":{"self":[{"href":"http:\/\/www.comiteactionpalestine.org\/word\/wp-json\/wp\/v2\/posts\/4168","targetHints":{"allow":["GET"]}}],"collection":[{"href":"http:\/\/www.comiteactionpalestine.org\/word\/wp-json\/wp\/v2\/posts"}],"about":[{"href":"http:\/\/www.comiteactionpalestine.org\/word\/wp-json\/wp\/v2\/types\/post"}],"author":[{"embeddable":true,"href":"http:\/\/www.comiteactionpalestine.org\/word\/wp-json\/wp\/v2\/users\/1"}],"replies":[{"embeddable":true,"href":"http:\/\/www.comiteactionpalestine.org\/word\/wp-json\/wp\/v2\/comments?post=4168"}],"version-history":[{"count":3,"href":"http:\/\/www.comiteactionpalestine.org\/word\/wp-json\/wp\/v2\/posts\/4168\/revisions"}],"predecessor-version":[{"id":4174,"href":"http:\/\/www.comiteactionpalestine.org\/word\/wp-json\/wp\/v2\/posts\/4168\/revisions\/4174"}],"wp:featuredmedia":[{"embeddable":true,"href":"http:\/\/www.comiteactionpalestine.org\/word\/wp-json\/wp\/v2\/media\/4172"}],"wp:attachment":[{"href":"http:\/\/www.comiteactionpalestine.org\/word\/wp-json\/wp\/v2\/media?parent=4168"}],"wp:term":[{"taxonomy":"category","embeddable":true,"href":"http:\/\/www.comiteactionpalestine.org\/word\/wp-json\/wp\/v2\/categories?post=4168"},{"taxonomy":"post_tag","embeddable":true,"href":"http:\/\/www.comiteactionpalestine.org\/word\/wp-json\/wp\/v2\/tags?post=4168"}],"curies":[{"name":"wp","href":"https:\/\/api.w.org\/{rel}","templated":true}]}}