{"id":4086,"date":"2023-11-06T09:01:52","date_gmt":"2023-11-06T08:01:52","guid":{"rendered":"https:\/\/www.comiteactionpalestine.org\/word\/?p=4086"},"modified":"2023-11-25T10:59:19","modified_gmt":"2023-11-25T09:59:19","slug":"soiree-de-solidarite-avec-les-orphelins-de-palestine","status":"publish","type":"post","link":"http:\/\/www.comiteactionpalestine.org\/word\/soiree-de-solidarite-avec-les-orphelins-de-palestine\/","title":{"rendered":"Soir\u00e9e de solidarit\u00e9 avec les orphelins de Palestine"},"content":{"rendered":"<div class=\"pdfprnt-buttons pdfprnt-buttons-post pdfprnt-top-right\"><a href=\"http:\/\/www.comiteactionpalestine.org\/word\/wp-json\/wp\/v2\/posts\/4086?print=pdf\" class=\"pdfprnt-button pdfprnt-button-pdf\" target=\"_blank\"><img decoding=\"async\" src=\"http:\/\/www.comiteactionpalestine.org\/word\/wp-content\/plugins\/pdf-print\/images\/pdf.png\" alt=\"image_pdf\" title=\"Afficher le PDF\" \/><\/a><a href=\"http:\/\/www.comiteactionpalestine.org\/word\/wp-json\/wp\/v2\/posts\/4086?print=print\" class=\"pdfprnt-button pdfprnt-button-print\" target=\"_blank\"><img decoding=\"async\" src=\"http:\/\/www.comiteactionpalestine.org\/word\/wp-content\/plugins\/pdf-print\/images\/print.png\" alt=\"image_print\" title=\"Contenu imprim\u00e9\" \/><\/a><\/div>\n<figure class=\"wp-block-image size-full\"><a href=\"https:\/\/www.comiteactionpalestine.org\/word\/wp-content\/uploads\/2023\/11\/image.png\"><img fetchpriority=\"high\" decoding=\"async\" width=\"836\" height=\"960\" src=\"https:\/\/www.comiteactionpalestine.org\/word\/wp-content\/uploads\/2023\/11\/image.png\" alt=\"\" class=\"wp-image-4087\" srcset=\"http:\/\/www.comiteactionpalestine.org\/word\/wp-content\/uploads\/2023\/11\/image.png 836w, http:\/\/www.comiteactionpalestine.org\/word\/wp-content\/uploads\/2023\/11\/image-261x300.png 261w, http:\/\/www.comiteactionpalestine.org\/word\/wp-content\/uploads\/2023\/11\/image-768x882.png 768w\" sizes=\"(max-width: 836px) 100vw, 836px\" \/><\/a><\/figure>\n\n\n\n<p>Le Comit\u00e9 Action Palestine organise ce vendredi 10 novembre une soir\u00e9e de solidarit\u00e9 avec les orphelins de Palestine.<\/p>\n\n\n\n<p>Venez nombreux rencontrer l&rsquo;Association Des Orphelins de Palestine (ADOP-France) et partager son engagement aupr\u00e8s des enfants de Palestine.<\/p>\n\n\n\n<p><strong>Vendredi 10 novembre 19h30, March\u00e9 des Douves, 4 rue des Douves, Bordeaux.<\/strong><\/p>\n\n\n\n<p><strong>Ouvert \u00e0 tous!<\/strong><\/p>\n\n\n\n<p><em>\u00ab\u00a0L\u2019association des orphelins de Palestine (ADOP France), cr\u00e9\u00e9e pour accompagner et soutenir les enfants de Palestine, vient en aide \u00e0 des orphelins et des familles en d\u00e9tresse.\u00a0\u00bb<\/em><\/p>\n\n\n\n<p> <\/p>\n\n\n\n<p><\/p>\n\n\n\n<p><\/p>\n","protected":false},"excerpt":{"rendered":"<p>Le Comit\u00e9 Action Palestine organise ce vendredi 10 novembre une soir\u00e9e de solidarit\u00e9 avec les orphelins de Palestine. Venez nombreux rencontrer l&rsquo;Association Des Orphelins de Palestine (ADOP-France) et partager son engagement aupr\u00e8s des enfants de Palestine. Vendredi 10 novembre 19h30, March\u00e9 des Douves, 4 rue des Douves, Bordeaux. Ouvert \u00e0 tous! \u00ab\u00a0L\u2019association des orphelins de [&hellip;]<\/p>\n","protected":false},"author":1,"featured_media":4088,"comment_status":"closed","ping_status":"closed","sticky":false,"template":"","format":"standard","meta":{"footnotes":""},"categories":[19,12],"tags":[],"class_list":["post-4086","post","type-post","status-publish","format-standard","has-post-thumbnail","hentry","category-actions","category-refugies-droit-au-retour"],"views":832,"_links":{"self":[{"href":"http:\/\/www.comiteactionpalestine.org\/word\/wp-json\/wp\/v2\/posts\/4086","targetHints":{"allow":["GET"]}}],"collection":[{"href":"http:\/\/www.comiteactionpalestine.org\/word\/wp-json\/wp\/v2\/posts"}],"about":[{"href":"http:\/\/www.comiteactionpalestine.org\/word\/wp-json\/wp\/v2\/types\/post"}],"author":[{"embeddable":true,"href":"http:\/\/www.comiteactionpalestine.org\/word\/wp-json\/wp\/v2\/users\/1"}],"replies":[{"embeddable":true,"href":"http:\/\/www.comiteactionpalestine.org\/word\/wp-json\/wp\/v2\/comments?post=4086"}],"version-history":[{"count":1,"href":"http:\/\/www.comiteactionpalestine.org\/word\/wp-json\/wp\/v2\/posts\/4086\/revisions"}],"predecessor-version":[{"id":4089,"href":"http:\/\/www.comiteactionpalestine.org\/word\/wp-json\/wp\/v2\/posts\/4086\/revisions\/4089"}],"wp:featuredmedia":[{"embeddable":true,"href":"http:\/\/www.comiteactionpalestine.org\/word\/wp-json\/wp\/v2\/media\/4088"}],"wp:attachment":[{"href":"http:\/\/www.comiteactionpalestine.org\/word\/wp-json\/wp\/v2\/media?parent=4086"}],"wp:term":[{"taxonomy":"category","embeddable":true,"href":"http:\/\/www.comiteactionpalestine.org\/word\/wp-json\/wp\/v2\/categories?post=4086"},{"taxonomy":"post_tag","embeddable":true,"href":"http:\/\/www.comiteactionpalestine.org\/word\/wp-json\/wp\/v2\/tags?post=4086"}],"curies":[{"name":"wp","href":"https:\/\/api.w.org\/{rel}","templated":true}]}}