{"id":4035,"date":"2023-10-14T17:50:18","date_gmt":"2023-10-14T16:50:18","guid":{"rendered":"https:\/\/www.comiteactionpalestine.org\/word\/?p=4035"},"modified":"2023-11-03T21:58:20","modified_gmt":"2023-11-03T20:58:20","slug":"criminalisation-du-soutien-a-la-palestine","status":"publish","type":"post","link":"http:\/\/www.comiteactionpalestine.org\/word\/criminalisation-du-soutien-a-la-palestine\/","title":{"rendered":"Criminalisation du soutien \u00e0 la Palestine"},"content":{"rendered":"<div class=\"pdfprnt-buttons pdfprnt-buttons-post pdfprnt-top-right\"><a href=\"http:\/\/www.comiteactionpalestine.org\/word\/wp-json\/wp\/v2\/posts\/4035?print=pdf\" class=\"pdfprnt-button pdfprnt-button-pdf\" target=\"_blank\"><img decoding=\"async\" src=\"http:\/\/www.comiteactionpalestine.org\/word\/wp-content\/plugins\/pdf-print\/images\/pdf.png\" alt=\"image_pdf\" title=\"Afficher le PDF\" \/><\/a><a href=\"http:\/\/www.comiteactionpalestine.org\/word\/wp-json\/wp\/v2\/posts\/4035?print=print\" class=\"pdfprnt-button pdfprnt-button-print\" target=\"_blank\"><img decoding=\"async\" src=\"http:\/\/www.comiteactionpalestine.org\/word\/wp-content\/plugins\/pdf-print\/images\/print.png\" alt=\"image_print\" title=\"Contenu imprim\u00e9\" \/><\/a><\/div>\n<p>Suite \u00e0 l interdiction par la Pr\u00e9fecture de la manisfestation du 11 octobre 2023 et du rejet du r\u00e9f\u00e9r\u00e9 libert\u00e9 d\u00e9pos\u00e9 aupres du Tribunal administratif de Bordeaux, un rassemblement de 30 minutes a \u00e9t\u00e9 maintenu apr\u00e8s n\u00e9gociation avec les forces de police pr\u00e9sentes sur place.<br>Nous venons d apprendre par voie de presse (Journal Sud-ouest du 13\/10 \u00e0 18h55) que suite \u00e0 ce rassemblement, \u00ab\u00a0une proc\u00e9dure judiciaire a \u00e9t\u00e9 ouverte \u00e0 l&rsquo;\u00e9gard de 4 personnes [\u2026] et l enqu\u00eate confi\u00e9e \u00e0 la s\u00e9curit\u00e9 d\u00e9partementale\u00a0\u00bb. Pour l instant, nous n&rsquo;avons pas confirmation officielle de cette proc\u00e9dure. Nous vous tiendrons inform\u00e9s.<br>Nous tenons d&rsquo;ores et d\u00e9j\u00e0 \u00e0 d\u00e9noncer cette criminalisation honteuse du soutien \u00e0 la cause palestinienne.<\/p>\n\n\n\n<p>14 octobre 2023<\/p>\n\n\n\n<p>Comit\u00e9 Action Palestine<\/p>\n","protected":false},"excerpt":{"rendered":"<p>Suite \u00e0 l interdiction par la Pr\u00e9fecture de la manisfestation du 11 octobre 2023 et du rejet du r\u00e9f\u00e9r\u00e9 libert\u00e9 d\u00e9pos\u00e9 aupres du Tribunal administratif de Bordeaux, un rassemblement de 30 minutes a \u00e9t\u00e9 maintenu apr\u00e8s n\u00e9gociation avec les forces de police pr\u00e9sentes sur place.Nous venons d apprendre par voie de presse (Journal Sud-ouest du [&hellip;]<\/p>\n","protected":false},"author":1,"featured_media":4034,"comment_status":"closed","ping_status":"closed","sticky":false,"template":"","format":"standard","meta":{"footnotes":""},"categories":[25,5,28],"tags":[],"class_list":["post-4035","post","type-post","status-publish","format-standard","has-post-thumbnail","hentry","category-a-la-une","category-communiques","category-sionisme-en-france"],"views":1011,"_links":{"self":[{"href":"http:\/\/www.comiteactionpalestine.org\/word\/wp-json\/wp\/v2\/posts\/4035","targetHints":{"allow":["GET"]}}],"collection":[{"href":"http:\/\/www.comiteactionpalestine.org\/word\/wp-json\/wp\/v2\/posts"}],"about":[{"href":"http:\/\/www.comiteactionpalestine.org\/word\/wp-json\/wp\/v2\/types\/post"}],"author":[{"embeddable":true,"href":"http:\/\/www.comiteactionpalestine.org\/word\/wp-json\/wp\/v2\/users\/1"}],"replies":[{"embeddable":true,"href":"http:\/\/www.comiteactionpalestine.org\/word\/wp-json\/wp\/v2\/comments?post=4035"}],"version-history":[{"count":1,"href":"http:\/\/www.comiteactionpalestine.org\/word\/wp-json\/wp\/v2\/posts\/4035\/revisions"}],"predecessor-version":[{"id":4036,"href":"http:\/\/www.comiteactionpalestine.org\/word\/wp-json\/wp\/v2\/posts\/4035\/revisions\/4036"}],"wp:featuredmedia":[{"embeddable":true,"href":"http:\/\/www.comiteactionpalestine.org\/word\/wp-json\/wp\/v2\/media\/4034"}],"wp:attachment":[{"href":"http:\/\/www.comiteactionpalestine.org\/word\/wp-json\/wp\/v2\/media?parent=4035"}],"wp:term":[{"taxonomy":"category","embeddable":true,"href":"http:\/\/www.comiteactionpalestine.org\/word\/wp-json\/wp\/v2\/categories?post=4035"},{"taxonomy":"post_tag","embeddable":true,"href":"http:\/\/www.comiteactionpalestine.org\/word\/wp-json\/wp\/v2\/tags?post=4035"}],"curies":[{"name":"wp","href":"https:\/\/api.w.org\/{rel}","templated":true}]}}