{"id":4010,"date":"2023-09-23T14:21:15","date_gmt":"2023-09-23T13:21:15","guid":{"rendered":"http:\/\/www.comiteactionpalestine.org\/word\/?p=4010"},"modified":"2023-09-23T17:03:56","modified_gmt":"2023-09-23T16:03:56","slug":"la-violence-populaire-est-une-reponse-a-la-violence-detat","status":"publish","type":"post","link":"http:\/\/www.comiteactionpalestine.org\/word\/la-violence-populaire-est-une-reponse-a-la-violence-detat\/","title":{"rendered":"La violence populaire est une r\u00e9ponse \u00e0 la violence d\u2019Etat"},"content":{"rendered":"<div class=\"pdfprnt-buttons pdfprnt-buttons-post pdfprnt-top-right\"><a href=\"http:\/\/www.comiteactionpalestine.org\/word\/wp-json\/wp\/v2\/posts\/4010?print=pdf\" class=\"pdfprnt-button pdfprnt-button-pdf\" target=\"_blank\"><img decoding=\"async\" src=\"http:\/\/www.comiteactionpalestine.org\/word\/wp-content\/plugins\/pdf-print\/images\/pdf.png\" alt=\"image_pdf\" title=\"Afficher le PDF\" \/><\/a><a href=\"http:\/\/www.comiteactionpalestine.org\/word\/wp-json\/wp\/v2\/posts\/4010?print=print\" class=\"pdfprnt-button pdfprnt-button-print\" target=\"_blank\"><img decoding=\"async\" src=\"http:\/\/www.comiteactionpalestine.org\/word\/wp-content\/plugins\/pdf-print\/images\/print.png\" alt=\"image_print\" title=\"Contenu imprim\u00e9\" \/><\/a><\/div>\n<p>Comit\u00e9 Action Palestine<\/p>\n\n\n\n<p>Le 27 juin 2023 \u00e0 Nanterre, Nahel, 17 ans, est assassin\u00e9 par la police sous l\u2019\u0153il de la cam\u00e9ra d\u2019un passant. Quelques jours apr\u00e8s, dans la nuit du 1 au 2 juillet, la police r\u00e9cidive. C\u2019est au tour de Mohammed 27ans de perdre la vie \u00e0 la suite d\u2019un tir de LBD. La m\u00eame nuit, Hedi, 22ans, re\u00e7oit \u00e9galement une balle de LBD dans le cr\u00e2ne avant d\u2019\u00eatre train\u00e9 dans une ruelle, tabass\u00e9 et laiss\u00e9 pour mort. Il \u00e9chappe \u00e0 celle-ci mais avec d\u2019irr\u00e9parables s\u00e9quelles. Plus r\u00e9cemment le mercredi 6 septembre \u00e0 Elancourt, Sefa&nbsp; 16ans, se fait percuter en scooter par une voiture de police et serait toujours en \u00e9tat de mort c\u00e9r\u00e9brale. Depuis trois d\u00e9cennies, la liste est longue des jeunes Arabes et Noirs assassin\u00e9s dans des circonstances similaires. Face \u00e0 ces crimes, l\u2019histoire semble se r\u00e9p\u00e9ter.&nbsp; En 2005, \u00e0 la suite de la mort de Zyed et Bouna, l\u2019insurrection a dur\u00e9 un mois dans tous les quartiers populaires pour d\u00e9noncer le racisme et les discriminations. En 2023 l\u2019assassinat de Nahel a \u00e9t\u00e9 la goutte d\u2019eau qui a fait d\u00e9border le vase. L\u2019embrasement est massif. En quelques jours, les lieux de repr\u00e9sentation symbolique de l\u2019Etat, des Municipalit\u00e9s, mais aussi les banques et les centres commerciaux qui \u00e9tranglent les quartiers populaires sont syst\u00e9matiquement vis\u00e9s. Les jeunes n\u2019en peuvent plus d\u2019\u00eatre les victimes sans voix de cette soci\u00e9t\u00e9 injuste.<\/p>\n\n\n\n<p>L\u2019ex\u00e9cution film\u00e9e de Nahel a permis au slogan \u00abla police tue\u00bb de ne pouvoir \u00eatre ni\u00e9 par toute une partie de la population. Oui les policiers ont le permis de tuer parce que dans la tr\u00e8s grande majorit\u00e9 des crimes commis, il n\u2019y a pas eu de condamnation. La police tue et la justice cautionne d\u00e8s lors que les victimes sont des habitants des banlieues ou des classes populaires. Les jeunes des quartiers \u00e9copent de la prison ferme pour le moindre signe de r\u00e9bellion et m\u00e9ritent la peine de mort pour la moindre infraction, c\u2019est en substance le message envoy\u00e9 par le pouvoir \u00e0 ses forces s\u00e9curitaires qui agissent en toute impunit\u00e9. <\/p>\n\n\n\n<p>Les m\u00eames causes produisent toujours les m\u00eames effets : la violence \u00e9conomique, la violence polici\u00e8re et le racisme d\u2019Etat g\u00e9n\u00e9reront toujours les m\u00eames r\u00e9actions populaires. La police est une institution par nature violente. C\u2019est son r\u00f4le de r\u00e9primer, voire de tuer. Les Gilets Jaunes et les militants anticapitalistes en ont une conscience aigu\u00eb, eux qui ont aussi eu \u00e0 subir l\u2019extr\u00eame violence de l\u2019appareil policier. Tuer, amputer, \u00e9borgner, matraquer pour que l\u2019ordre des poss\u00e9dants et des capitalistes soit assur\u00e9. La propagande officielle nous raconte toujours la m\u00eame fable quand la police tue : c\u2019est un acte isol\u00e9. Or le nombre d\u2019assassinats de jeunes des quartiers populaires montre parfaitement que la violence est le c\u0153ur qui bat de la police. Le racisme est son \u00e2me. La situation insurrectionnelle dans les quartiers populaires est une cons\u00e9quence logique et l\u00e9gitime. Face \u00e0 une institution polici\u00e8re qui assassine dans l\u2019impunit\u00e9 totale ou presque, il ne reste plus que la r\u00e9volte. Car c\u2019est bien la r\u00e9volte qui a fait que les assassinats de Nahel, Zyad et Bouna font figure d\u2019exception dans la trag\u00e9die de ces quartiers. La tr\u00e8s grande majorit\u00e9 des jeunes tu\u00e9s par la police le sont dans l\u2019indiff\u00e9rence la plus totale.<\/p>\n\n\n\n<p>En effet, malgr\u00e9 la col\u00e8re populaire exprim\u00e9e en 2005, puis en 2023, le meurtre des jeunes de banlieue ne cesse pas. Pourtant la r\u00e9volte et l\u2019\u00e9tablissement d\u2019un rapport de force sont bien les seules options quand la classe politique fait semblant de s\u2019indigner, quand la justice fait semblant de juger et quand la police fait semblant de se r\u00e9former.<\/p>\n\n\n\n<p>Nous saluons la m\u00e9moire de tous ceux tomb\u00e9s sous les balles de la police et nous affirmons qu\u2019il est de notre devoir de soutenir l\u2019expression de la col\u00e8re des quartiers populaires. Nous d\u00e9non\u00e7ons \u00e9galement&nbsp; les tentatives de&nbsp; r\u00e9cup\u00e9ration de cette col\u00e8re l\u00e9gitime par&nbsp; les partis politiques et organisations fran\u00e7aises.<\/p>\n","protected":false},"excerpt":{"rendered":"<p>Comit\u00e9 Action Palestine Le 27 juin 2023 \u00e0 Nanterre, Nahel, 17 ans, est assassin\u00e9 par la police sous l\u2019\u0153il de la cam\u00e9ra d\u2019un passant. Quelques jours apr\u00e8s, dans la nuit du 1 au 2 juillet, la police r\u00e9cidive. C\u2019est au tour de Mohammed 27ans de perdre la vie \u00e0 la suite d\u2019un tir de LBD. [&hellip;]<\/p>\n","protected":false},"author":1,"featured_media":4011,"comment_status":"closed","ping_status":"closed","sticky":false,"template":"","format":"standard","meta":{"footnotes":""},"categories":[19,5,13],"tags":[],"class_list":["post-4010","post","type-post","status-publish","format-standard","has-post-thumbnail","hentry","category-actions","category-communiques","category-imperialisme-resistances"],"views":1920,"_links":{"self":[{"href":"http:\/\/www.comiteactionpalestine.org\/word\/wp-json\/wp\/v2\/posts\/4010","targetHints":{"allow":["GET"]}}],"collection":[{"href":"http:\/\/www.comiteactionpalestine.org\/word\/wp-json\/wp\/v2\/posts"}],"about":[{"href":"http:\/\/www.comiteactionpalestine.org\/word\/wp-json\/wp\/v2\/types\/post"}],"author":[{"embeddable":true,"href":"http:\/\/www.comiteactionpalestine.org\/word\/wp-json\/wp\/v2\/users\/1"}],"replies":[{"embeddable":true,"href":"http:\/\/www.comiteactionpalestine.org\/word\/wp-json\/wp\/v2\/comments?post=4010"}],"version-history":[{"count":2,"href":"http:\/\/www.comiteactionpalestine.org\/word\/wp-json\/wp\/v2\/posts\/4010\/revisions"}],"predecessor-version":[{"id":4016,"href":"http:\/\/www.comiteactionpalestine.org\/word\/wp-json\/wp\/v2\/posts\/4010\/revisions\/4016"}],"wp:featuredmedia":[{"embeddable":true,"href":"http:\/\/www.comiteactionpalestine.org\/word\/wp-json\/wp\/v2\/media\/4011"}],"wp:attachment":[{"href":"http:\/\/www.comiteactionpalestine.org\/word\/wp-json\/wp\/v2\/media?parent=4010"}],"wp:term":[{"taxonomy":"category","embeddable":true,"href":"http:\/\/www.comiteactionpalestine.org\/word\/wp-json\/wp\/v2\/categories?post=4010"},{"taxonomy":"post_tag","embeddable":true,"href":"http:\/\/www.comiteactionpalestine.org\/word\/wp-json\/wp\/v2\/tags?post=4010"}],"curies":[{"name":"wp","href":"https:\/\/api.w.org\/{rel}","templated":true}]}}