{"id":3970,"date":"2023-04-30T11:44:02","date_gmt":"2023-04-30T10:44:02","guid":{"rendered":"http:\/\/www.comiteactionpalestine.org\/word\/?p=3970"},"modified":"2023-04-30T11:44:03","modified_gmt":"2023-04-30T10:44:03","slug":"ricorrenza-della-sospensione-dello-scioglimento-del-comite-action-palestine","status":"publish","type":"post","link":"http:\/\/www.comiteactionpalestine.org\/word\/ricorrenza-della-sospensione-dello-scioglimento-del-comite-action-palestine\/","title":{"rendered":"Ricorrenza della sospensione dello scioglimento del Comit\u00e9 Action Palestine"},"content":{"rendered":"<div class=\"pdfprnt-buttons pdfprnt-buttons-post pdfprnt-top-right\"><a href=\"http:\/\/www.comiteactionpalestine.org\/word\/wp-json\/wp\/v2\/posts\/3970?print=pdf\" class=\"pdfprnt-button pdfprnt-button-pdf\" target=\"_blank\"><img decoding=\"async\" src=\"http:\/\/www.comiteactionpalestine.org\/word\/wp-content\/plugins\/pdf-print\/images\/pdf.png\" alt=\"image_pdf\" title=\"Afficher le PDF\" \/><\/a><a href=\"http:\/\/www.comiteactionpalestine.org\/word\/wp-json\/wp\/v2\/posts\/3970?print=print\" class=\"pdfprnt-button pdfprnt-button-print\" target=\"_blank\"><img decoding=\"async\" src=\"http:\/\/www.comiteactionpalestine.org\/word\/wp-content\/plugins\/pdf-print\/images\/print.png\" alt=\"image_print\" title=\"Contenu imprim\u00e9\" \/><\/a><\/div>\n<p>29 Aprile 2023<\/p>\n\n\n\n<p>Un anno fa, il 29 Aprile 2022, un pronunciamento del Consiglio di Stato ha sospeso il decreto di dissoluzione del <em>Comit\u00e9 Action Palestine <\/em>firmato il 9 Marzo 2022 dal presidente della repubblica Emmanuel Macron. E\u2019 stata una vittoria storica.<\/p>\n\n\n\n<p>In virt\u00f9 dell \u2018articolo L212-1 del Codice della Sicurezza degli Interni, lo Stato ricorreva al manganello per far sparire dalla vita associativa e militante il <em>Comit\u00e9 Action Palestine, <\/em>ritenendo, sulla base di flagranti allegazioni menzognere, che<em>, <\/em>con il pretesto dell\u2019antisionismo, \u00ab <em>incitait \u00e0 la haine, \u00e0 la discrimination et \u00e0 la violence contre un groupe de personnes en raison de leur religion<\/em> \u00bb [incitava all\u2019odio, alla discriminazione e alla violenza contro un gruppo di persone a causa della loro confessione religiosa], in poche parole, all\u2019antisemitismo.<\/p>\n\n\n\n<p>In aggiunta, e come variante, lo Stato non ha esitato ad accusarci di \u00ab <em>soutien et d\u2019incitation au terrorisme sur le territoire et \u00e0 l\u2019\u00e9tranger<\/em> \u00bb [sostenere e incitare atti terroristici in Francia e all\u2019estero] per il nostro supporto senza riserve alla leggittima resistenza del popolo palestinese. Di fronte a tali, pesantissime accuse, inventate e costruite pericolosamente, la via d\u2019uscita in sicurezza da tale situazione, non si prospettava facile per il <em>Comit\u00e9 Action Palestine<\/em>, ma grazie&nbsp; al ricorso in Consiglio di Stato, il decreto di scioglimento pot\u00e9 essere sospeso sine die.<\/p>\n\n\n\n<p>Contrariamente a quanto sostenuto dal Ministero degli Interni, il Consiglio di Stato ha ritenuto che lo scioglimento dell\u2019associazione fosse da considerarsi un grave attacco alle libert\u00e0 d\u2019espressione e d\u2019associazione. La linea della difesa \u00e8 stata chiara. L\u2019associazione ha denunciato le menzogne e le manipolazioni del governo e ha riaffermato i principi politici alla base del suo sostegno al popolo palestinese.<\/p>\n\n\n\n<p>Nel ricorso depositato e durante l\u2019udienza di fronte al Consiglio di Stato la nostra associazione ha onorato le rivendicazioni del popolo palestinese e delle sue principali organizzazioni. Abbiamo, quindi, tenuto a precisare, conformemente alla nostra carta costitutiva, che il <em>Comit\u00e9 Action Palestine<\/em> sostiene la resistenza del popolo palestinese in ogni sua forma e manifestazione e ha ricordato con forza il principio non negoziabile della sovranit\u00e0 dei popoli. In questo modo il Consiglio di Stato ha inferto una sconfitta storica al governo francese.<\/p>\n\n\n\n<p>In un momento in cui i decreti et le minacce di scioglimento delle associazioni si moltiplicano insieme gli attacchi alla libert\u00e0 d\u2019espressione ormai quotidiani, e qualsiasi forma di contestazione viene repressa con violenza dal governo, questa vittoria non \u00e8 soltanto la nostra, ma anche e soprattutto quella di tutti i militanti sinceri. Essa mette in evidenza quanto sia fondamentale non lasciarsi intimidire e portare avanti le lotte a qualunque prezzo!<\/p>\n\n\n\n<p>Viva la Palestina, via il popolo palestinese!<\/p>\n","protected":false},"excerpt":{"rendered":"<p>29 Aprile 2023 Un anno fa, il 29 Aprile 2022, un pronunciamento del Consiglio di Stato ha sospeso il decreto di dissoluzione del Comit\u00e9 Action Palestine firmato il 9 Marzo 2022 dal presidente della repubblica Emmanuel Macron. E\u2019 stata una vittoria storica. In virt\u00f9 dell \u2018articolo L212-1 del Codice della Sicurezza degli Interni, lo Stato [&hellip;]<\/p>\n","protected":false},"author":1,"featured_media":3563,"comment_status":"closed","ping_status":"closed","sticky":false,"template":"","format":"standard","meta":{"footnotes":""},"categories":[30,5],"tags":[],"class_list":["post-3970","post","type-post","status-publish","format-standard","has-post-thumbnail","hentry","category-actualites","category-communiques"],"views":766,"_links":{"self":[{"href":"http:\/\/www.comiteactionpalestine.org\/word\/wp-json\/wp\/v2\/posts\/3970","targetHints":{"allow":["GET"]}}],"collection":[{"href":"http:\/\/www.comiteactionpalestine.org\/word\/wp-json\/wp\/v2\/posts"}],"about":[{"href":"http:\/\/www.comiteactionpalestine.org\/word\/wp-json\/wp\/v2\/types\/post"}],"author":[{"embeddable":true,"href":"http:\/\/www.comiteactionpalestine.org\/word\/wp-json\/wp\/v2\/users\/1"}],"replies":[{"embeddable":true,"href":"http:\/\/www.comiteactionpalestine.org\/word\/wp-json\/wp\/v2\/comments?post=3970"}],"version-history":[{"count":1,"href":"http:\/\/www.comiteactionpalestine.org\/word\/wp-json\/wp\/v2\/posts\/3970\/revisions"}],"predecessor-version":[{"id":3971,"href":"http:\/\/www.comiteactionpalestine.org\/word\/wp-json\/wp\/v2\/posts\/3970\/revisions\/3971"}],"wp:featuredmedia":[{"embeddable":true,"href":"http:\/\/www.comiteactionpalestine.org\/word\/wp-json\/wp\/v2\/media\/3563"}],"wp:attachment":[{"href":"http:\/\/www.comiteactionpalestine.org\/word\/wp-json\/wp\/v2\/media?parent=3970"}],"wp:term":[{"taxonomy":"category","embeddable":true,"href":"http:\/\/www.comiteactionpalestine.org\/word\/wp-json\/wp\/v2\/categories?post=3970"},{"taxonomy":"post_tag","embeddable":true,"href":"http:\/\/www.comiteactionpalestine.org\/word\/wp-json\/wp\/v2\/tags?post=3970"}],"curies":[{"name":"wp","href":"https:\/\/api.w.org\/{rel}","templated":true}]}}