{"id":3928,"date":"2023-03-25T15:26:21","date_gmt":"2023-03-25T14:26:21","guid":{"rendered":"http:\/\/www.comiteactionpalestine.org\/word\/?p=3928"},"modified":"2023-04-02T14:02:41","modified_gmt":"2023-04-02T13:02:41","slug":"appel-a-rassemblement-journee-de-la-terre-en-palestine","status":"publish","type":"post","link":"http:\/\/www.comiteactionpalestine.org\/word\/appel-a-rassemblement-journee-de-la-terre-en-palestine\/","title":{"rendered":"Appel \u00e0 rassemblement : Journ\u00e9e de la terre en Palestine"},"content":{"rendered":"<div class=\"pdfprnt-buttons pdfprnt-buttons-post pdfprnt-top-right\"><a href=\"http:\/\/www.comiteactionpalestine.org\/word\/wp-json\/wp\/v2\/posts\/3928?print=pdf\" class=\"pdfprnt-button pdfprnt-button-pdf\" target=\"_blank\"><img decoding=\"async\" src=\"http:\/\/www.comiteactionpalestine.org\/word\/wp-content\/plugins\/pdf-print\/images\/pdf.png\" alt=\"image_pdf\" title=\"Afficher le PDF\" \/><\/a><a href=\"http:\/\/www.comiteactionpalestine.org\/word\/wp-json\/wp\/v2\/posts\/3928?print=print\" class=\"pdfprnt-button pdfprnt-button-print\" target=\"_blank\"><img decoding=\"async\" src=\"http:\/\/www.comiteactionpalestine.org\/word\/wp-content\/plugins\/pdf-print\/images\/print.png\" alt=\"image_print\" title=\"Contenu imprim\u00e9\" \/><\/a><\/div>\n<p>Soutien \u00e0 la R\u00e9sistance du peuple palestinien<\/p>\n\n\n\n<p><strong>Appel \u00e0 rassemblement, le 1<sup>er<\/sup> avril 2023 \u00e0 15h, place de la Victoire \u00e0 Bordeaux<\/strong><\/p>\n\n\n\n<p>La Palestine est \u00e0 un tournant historique. Alors que les contradictions entre les Isra\u00e9liens s\u2019amplifient la r\u00e9sistance palestinienne, plus d\u00e9termin\u00e9e que jamais, montre son unit\u00e9, sa force et sa capacit\u00e9 \u00e0 atteindre l\u2019ennemi partout o\u00f9 il se trouve. M\u00eame si le prix \u00e0 payer est lourd (pr\u00e8s de 100 Martyrs depuis le d\u00e9but 2023), toujours plus de r\u00e9sistants rejoignent le combat, avec un soutien populaire total.<\/p>\n\n\n\n<p>Le 30 mars prochain, les Palestiniens comm\u00e9moreront la Journ\u00e9e de la terre,jour pendant lequel,en 1976, l\u2019arm\u00e9e sioniste abattait six r\u00e9sistants palestiniens de l\u2019int\u00e9rieur (c\u2019est-\u00e0-dire ceux qui ont pu rester en 1948 apr\u00e8s la cr\u00e9ation par la force de l\u2019Etat d\u2019Isra\u00ebl) pour avoir manifest\u00e9 contre la confiscation de 1700 hectares appartenant \u00e0 des villages palestiniens pour en faire une zone militaire. Cette journ\u00e9e est avant tout symbolique de l\u2019oppression coloniale et la r\u00e9sistance du peuple qui n\u2019a jamais cess\u00e9.<\/p>\n\n\n\n<p>Sur le chemin de la lutte, les Palestiniens nous montrent la voie.&nbsp; Afin d\u2019exprimer tout notre soutien \u00e0 sa&nbsp; r\u00e9sistance h\u00e9ro\u00efque et marquer &nbsp;la Journ\u00e9e de la terre en Palestine, nous vous donnons rendez-vous le 1<sup>er<\/sup> avril \u00e0 15h, place de la Victoire \u00e0 Bordeaux&nbsp;! A cette occasion, nous renouvellerons notre appel \u00e0 la lib\u00e9ration de Georges Ibrahim Abdallah, r\u00e9sistant anti-sioniste, emprisonn\u00e9 en France depuis pr\u00e8s de 40 ans.<\/p>\n\n\n\n<p><\/p>\n\n\n\n<p>Signataires&nbsp;: Comit\u00e9 Action Palestine, Association des \u00e9tudiants alg\u00e9riens de Bordeaux, les Alli\u00e9s de la Paix<\/p>\n","protected":false},"excerpt":{"rendered":"<p>Soutien \u00e0 la R\u00e9sistance du peuple palestinien Appel \u00e0 rassemblement, le 1er avril 2023 \u00e0 15h, place de la Victoire \u00e0 Bordeaux La Palestine est \u00e0 un tournant historique. Alors que les contradictions entre les Isra\u00e9liens s\u2019amplifient la r\u00e9sistance palestinienne, plus d\u00e9termin\u00e9e que jamais, montre son unit\u00e9, sa force et sa capacit\u00e9 \u00e0 atteindre l\u2019ennemi [&hellip;]<\/p>\n","protected":false},"author":1,"featured_media":3929,"comment_status":"closed","ping_status":"closed","sticky":false,"template":"","format":"standard","meta":{"footnotes":""},"categories":[25,19],"tags":[],"class_list":["post-3928","post","type-post","status-publish","format-standard","has-post-thumbnail","hentry","category-a-la-une","category-actions"],"views":844,"_links":{"self":[{"href":"http:\/\/www.comiteactionpalestine.org\/word\/wp-json\/wp\/v2\/posts\/3928","targetHints":{"allow":["GET"]}}],"collection":[{"href":"http:\/\/www.comiteactionpalestine.org\/word\/wp-json\/wp\/v2\/posts"}],"about":[{"href":"http:\/\/www.comiteactionpalestine.org\/word\/wp-json\/wp\/v2\/types\/post"}],"author":[{"embeddable":true,"href":"http:\/\/www.comiteactionpalestine.org\/word\/wp-json\/wp\/v2\/users\/1"}],"replies":[{"embeddable":true,"href":"http:\/\/www.comiteactionpalestine.org\/word\/wp-json\/wp\/v2\/comments?post=3928"}],"version-history":[{"count":3,"href":"http:\/\/www.comiteactionpalestine.org\/word\/wp-json\/wp\/v2\/posts\/3928\/revisions"}],"predecessor-version":[{"id":3942,"href":"http:\/\/www.comiteactionpalestine.org\/word\/wp-json\/wp\/v2\/posts\/3928\/revisions\/3942"}],"wp:featuredmedia":[{"embeddable":true,"href":"http:\/\/www.comiteactionpalestine.org\/word\/wp-json\/wp\/v2\/media\/3929"}],"wp:attachment":[{"href":"http:\/\/www.comiteactionpalestine.org\/word\/wp-json\/wp\/v2\/media?parent=3928"}],"wp:term":[{"taxonomy":"category","embeddable":true,"href":"http:\/\/www.comiteactionpalestine.org\/word\/wp-json\/wp\/v2\/categories?post=3928"},{"taxonomy":"post_tag","embeddable":true,"href":"http:\/\/www.comiteactionpalestine.org\/word\/wp-json\/wp\/v2\/tags?post=3928"}],"curies":[{"name":"wp","href":"https:\/\/api.w.org\/{rel}","templated":true}]}}